{"id":480428,"date":"2025-10-21T21:21:20","date_gmt":"2025-10-21T21:21:20","guid":{"rendered":"https:\/\/www.europesays.com\/fr\/480428\/"},"modified":"2025-10-21T21:21:20","modified_gmt":"2025-10-21T21:21:20","slug":"reservez-votre-place-pour-metz-nice-football-club-de-metz-infos-fc-metz-entrainements-fc-metz","status":"publish","type":"post","link":"https:\/\/www.europesays.com\/fr\/480428\/","title":{"rendered":"R\u00e9servez votre place pour Metz &#8211; Nice | Football Club de Metz &#8211; Infos FC Metz &#8211; Entra\u00eenements FC Metz"},"content":{"rendered":"<p style=\"text-align: justify;\">Le FC Metz affronteront l&rsquo;OGC Nice le\u00a0dimanche 9 novembre\u00a0prochain \u00e0 Saint-Symphorien ! Les Grenats auront\u00a0besoin de toute la ferveur du public\u00a0messin pour aller chercher des points pr\u00e9cieux.<\/p>\n<p style=\"text-align: justify;\">Pour l&rsquo;occasion, le FC Metz met en place une offre Early Bird : d\u00e8s maintenant, et jusqu&rsquo;au dimanche 26\u00a0octobre 23h59, <strong>profitez de -20% sur votre commande<\/strong> !\u00a0<\/p>\n<p style=\"text-align: justify;\">Plus t\u00f4t vous commandez, plus vous faites des \u00e9conomies. Alors, ne manquez pas cette belle opportunit\u00e9 ! Les Grenats comptent sur vous !<\/p>\n<p style=\"text-align: center;\"><strong style=\"font-size: 20px; text-align: center;\"><a href=\"https:\/\/www.billetterie-fcmetz.com\/fr\/meeting\/929\/25_26_match_06?utm_source=OGC+Nice&amp;utm_medium=EB1&amp;utm_campaign=Site+institutionnel\" target=\"_blank\" rel=\"noopener\">Je r\u00e9serve ma place pour Metz &#8211; Nice\u00a0!<\/a><\/strong><\/p>\n<p style=\"text-align: center;\"><strong style=\"font-size: 20px; text-align: center;\"><a href=\"https:\/\/www.billetterie-fcmetz.com\/fr\/meeting\/929\/25_26_match_06?utm_source=OGC+Nice&amp;utm_medium=EB1&amp;utm_campaign=Site+institutionnel\" target=\"_blank\" rel=\"noopener\"><img decoding=\"async\" alt=\"\" src=\"https:\/\/www.europesays.com\/fr\/wp-content\/uploads\/2025\/10\/unknown_7.jpeg\" style=\"width: 100%;\"\/><\/a><\/strong><\/p>\n","protected":false},"excerpt":{"rendered":"Le FC Metz affronteront l&rsquo;OGC Nice le\u00a0dimanche 9 novembre\u00a0prochain \u00e0 Saint-Symphorien ! Les Grenats auront\u00a0besoin de toute la&hellip;\n","protected":false},"author":2,"featured_media":480429,"comment_status":"","ping_status":"","sticky":false,"template":"","format":"standard","meta":{"footnotes":""},"categories":[2819],"tags":[1111,11,19298,1777,674,1011,27,19297,12,2401,882,25,19299],"class_list":{"0":"post-480428","1":"post","2":"type-post","3":"status-publish","4":"format-standard","5":"has-post-thumbnail","7":"category-nice","8":"tag-actu","9":"tag-actualites","10":"tag-entrainements-fc-metz","11":"tag-eu","12":"tag-europe","13":"tag-fr","14":"tag-france","15":"tag-infos-fc-metz","16":"tag-news","17":"tag-nice","18":"tag-provence-alpes-cote-dazur","19":"tag-republique-francaise","20":"tag-videos-fc-metz"},"share_on_mastodon":{"url":"https:\/\/pubeurope.com\/@fr\/115414256451880605","error":""},"_links":{"self":[{"href":"https:\/\/www.europesays.com\/fr\/wp-json\/wp\/v2\/posts\/480428","targetHints":{"allow":["GET"]}}],"collection":[{"href":"https:\/\/www.europesays.com\/fr\/wp-json\/wp\/v2\/posts"}],"about":[{"href":"https:\/\/www.europesays.com\/fr\/wp-json\/wp\/v2\/types\/post"}],"author":[{"embeddable":true,"href":"https:\/\/www.europesays.com\/fr\/wp-json\/wp\/v2\/users\/2"}],"replies":[{"embeddable":true,"href":"https:\/\/www.europesays.com\/fr\/wp-json\/wp\/v2\/comments?post=480428"}],"version-history":[{"count":0,"href":"https:\/\/www.europesays.com\/fr\/wp-json\/wp\/v2\/posts\/480428\/revisions"}],"wp:featuredmedia":[{"embeddable":true,"href":"https:\/\/www.europesays.com\/fr\/wp-json\/wp\/v2\/media\/480429"}],"wp:attachment":[{"href":"https:\/\/www.europesays.com\/fr\/wp-json\/wp\/v2\/media?parent=480428"}],"wp:term":[{"taxonomy":"category","embeddable":true,"href":"https:\/\/www.europesays.com\/fr\/wp-json\/wp\/v2\/categories?post=480428"},{"taxonomy":"post_tag","embeddable":true,"href":"https:\/\/www.europesays.com\/fr\/wp-json\/wp\/v2\/tags?post=480428"}],"curies":[{"name":"wp","href":"https:\/\/api.w.org\/{rel}","templated":true}]}}