{"id":480430,"date":"2025-10-21T21:22:17","date_gmt":"2025-10-21T21:22:17","guid":{"rendered":"https:\/\/www.europesays.com\/fr\/480430\/"},"modified":"2025-10-21T21:22:17","modified_gmt":"2025-10-21T21:22:17","slug":"violence-a-lecole-la-fsu-sinquiete-de-la-recrudescence-des-cas-en-loire-atlantique","status":"publish","type":"post","link":"https:\/\/www.europesays.com\/fr\/480430\/","title":{"rendered":"Violence \u00e0 l\u2019\u00e9cole\u00a0: la FSU s\u2019inqui\u00e8te de la recrudescence des cas en Loire-Atlantique ."},"content":{"rendered":"<p>La FSU-Snuipp de Loire-Atlantique s\u2019inqui\u00e8te de la recrudescence des situations de violence envers les\u00a0professeurs des \u00e9coles et des accompagnants d\u2019\u00e9l\u00e8ves en situation de handicap (AESH) <strong>\u00ab\u00a0dans un grand nombre d\u2019\u00e9coles de notre d\u00e9partement\u00a0\u00bb,<\/strong> pr\u00e9cise le syndicat majoritaire de l\u2019enseignement dans un communiqu\u00e9.<\/p>\n<p>Lire aussi : <a href=\"https:\/\/nantes.maville.com\/actu\/actudet_--la-violence-est-quotidienne...-pres-de-nantes-une-ecole-au-bord-de-la-rupture-appelle-a-l-aide-_8-7024460_actu.Htm\" target=\"_blank\" rel=\"noopener\">\u00ab La violence est quotidienne\u2026 \u00bb : pr\u00e8s de Nantes, une \u00e9cole au bord de la rupture appelle \u00e0 l\u2019aide <\/a> <\/p>\n<p>Selon lui, de nombreuses situations rel\u00e8veraient d\u2019\u00e9l\u00e8ves, avec ou sans notification de la Maison d\u00e9partementale des personnes en situation de handicap, <strong>\u00ab\u00a0qui \u00e9prouvent quotidiennement le cadre et peuvent aller jusqu\u2019\u00e0 mordre, frapper, insulter ou menacer\u00a0leurs pairs, leur AESH ou leur enseignant\u00a0\u00bb<\/strong>. <strong>\u00ab\u00a0Les personnels sont d\u00e9munis et en r\u00e9elle\u00a0souffrance, les \u00e9quipes enti\u00e8res sont impact\u00e9es comme le sont les autres \u00e9l\u00e8ves, ce qui accro\u00eet le sentiment de culpabilit\u00e9 et le mal-\u00eatre\u00a0\u00bb,<\/strong> poursuit le syndicat.<\/p>\n<p>Des solutions insuffisantes<\/p>\n<p>Les inspecteurs d\u2019acad\u00e9mie ont \u00e9t\u00e9 inform\u00e9s, <strong>\u00ab\u00a0mais les solutions propos\u00e9es sont tr\u00e8s en de\u00e7\u00e0 de ce qu\u2019il devient urgent de mettre en place pour aider ces \u00e9l\u00e8ves en souffrance et l\u2019ensemble des personnels\u00a0\u00bb,<\/strong> estime le syndicat. Il demande la mise en place de moyens comme les\u00a0r\u00e9seaux d\u2019aides sp\u00e9cialis\u00e9es aux \u00e9l\u00e8ves en difficult\u00e9, abandonn\u00e9s, la mobilisation des\u00a0services sociaux, des effectifs moins importants, des enseignants suppl\u00e9mentaires et une formation des personnels.<\/p>\n<p>\u00a0<\/p>\n","protected":false},"excerpt":{"rendered":"La FSU-Snuipp de Loire-Atlantique s\u2019inqui\u00e8te de la recrudescence des situations de violence envers les\u00a0professeurs des \u00e9coles et des&hellip;\n","protected":false},"author":2,"featured_media":480431,"comment_status":"","ping_status":"","sticky":false,"template":"","format":"standard","meta":{"footnotes":""},"categories":[2818],"tags":[1111,11,3809,1465,1777,674,63,1011,27,1792,1922,766,12,2636,25,479,517,1470],"class_list":{"0":"post-480430","1":"post","2":"type-post","3":"status-publish","4":"format-standard","5":"has-post-thumbnail","7":"category-nantes","8":"tag-actu","9":"tag-actualites","10":"tag-ball","11":"tag-basket","12":"tag-eu","13":"tag-europe","14":"tag-football","15":"tag-fr","16":"tag-france","17":"tag-handball","18":"tag-info","19":"tag-nantes","20":"tag-news","21":"tag-pays-de-la-loire","22":"tag-republique-francaise","23":"tag-rugby","24":"tag-sport","25":"tag-volley"},"share_on_mastodon":{"url":"https:\/\/pubeurope.com\/@fr\/115414259725969968","error":""},"_links":{"self":[{"href":"https:\/\/www.europesays.com\/fr\/wp-json\/wp\/v2\/posts\/480430","targetHints":{"allow":["GET"]}}],"collection":[{"href":"https:\/\/www.europesays.com\/fr\/wp-json\/wp\/v2\/posts"}],"about":[{"href":"https:\/\/www.europesays.com\/fr\/wp-json\/wp\/v2\/types\/post"}],"author":[{"embeddable":true,"href":"https:\/\/www.europesays.com\/fr\/wp-json\/wp\/v2\/users\/2"}],"replies":[{"embeddable":true,"href":"https:\/\/www.europesays.com\/fr\/wp-json\/wp\/v2\/comments?post=480430"}],"version-history":[{"count":0,"href":"https:\/\/www.europesays.com\/fr\/wp-json\/wp\/v2\/posts\/480430\/revisions"}],"wp:featuredmedia":[{"embeddable":true,"href":"https:\/\/www.europesays.com\/fr\/wp-json\/wp\/v2\/media\/480431"}],"wp:attachment":[{"href":"https:\/\/www.europesays.com\/fr\/wp-json\/wp\/v2\/media?parent=480430"}],"wp:term":[{"taxonomy":"category","embeddable":true,"href":"https:\/\/www.europesays.com\/fr\/wp-json\/wp\/v2\/categories?post=480430"},{"taxonomy":"post_tag","embeddable":true,"href":"https:\/\/www.europesays.com\/fr\/wp-json\/wp\/v2\/tags?post=480430"}],"curies":[{"name":"wp","href":"https:\/\/api.w.org\/{rel}","templated":true}]}}