{"id":480441,"date":"2025-10-21T21:28:30","date_gmt":"2025-10-21T21:28:30","guid":{"rendered":"https:\/\/www.europesays.com\/fr\/480441\/"},"modified":"2025-10-21T21:28:30","modified_gmt":"2025-10-21T21:28:30","slug":"les-avis-dimposition-ne-sont-plus-acceptes-comme-justificatifs-de-domicile-a-roubaix","status":"publish","type":"post","link":"https:\/\/www.europesays.com\/fr\/480441\/","title":{"rendered":"Les avis d\u2019imposition ne sont plus accept\u00e9s comme justificatifs de domicile \u00e0 Roubaix"},"content":{"rendered":"<p class=\"introduction\">Depuis quelques semaines, les services administratifs de la Ville de Roubaix constatent de nombreuses anomalies lors du traitement des dossiers transmis au CERT (Centre d\u2019Expertise et de Ressources des Titres).<br \/>\nEn cause : une \u00e9volution du format 2D-DOC des avis d\u2019imposition 2025, qui emp\u00eache leur reconnaissance correcte dans le syst\u00e8me national d\u2019enregistrement des titres (TES).<\/p>\n<p data-start=\"1534\" data-end=\"1654\">R\u00e9sultat : <strong data-start=\"1545\" data-end=\"1632\">les avis d\u2019imposition ne peuvent plus \u00eatre utilis\u00e9s comme justificatifs de domicile<\/strong> jusqu\u2019\u00e0 nouvel ordre.<\/p>\n<p>\ud83d\udcc4 Quels documents pr\u00e9senter \u00e0 la place ?<\/p>\n<p data-start=\"1704\" data-end=\"1902\">Pour toute demande n\u00e9cessitant un justificatif de domicile (carte d\u2019identit\u00e9, passeport, etc.), il est d\u00e9sormais demand\u00e9 aux usagers de fournir <strong data-start=\"1848\" data-end=\"1876\">un autre document r\u00e9cent<\/strong> parmi la liste suivante :<\/p>\n<ul data-start=\"1904\" data-end=\"2126\">\n<li data-start=\"1904\" data-end=\"1953\">\n<p data-start=\"1906\" data-end=\"1953\">Une facture d\u2019\u00e9nergie (\u00e9lectricit\u00e9, gaz, eau)<\/p>\n<\/li>\n<li data-start=\"1954\" data-end=\"2008\">\n<p data-start=\"1956\" data-end=\"2008\">Une facture de t\u00e9l\u00e9phonie fixe ou d\u2019acc\u00e8s Internet<\/p>\n<\/li>\n<li data-start=\"2009\" data-end=\"2083\">\n<p data-start=\"2011\" data-end=\"2083\">Une quittance de loyer \u00e9mise par un organisme ou professionnel reconnu<\/p>\n<\/li>\n<li data-start=\"2084\" data-end=\"2126\">\n<p data-start=\"2086\" data-end=\"2126\">Une attestation d\u2019assurance habitation<\/p>\n<\/li>\n<\/ul>\n<p data-start=\"2128\" data-end=\"2284\">Ces documents permettent de garantir la validit\u00e9 et la tra\u00e7abilit\u00e9 du domicile d\u00e9clar\u00e9, et d\u2019\u00e9viter les retours ou blocages lors du traitement des demandes.<\/p>\n<p>\ud83d\udd52 Une mesure temporaire<\/p>\n<p data-start=\"2317\" data-end=\"2619\">Cette d\u00e9cision est <strong data-start=\"2336\" data-end=\"2350\">provisoire<\/strong>, le temps que le dysfonctionnement technique li\u00e9 au nouveau format d\u2019avis d\u2019imposition soit corrig\u00e9 \u00e0 l\u2019\u00e9chelle nationale.<br data-start=\"2473\" data-end=\"2476\"\/>Les services municipaux informeront les usagers d\u00e8s que les avis d\u2019imposition pourront \u00e0 nouveau \u00eatre accept\u00e9s comme justificatifs de domicile.<\/p>\n<p>\u2139\ufe0f Bon \u00e0 savoir<\/p>\n<p data-start=\"2642\" data-end=\"2831\">En cas de doute sur les documents accept\u00e9s, les agents du <strong data-start=\"2700\" data-end=\"2741\">Service des Relations Administratives<\/strong> de la Ville de Roubaix sont \u00e0 votre disposition pour vous accompagner dans vos d\u00e9marches.<\/p>\n","protected":false},"excerpt":{"rendered":"Depuis quelques semaines, les services administratifs de la Ville de Roubaix constatent de nombreuses anomalies lors du traitement&hellip;\n","protected":false},"author":2,"featured_media":480442,"comment_status":"","ping_status":"","sticky":false,"template":"","format":"standard","meta":{"footnotes":""},"categories":[2815],"tags":[1111,11,1777,674,1011,27,811,23089,1307,43580,12,25],"class_list":{"0":"post-480441","1":"post","2":"type-post","3":"status-publish","4":"format-standard","5":"has-post-thumbnail","7":"category-lille","8":"tag-actu","9":"tag-actualites","10":"tag-eu","11":"tag-europe","12":"tag-fr","13":"tag-france","14":"tag-hauts-de-france","15":"tag-hotel-de-ville","16":"tag-lille","17":"tag-mairies-de-quartiers","18":"tag-news","19":"tag-republique-francaise"},"share_on_mastodon":{"url":"https:\/\/pubeurope.com\/@fr\/115414285154616363","error":""},"_links":{"self":[{"href":"https:\/\/www.europesays.com\/fr\/wp-json\/wp\/v2\/posts\/480441","targetHints":{"allow":["GET"]}}],"collection":[{"href":"https:\/\/www.europesays.com\/fr\/wp-json\/wp\/v2\/posts"}],"about":[{"href":"https:\/\/www.europesays.com\/fr\/wp-json\/wp\/v2\/types\/post"}],"author":[{"embeddable":true,"href":"https:\/\/www.europesays.com\/fr\/wp-json\/wp\/v2\/users\/2"}],"replies":[{"embeddable":true,"href":"https:\/\/www.europesays.com\/fr\/wp-json\/wp\/v2\/comments?post=480441"}],"version-history":[{"count":0,"href":"https:\/\/www.europesays.com\/fr\/wp-json\/wp\/v2\/posts\/480441\/revisions"}],"wp:featuredmedia":[{"embeddable":true,"href":"https:\/\/www.europesays.com\/fr\/wp-json\/wp\/v2\/media\/480442"}],"wp:attachment":[{"href":"https:\/\/www.europesays.com\/fr\/wp-json\/wp\/v2\/media?parent=480441"}],"wp:term":[{"taxonomy":"category","embeddable":true,"href":"https:\/\/www.europesays.com\/fr\/wp-json\/wp\/v2\/categories?post=480441"},{"taxonomy":"post_tag","embeddable":true,"href":"https:\/\/www.europesays.com\/fr\/wp-json\/wp\/v2\/tags?post=480441"}],"curies":[{"name":"wp","href":"https:\/\/api.w.org\/{rel}","templated":true}]}}