{"id":480443,"date":"2025-10-21T21:29:32","date_gmt":"2025-10-21T21:29:32","guid":{"rendered":"https:\/\/www.europesays.com\/fr\/480443\/"},"modified":"2025-10-21T21:29:32","modified_gmt":"2025-10-21T21:29:32","slug":"les-chemins-de-la-forme-a-lille-actualites","status":"publish","type":"post","link":"https:\/\/www.europesays.com\/fr\/480443\/","title":{"rendered":"Les Chemins de la forme \u00e0 Lille \/ Actualit\u00e9s"},"content":{"rendered":"<p>Des parcours m\u00ealant sport et patrimoine, pour red\u00e9couvrir Lille d\u2019une autre mani\u00e8re.<\/p>\n<p>            <img loading=\"lazy\" decoding=\"async\" src=\"\/var\/www\/storage\/images\/mediatheque\/mairie-de-lille\/actualites\/images\/2023\/mars-2023\/chemins-de-la-forme2\/3229282-1-fre-FR\/Chemins-de-la-Forme_news_image_top.jpg\" width=\"779\" height=\"519\" alt=\"\"\/><br \/>\n    \tThomas Lo Presti<\/p>\n<p>9 parcours \u00e0 d\u00e9couvrir<\/p>\n<p>Mis en place en collaboration entre la Ville et l\u2019Institut des Rencontres de la Forme, les Chemins de la forme lillois m\u00ealent sport et patrimoine :<\/p>\n<ul class=\"listPuce\">\n<li><a href=\"https:\/\/www.lille.fr\/Actualites\/Les-Chemins-de-la-Forme-du-Vieux-Lille\" target=\"_self\" class=\"lien_interne\" rel=\"noopener\">Vieux-Lille<\/a> : parcours de 7 km, qui comporte 7 points d\u2019int\u00e9r\u00eats et 9 exercices possibles<\/li>\n<li><a href=\"https:\/\/www.lille.fr\/Mairie-de-Lille\/Lille-Sud\/Actualites\/Les-Chemins-de-la-Forme-de-Lille-Sud\" target=\"_self\" class=\"lien_interne\" rel=\"noopener\">Lille-Sud<\/a> : parcours de 8,9 km, qui comporte 6 points d\u2019int\u00e9r\u00eats et 7 exercices possibles<\/li>\n<li><a href=\"https:\/\/www.lille.fr\/Mairie-de-Lille\/Actualites\/Les-Chemins-de-la-Forme-a-Saint-Maurice-Pellevoisin\" target=\"_self\" class=\"lien_interne\" rel=\"noopener\">Saint-Maurice Pellevoisin<\/a> : parcours de 7,5 km, qui comporte 6 points d\u2019int\u00e9r\u00eats et 7 exercices possibles<\/li>\n<li><a href=\"https:\/\/www.lille.fr\/Actualites\/Les-Chemins-de-la-Forme-aux-Bois-Blancs\" target=\"_self\" class=\"lien_interne\" rel=\"noopener\">Bois-Blancs<\/a> : parcours de 5,2 km, qui comporte 6 points d\u2019int\u00e9r\u00eats et 5 exercices<\/li>\n<li><a href=\"https:\/\/www.lille.fr\/Actualites\/Les-chemins-de-la-Forme-Parcours-patrimoine\" target=\"_self\" class=\"lien_interne\" rel=\"noopener\">Parcours Patrimoine<\/a> : parcours de 16,2 km, qui comporte 26 points d\u2019int\u00e9r\u00eats<\/li>\n<li><a href=\"https:\/\/www.lille.fr\/Vauban-Esquermes\/Actualites\/Les-Chemins-de-la-Forme-de-Vauban-Wazemmes\" target=\"_self\" class=\"lien_interne\" rel=\"noopener\">Vauban-Wazemmes<\/a> : un parcours de d\u00e9couverte du patrimoine Nature<\/li>\n<li><a href=\"https:\/\/www.lille.fr\/Lille-Moulins\/Actualites\/Chemins-de-la-forme-Lille-Moulins\" target=\"_self\" class=\"lien_interne\" rel=\"noopener\">Lille-Moulins<\/a> : parcours de 7 km<\/li>\n<li><a href=\"https:\/\/www.lille.fr\/Fives\/Actualites\/Chemins-de-la-Forme-Fives\" target=\"_self\" class=\"lien_interne\" rel=\"noopener\">Fives<\/a> : parcours de 6,3 km<\/li>\n<li><a href=\"https:\/\/www.lille.fr\/Faubourg-de-Bethune\/Actualites\/Chemins-de-la-forme-Faubourg-de-Bethune\" target=\"_self\" class=\"lien_interne\" rel=\"noopener\">Faubourg de B\u00e9thune<\/a> : parcours de 5,3 km<\/li>\n<\/ul>\n<p>Garder la forme et (re)d\u00e9couvrir la ville<\/p>\n<p>Au fil des parcours, gr\u00e2ce \u00e0 l\u2019application Form\u2019City (gratuite) ou en flashant les QR codes pr\u00e9sents sur les bornes :<\/p>\n<ul class=\"listPuce\">\n<li>retrouvez des anecdotes sur le patrimoine historique de la ville et l\u2019histoire des diff\u00e9rents lieux parcourus<\/li>\n<li>mais aussi des activit\u00e9s physiques \u00e0 r\u00e9aliser. Par exemple, au fil de vos visites, essayez d\u2019augmenter votre vitesse de marche afin de d\u00e9velopper vos capacit\u00e9s cardio-respiratoires.<\/li>\n<\/ul>\n<p>Avant toute activit\u00e9 physique et sportive, pensez \u00e0 vous \u00e9chauffer et \u00e0 bien r\u00e9cup\u00e9rer au retour !<\/p>\n<p>T\u00e9l\u00e9chargez l\u2019application gratuitement sur <a href=\"https:\/\/apps.apple.com\/fr\/app\/formcity\/id1444320111\" target=\"_self\" class=\"lien_interne\" rel=\"noopener\">iOS<\/a> et <a href=\"https:\/\/play.google.com\/store\/apps\/details?id=com.mile.lara&amp;hl=fr&amp;gl=US&amp;pli=1\" target=\"_self\" class=\"lien_interne\" rel=\"noopener\">Android<\/a>.<\/p>\n<p>            Lire aussi<\/p>\n<p>            <img loading=\"lazy\" decoding=\"async\" src=\"\/var\/www\/storage\/images\/mediatheque\/mairie-de-lille\/actualites\/images\/2025\/octobre-2025\/chemins-de-la-forme\/3870033-1-fre-FR\/Chemins-de-la-forme_crossreading.jpg\" width=\"95\" height=\"95\" alt=\"\"\/>           <\/p>\n<p>        <a href=\"https:\/\/www.lille.fr\/Actualites\/Choisissez-votre-chemin\" class=\"actuTitle\" title=\"Choisissez votre chemin \" target=\"_blank\" rel=\"noopener\">Choisissez votre chemin <\/a>Culture<\/p>\n<p>Pour garder la forme tout en d\u00e9couvrant la ville, la municipalit\u00e9 a mis en place les Chemins de la forme. Deux derniers parcours connect\u00e9s ont vu&#8230;<\/p>\n<p>        <a href=\"https:\/\/www.lille.fr\/Actualites\/Choisissez-votre-chemin\" class=\"voirActus\" target=\"_blank\" rel=\"noopener\">Voir<\/a><\/p>\n<p>            <img loading=\"lazy\" decoding=\"async\" src=\"\/var\/www\/storage\/images\/mediatheque\/mairie-de-lille\/actualites\/images\/2025\/septembre-2025\/tennis-de-table\/3861235-1-fre-FR\/Tennis-de-table_crossreading.jpg\" width=\"95\" height=\"95\" alt=\"\"\/>           <\/p>\n<p>            <img loading=\"lazy\" decoding=\"async\" src=\"\/var\/www\/storage\/images\/mediatheque\/mairie-de-lille\/actualites\/images\/2025\/octobre-2025\/la-botte\/3870029-1-fre-FR\/La-Botte_crossreading.jpg\" width=\"95\" height=\"95\" alt=\"\"\/>           <\/p>\n<p>        <a href=\"https:\/\/www.lille.fr\/Actualites\/La-botte-change-de-pied\" class=\"actuTitle\" title=\"La botte change de pied\" target=\"_blank\" rel=\"noopener\">La botte change de pied<\/a>Tourisme et patrimoine<\/p>\n<p>\nLa Tour de Lille, surnomm\u00e9e la botte par les Lillois, va connaitre une profonde m\u00e9tamorphose trente ans apr\u00e8s sa construction.\u00a0\n<\/p>\n<p>        <a href=\"https:\/\/www.lille.fr\/Actualites\/La-botte-change-de-pied\" class=\"voirActus\" target=\"_blank\" rel=\"noopener\">Voir<\/a><\/p>\n","protected":false},"excerpt":{"rendered":"Des parcours m\u00ealant sport et patrimoine, pour red\u00e9couvrir Lille d\u2019une autre mani\u00e8re. Thomas Lo Presti 9 parcours \u00e0&hellip;\n","protected":false},"author":2,"featured_media":480444,"comment_status":"","ping_status":"","sticky":false,"template":"","format":"standard","meta":{"footnotes":""},"categories":[2815],"tags":[1111,11,4763,1777,674,1011,27,811,1307,5415,12,25],"class_list":{"0":"post-480443","1":"post","2":"type-post","3":"status-publish","4":"format-standard","5":"has-post-thumbnail","7":"category-lille","8":"tag-actu","9":"tag-actualites","10":"tag-agenda","11":"tag-eu","12":"tag-europe","13":"tag-fr","14":"tag-france","15":"tag-hauts-de-france","16":"tag-lille","17":"tag-mairie","18":"tag-news","19":"tag-republique-francaise"},"share_on_mastodon":{"url":"https:\/\/pubeurope.com\/@fr\/115414288278704726","error":""},"_links":{"self":[{"href":"https:\/\/www.europesays.com\/fr\/wp-json\/wp\/v2\/posts\/480443","targetHints":{"allow":["GET"]}}],"collection":[{"href":"https:\/\/www.europesays.com\/fr\/wp-json\/wp\/v2\/posts"}],"about":[{"href":"https:\/\/www.europesays.com\/fr\/wp-json\/wp\/v2\/types\/post"}],"author":[{"embeddable":true,"href":"https:\/\/www.europesays.com\/fr\/wp-json\/wp\/v2\/users\/2"}],"replies":[{"embeddable":true,"href":"https:\/\/www.europesays.com\/fr\/wp-json\/wp\/v2\/comments?post=480443"}],"version-history":[{"count":0,"href":"https:\/\/www.europesays.com\/fr\/wp-json\/wp\/v2\/posts\/480443\/revisions"}],"wp:featuredmedia":[{"embeddable":true,"href":"https:\/\/www.europesays.com\/fr\/wp-json\/wp\/v2\/media\/480444"}],"wp:attachment":[{"href":"https:\/\/www.europesays.com\/fr\/wp-json\/wp\/v2\/media?parent=480443"}],"wp:term":[{"taxonomy":"category","embeddable":true,"href":"https:\/\/www.europesays.com\/fr\/wp-json\/wp\/v2\/categories?post=480443"},{"taxonomy":"post_tag","embeddable":true,"href":"https:\/\/www.europesays.com\/fr\/wp-json\/wp\/v2\/tags?post=480443"}],"curies":[{"name":"wp","href":"https:\/\/api.w.org\/{rel}","templated":true}]}}