{"id":480460,"date":"2025-10-21T21:39:14","date_gmt":"2025-10-21T21:39:14","guid":{"rendered":"https:\/\/www.europesays.com\/fr\/480460\/"},"modified":"2025-10-21T21:39:14","modified_gmt":"2025-10-21T21:39:14","slug":"bayer-leverkusen-psg-deux-rouges-deux-penalties-et-neuf-buts-paris-remporte-un-match-fou-le-resume","status":"publish","type":"post","link":"https:\/\/www.europesays.com\/fr\/480460\/","title":{"rendered":"Bayer Leverkusen &#8211; PSG\u00a0: deux rouges, deux p\u00e9nalties et neuf buts.. Paris remporte un match fou, le r\u00e9sum\u00e9"},"content":{"rendered":"<p>                    <a title=\"\" href=\"https:\/\/www.europesays.com\/fr\/wp-content\/uploads\/2025\/10\/81783315.jpg\" class=\"fancy\"><\/p>\n<p>                            <img loading=\"lazy\" decoding=\"async\" src=\"https:\/\/www.europesays.com\/fr\/wp-content\/uploads\/2025\/10\/81783315.jpg\" alt=\"Bayer Leverkusen - PSG\u00a0: deux rouges, deux p\u00e9nalties et neuf buts.. Paris remporte un match fou, le r\u00e9sum\u00e9\" width=\"1500\" height=\"1000\"\/><\/p>\n<p>                    <\/a><\/p>\n<p>                Le PSG a corrig\u00e9 le Bayer Leverkusen ce mardi \u00e0 l&rsquo;occasion de la troisi\u00e8me journ\u00e9e de la phase de ligue de la Ligue des champions (7-2) dans une rencontre compl\u00e8tement folle.<\/p>\n<p><a name=\"post1761081000\"\/>23:10 &#8211; Le r\u00e9sum\u00e9 du match <\/p>\n<p>Le PSG \u00e9crase le Bayer Leverkusen au terme d&rsquo;une rencontre de folie (7-2). Il ne faut attendre que sept minutes pour assister au premier but de la soir\u00e9e. Mendes offre un ballon merveilleux \u00e0 Pacho qui soigne sa t\u00eate pour trouver Flekken. Et cette ouverture du score donne de la confiance aux hommes de <a href=\"https:\/\/www.linternaute.fr\/sport\/biographie\/2677914-luis-enrique-sexe-avant-les-matchs-ferran-torres-il-fait-sensation-sur-twitch\/\" title=\"Luis Enrique\" rel=\"nofollow noopener\" target=\"_blank\">Luis Enrique<\/a> qui continuent de se porter vers l&rsquo;avant. Mais les Allemands ont du r\u00e9pondant et ont m\u00eame une opportunit\u00e9 en or de revenir au score. Zabarnyi conc\u00e8de un p\u00e9nalty. Grimaldo s&rsquo;\u00e9lance mais trouve le poteau (26&prime;). Quelques minutes apr\u00e8s ce p\u00e9nalty manqu\u00e9, un nouveau tournant intervient. Le capitaine du club allemand Andrich adresse un coup de coude gratuit \u00e0 Dou\u00e9 et \u00e9cope d&rsquo;un carton rouge logique apr\u00e8s l&rsquo;intervention de la VAR (33&prime;). Dans une premi\u00e8re p\u00e9riode compl\u00e8tement folle, le sc\u00e9nario devient fou. Zabarnyi conc\u00e8de un deuxi\u00e8me p\u00e9nalty et \u00e9cope d&rsquo;un carton rouge (37&prime;). Garcia se charge de le transformer et remet les deux \u00e9quipes \u00e0 hauteur pour une courte dur\u00e9e. Peu avant le retour aux vestiaires, Dou\u00e9 enchaine tr\u00e8s vite apr\u00e8s son contr\u00f4le et trompe Flekken (41&prime;). On se dit alors que la premi\u00e8re p\u00e9riode est pli\u00e9e mais\u00a0Kvaratskhelia voulait participer \u00e0 la f\u00eate et b\u00e9n\u00e9ficie de l&rsquo;aide des deux poteaux pour offrir le break au <a href=\"https:\/\/www.linternaute.com\/sport\/foot\/psg\/\" title=\"Paris Saint-Germain\" rel=\"nofollow noopener\" target=\"_blank\">PSG<\/a> (44&prime;). Ne partez pas si vite vous rafraichir puisque cette premi\u00e8re mi-temps est incroyable jusqu&rsquo;au bout. Dou\u00e9 y va de son doubl\u00e9 pour crucifier les Allemands (45+3&prime;).\u00a0<\/p>\n<p>\u00c9tonemment, le deuxi\u00e8me acte repart sur les m\u00eames bases stratosph\u00e9riques.\u00a0\u00c0 la 50e minute, Mendes est parfaitement servi par Vitinha et trompe Flekken pas exempt de tout reproche. Trois minutes plus tard, le plus beau but de la soir\u00e9e est inscrit. Garcia, buteur sur p\u00e9nalty plus t\u00f4t dans la soir\u00e9e, trouve une lucarne parfaite sur une frappe aux 25 m\u00e8tres (53&prime;). La rencontre tombe ensuite dans un rythme plus timide et c&rsquo;est le moment choisi par Luis Enrique pour faire entrer Demb\u00e9l\u00e9. Et le Ballon d&rsquo;Or n&rsquo;a besoin que de trois minutes pour signer son retour avec un but (66&prime;). Vient ensuite le PSG en mode gestion. Paris fait le dos rond et g\u00e8re tranquillement cette fin de match sans oublier d&rsquo;ajouter un septi\u00e8me et dernier but par l&rsquo;homme de la soir\u00e9e Vitinha (90&prime;) histoire de parachever son oeuvre et celle de son \u00e9quipe qui r\u00e8gne ce mardi soir sur le toit de l&rsquo;Europe.<\/p>\n<p><a name=\"post1761080339\"\/>22:58 &#8211; Paris en t\u00eate de la Ligue des champions<\/p>\n<p>Ce score fleuve lors de ce Bayer Leverkusen &#8211; PSG permet \u00e9videmment aux Parisiens de prendre la premi\u00e8re place de la <a href=\"https:\/\/www.linternaute.com\/sport\/competitions\/8665182-ligue-des-champions-om-psg-monaco-calendrier-classement-et-resultats\/\" title=\"Ligue des champions 2021-2022\" rel=\"nofollow noopener\" target=\"_blank\">Ligue des champions<\/a> en attendant les matchs du Bayern Munich et du Real Madrid ce mercredi.\u00a0<\/p>\n<p><a name=\"post1761079992\"\/>22:53 &#8211; Le PSG \u00e9crase le Bayer Leverkusen !<\/p>\n<p>Le PSG \u00e9crase le Bayer Leverkusen \u00e0 l&rsquo;issue d&rsquo;une rencontre plus qu&rsquo;anim\u00e9e avec neuf buts, deux cartons rouges et deux p\u00e9nalties. Paris prend provisoirement la premi\u00e8re place de la Ligue des champions.<\/p>\n<p><a name=\"post1761079908\"\/>22:51 &#8211; Trois minutes de plus (90&prime;)<\/p>\n<p>Sur le but de Vitinha, le temps additionnel a \u00e9t\u00e9 annonc\u00e9.\u00a0<\/p>\n<p><a name=\"post1761079813\"\/>22:50 &#8211; VITINHA JUSQU&rsquo;AU BOUT ! (90&prime;)<\/p>\n<p>Auteur d&rsquo;un match extraordinaire, Vitinha le conclut avec la forme en transformant une frappe lointaine en but.\u00a0<\/p>\n<p><a name=\"post1761079646\"\/>22:47 &#8211; Flekken intervient (88&prime;)<\/p>\n<p>Dans une soir\u00e9e difficile pour lui, Flekken reste vigilant sur ce centre \u00e0 ras de terre de Mbaye qui provoque beaucoup depuis son entr\u00e9e en jeu.\u00a0<\/p>\n<p><a name=\"post1761079586\"\/>22:46 &#8211; Les trav\u00e9es de la BayArena se vident (87&prime;)<\/p>\n<p>Les supporters allemands l&rsquo;ont compris. Ce Bayer Leverkusen &#8211; PSG touche \u00e0 sa fin et le score n&rsquo;\u00e9voluera sans doute plus.\u00a0<\/p>\n<p><a name=\"post1761079519\"\/>22:45 &#8211; Encore cinq minutes \u00e0 jouer (85&prime;)<\/p>\n<p>Fin de match tr\u00e8s tranquille \u00e0 Leverkusen. Le PSG a d\u00e9j\u00e0 scell\u00e9 le score depuis plusieurs minutes gr\u00e2ce \u00e0 son r\u00e9alisme offensif.\u00a0<\/p>\n<p><a name=\"post1761079420\"\/>22:43 &#8211; Un centre trop long (83&prime;)<\/p>\n<p>Le Bayer Leverkusen se montre de moins en moins pr\u00e9cis sur le point de vue offensif \u00e0 l&rsquo;image de ce centre trop long de Garcia.\u00a0<\/p>\n<p><a name=\"post1761079262\"\/>22:41 &#8211; Un nouveau changement pour le Bayer (81&prime;)<\/p>\n<p>Kasper Hjulmand fait un nouveau changement dans ce Bayer Leverkusen &#8211; PSG. Mensah remplace Fernandez au milieu de terrain.\u00a0<\/p>\n<p><a name=\"post1761079213\"\/>22:40 &#8211; La roulette de Lee (80&prime;)<\/p>\n<p>Aux abords de la surface, Lee se d\u00e9fait de son vis \u00e0 vis avec une belle roulette mais il ne peut pas trouver de partenaire ensuite.\u00a0<\/p>\n<p><a name=\"post1761079147\"\/>22:39 &#8211; Luis Enrique encore \u00e0 fond (79&prime;)<\/p>\n<p>Alors que son \u00e9quipe a fait le plus dur dans ce Bayer Leverkusen &#8211; PSG, le coach parisien continue de faire des grands gestes sur le bord du terrain. Le technicien espagnol est exigeant jusqu&rsquo;au bout.\u00a0<\/p>\n<p><a name=\"post1761078979\"\/>22:36 &#8211; Encore un jeune Titi (76&prime;)<\/p>\n<p>La jeunesse parisienne est encore mise \u00e0 l&rsquo;honneur dans les changements de Luis Enrique. Apr\u00e8s Mbaye, c&rsquo;est Ndjantou qui remplace Za\u00efre-Emery dans l&rsquo;entre-jeu.\u00a0<\/p>\n<p><a name=\"post1761078900\"\/>22:35 &#8211; Paris en maitrise (75&prime;)<\/p>\n<p>\u00c0 un quart d&rsquo;heure de la fin de ce Bayer Leverkusen &#8211; PSG, les Parisiens font preuve d&rsquo;un peu plus de prudence dans cette fin de rencontre. Le sort de cette rencontre semble scell\u00e9 et Paris maitrise cet avantage.\u00a0<\/p>\n<p><a name=\"post1761078734\"\/>22:32 &#8211; L&rsquo;entr\u00e9e de Mbaye (72&prime;)<\/p>\n<p>Luis Enrique fait entrer la jeunesse. Ibrahim Mbaye remplace Bradley Barcola pour les vingt derni\u00e8res minutes de ce Bayer Leverkusen &#8211; PSG.\u00a0<\/p>\n<p><a name=\"post1761078667\"\/>22:31 &#8211; Za\u00efre-Emery en col\u00e8re (71&prime;)<\/p>\n<p>Le jeune milieu de terrain parisien fait un gros retour d\u00e9fensif mais est sanctionn\u00e9 par l&rsquo;arbitre de ce Bayer Leverkusen &#8211; PSG. L&rsquo;international fran\u00e7ais exprime un signe de col\u00e8re.\u00a0<\/p>\n<p><a name=\"post1761078576\"\/>22:29 &#8211; Une grande premi\u00e8re pour le PSG (69&prime;)<\/p>\n<p>Pour la premi\u00e8re fois de son histoire en Ligue des champions, le PSG a inscrit six buts en d\u00e9placement. La f\u00eate est compl\u00e8te ce soir pour le club de la capitale.\u00a0<\/p>\n<p><a name=\"post1761078369\"\/>22:26 &#8211; DEMB\u00c9L\u00c9 SOIGNE SON RETOUR ! (66&prime;)<\/p>\n<p>Il ne lui aura fallu que trois minutes pour c\u00e9l\u00e9brer son retour avec le PSG ! Le Ballon d&rsquo;Or est id\u00e9alement servi par Barcola et parvient \u00e0 glisser le ballon sous les jambes de Flekken.\u00a0<\/p>\n<p><a name=\"post1761078318\"\/>22:25 &#8211; La performance XXL de Vitinha (65&prime;)<\/p>\n<p>Le milieu de terrain portugais est en train de r\u00e9aliser une grande performance dans ce Bayer Leverkusen &#8211; PSG avec 99% de passes r\u00e9ussies et 84 ballons touch\u00e9s.\u00a0<\/p>\n<p><a name=\"post1761078184\"\/>22:23 &#8211; Le grand retour de Demb\u00e9l\u00e9 (63&prime;)<\/p>\n<p>Pr\u00e8s d&rsquo;un mois et demi apr\u00e8s sa blessure, <a href=\"https:\/\/www.linternaute.fr\/sport\/biographie\/2552594-ousmane-dembele-le-francais-a-paris-d-ici-dimanche-pour-quel-montant\/\" title=\"Ousmane Demb\u00e9l\u00e9\" rel=\"nofollow noopener\" target=\"_blank\">Ousmane Demb\u00e9l\u00e9<\/a> fait son retour \u00e0 la comp\u00e9tition \u00e0 l&rsquo;occasion de ce Bayer Leverkusen &#8211; PSG. Le Ballon d&rsquo;Or remplace\u00a0Kvaratskhelia alors que Lee suppl\u00e9e Mayulu.\u00a0<\/p>\n<p>Du c\u00f4t\u00e9 du Bayer Leverkusen, l&rsquo;ancien Mon\u00e9gasque Ben Seghir prend la place de Poku.\u00a0<\/p>\n<p><a name=\"post1761078077\"\/>22:21 &#8211; Petit moment plus calme (61&prime;)<\/p>\n<p>Apr\u00e8s une heure de jeu compl\u00e8tement folle dans ce Bayer Leverkusen &#8211; PSG, les acteurs ont besoin de souffler et Paris est en train de g\u00e9rer.\u00a0<\/p>\n<p><a name=\"post1761077961\"\/>22:19 &#8211; Tapsoba quitte sa d\u00e9fense (59&prime;)<\/p>\n<p>Le d\u00e9fenseur du Bayer Leverkusen sort de sa surface pour contrer la frappe de Za\u00efre-Emery qui avait \u00e9t\u00e9 laiss\u00e9 seul aux abords de la surface.\u00a0<\/p>\n<p><a name=\"post1761077846\"\/>22:17 &#8211; Barcola ne passe pas (57&prime;)<\/p>\n<p>Apr\u00e8s un relais avec\u00a0Kvaratskhelia, Barcola est dans la surface et tente de passer avec un crochet int\u00e9rieur mais il ne b\u00e9n\u00e9ficie pas d&rsquo;un contre favorable.\u00a0<\/p>\n<p><a name=\"post1761077659\"\/>22:14 &#8211; UN BUT SUBLIME ! (54&prime;)<\/p>\n<p>QUELLE FRAPPE ! Garcia inscrit son doubl\u00e9 sur une frappe absolument sublime. Il trouve la lucarne de Chevalier qui ne peut que constater les d\u00e9g\u00e2ts.\u00a0<\/p>\n<p><a name=\"post1761077573\"\/>22:12 &#8211; Un nouveau changement pour le Bayer (53&prime;)<\/p>\n<p>Le cinqui\u00e8me but du PSG a refroidi l&rsquo;entraineur du Bayer Leverkusen qui fait entrer Belocian, le d\u00e9fenseur fran\u00e7ais, \u00e0 la place de l&rsquo;attaquant de pointe Kofane.\u00a0<\/p>\n<p><a class=\"app_edito_btn\" href=\"https:\/\/www.linternaute.com\/sport\/foot\/9055213-direct-bayer-leverkusen-psg-paris-veut-enchainer-en-ligue-des-champions-suivez-le-match\/\" id=\"jLiveMore\" data-sort-time=\"1761077572\" rel=\"nofollow noopener\" target=\"_blank\">LIRE PLUS<\/a><\/p>\n","protected":false},"excerpt":{"rendered":"Le PSG a corrig\u00e9 le Bayer Leverkusen ce mardi \u00e0 l&rsquo;occasion de la troisi\u00e8me journ\u00e9e de la phase&hellip;\n","protected":false},"author":2,"featured_media":480461,"comment_status":"","ping_status":"","sticky":false,"template":"","format":"standard","meta":{"footnotes":""},"categories":[1888],"tags":[11,11005,60357,51761,1777,674,2257,51763,1011,27,447,12,51767,626,93,25],"class_list":{"0":"post-480460","1":"post","2":"type-post","3":"status-publish","4":"format-standard","5":"has-post-thumbnail","7":"category-paris","8":"tag-actualites","9":"tag-bayer-leverkusen","10":"tag-cms-linternaute-9055213","11":"tag-controller-content","12":"tag-eu","13":"tag-europe","14":"tag-foot","15":"tag-format-papier","16":"tag-fr","17":"tag-france","18":"tag-ligue-des-champions","19":"tag-news","20":"tag-parallaxeinfeed","21":"tag-paris","22":"tag-psg","23":"tag-republique-francaise"},"share_on_mastodon":{"url":"https:\/\/pubeurope.com\/@fr\/115414327801242911","error":""},"_links":{"self":[{"href":"https:\/\/www.europesays.com\/fr\/wp-json\/wp\/v2\/posts\/480460","targetHints":{"allow":["GET"]}}],"collection":[{"href":"https:\/\/www.europesays.com\/fr\/wp-json\/wp\/v2\/posts"}],"about":[{"href":"https:\/\/www.europesays.com\/fr\/wp-json\/wp\/v2\/types\/post"}],"author":[{"embeddable":true,"href":"https:\/\/www.europesays.com\/fr\/wp-json\/wp\/v2\/users\/2"}],"replies":[{"embeddable":true,"href":"https:\/\/www.europesays.com\/fr\/wp-json\/wp\/v2\/comments?post=480460"}],"version-history":[{"count":0,"href":"https:\/\/www.europesays.com\/fr\/wp-json\/wp\/v2\/posts\/480460\/revisions"}],"wp:featuredmedia":[{"embeddable":true,"href":"https:\/\/www.europesays.com\/fr\/wp-json\/wp\/v2\/media\/480461"}],"wp:attachment":[{"href":"https:\/\/www.europesays.com\/fr\/wp-json\/wp\/v2\/media?parent=480460"}],"wp:term":[{"taxonomy":"category","embeddable":true,"href":"https:\/\/www.europesays.com\/fr\/wp-json\/wp\/v2\/categories?post=480460"},{"taxonomy":"post_tag","embeddable":true,"href":"https:\/\/www.europesays.com\/fr\/wp-json\/wp\/v2\/tags?post=480460"}],"curies":[{"name":"wp","href":"https:\/\/api.w.org\/{rel}","templated":true}]}}