{"id":480462,"date":"2025-10-21T21:40:19","date_gmt":"2025-10-21T21:40:19","guid":{"rendered":"https:\/\/www.europesays.com\/fr\/480462\/"},"modified":"2025-10-21T21:40:19","modified_gmt":"2025-10-21T21:40:19","slug":"comment-chine-russie-et-etats-unis-sabordent-les-droits-humains-a-lonu","status":"publish","type":"post","link":"https:\/\/www.europesays.com\/fr\/480462\/","title":{"rendered":"Comment Chine, Russie et Etats-Unis sabordent les droits humains \u00e0 l\u2019ONU"},"content":{"rendered":"<p>    R\u00e9sum\u00e9 en 20 secondes<\/p>\n<p>        En savoir plus sur ce type de contenu<\/p>\n<p>Ce r\u00e9sum\u00e9 peut avoir \u00e9t\u00e9 \u00e9crit avec l&rsquo;assistance d\u2019une IA g\u00e9n\u00e9rative. <a href=\"https:\/\/www.letemps.ch\/cyber\/l-usage-de-l-ia-generative-par-les-journalistes-du-temps\" target=\"_blank\" rel=\"noopener\">En savoir plus<\/a><\/p>\n<p class=\"article__abstract-call-to-action\" data-ariato=\"TrackableElement\" data-trackable-element-type=\"article_abstract_cta\" data-trackable-element-location=\"article_header\" data-trackable-element-id=\"509880\">\n        <a data-event=\"click-&gt;clicked\" href=\"https:\/\/www.letemps.ch\/abonnements\" target=\"_blank\" rel=\"noopener\">Abonnez-vous<\/a> pour acc\u00e9der au r\u00e9sum\u00e9 en 20 secondes.\n      <\/p>\n<p>L\u2019ancien secr\u00e9taire g\u00e9n\u00e9ral des Nations unies, Kofi Annan, en avait fait une priorit\u00e9: les droits de l\u2019homme devaient s\u2019int\u00e9grer dans l\u2019action de toutes les entit\u00e9s onusiennes (mainstreaming). Pr\u00e8s de deux d\u00e9cennies plus tard, ils sont non seulement gravement bafou\u00e9s \u00e0 travers le monde, mais ils subissent des attaques en r\u00e8gle au sein m\u00eame de l\u2019ONU. C\u2019est le constat accablant que dresse un rapport intitul\u00e9 \u00abBatailles budg\u00e9taires \u00e0 l\u2019ONU: comment les Etats membres essaient d\u2019arr\u00eater de financer les droits humains\u00bb \u00e9tablis par l\u2019International Service for Human Rights, une ONG ind\u00e9pendante bas\u00e9e \u00e0 Gen\u00e8ve et \u00e0 New York. La ville du bout du L\u00e9man est directement concern\u00e9e. Elle abrite le Haut-Commissariat de l\u2019ONU aux droits de l\u2019homme (HCDH), le Conseil des droits de l\u2019homme (CDH), de nombreux comit\u00e9s et toute une s\u00e9rie d\u2019ONG qui ont fait de la d\u00e9fense des droits fondamentaux leur principale activit\u00e9.<\/p>\n<p>Lire aussi: <a href=\"https:\/\/www.letemps.ch\/articles\/volker-turk-fustige-la-rhetorique-genocidaire-d-israel-a-gaza\" target=\"_blank\" rel=\"noopener\">A Gen\u00e8ve, Volker T\u00fcrk fustige la \u00abrh\u00e9torique g\u00e9nocidaire\u00bb d\u2019Isra\u00ebl \u00e0 Gaza<\/a>  <\/p>\n","protected":false},"excerpt":{"rendered":"R\u00e9sum\u00e9 en 20 secondes En savoir plus sur ce type de contenu Ce r\u00e9sum\u00e9 peut avoir \u00e9t\u00e9 \u00e9crit&hellip;\n","protected":false},"author":2,"featured_media":480463,"comment_status":"","ping_status":"","sticky":false,"template":"","format":"standard","meta":{"footnotes":""},"categories":[1591],"tags":[11,309,6492,73,1887,38287,12,3521,301,1885,1886,132],"class_list":{"0":"post-480462","1":"post","2":"type-post","3":"status-publish","4":"format-standard","5":"has-post-thumbnail","7":"category-russie","8":"tag-actualites","9":"tag-chine","10":"tag-droits-de-lhomme","11":"tag-etats-unis","12":"tag-federation-de-russie","13":"tag-geneve-internationale","14":"tag-news","15":"tag-onu","16":"tag-premium","17":"tag-russia","18":"tag-russian-federation","19":"tag-russie"},"share_on_mastodon":{"url":"https:\/\/pubeurope.com\/@fr\/115414330417235947","error":""},"_links":{"self":[{"href":"https:\/\/www.europesays.com\/fr\/wp-json\/wp\/v2\/posts\/480462","targetHints":{"allow":["GET"]}}],"collection":[{"href":"https:\/\/www.europesays.com\/fr\/wp-json\/wp\/v2\/posts"}],"about":[{"href":"https:\/\/www.europesays.com\/fr\/wp-json\/wp\/v2\/types\/post"}],"author":[{"embeddable":true,"href":"https:\/\/www.europesays.com\/fr\/wp-json\/wp\/v2\/users\/2"}],"replies":[{"embeddable":true,"href":"https:\/\/www.europesays.com\/fr\/wp-json\/wp\/v2\/comments?post=480462"}],"version-history":[{"count":0,"href":"https:\/\/www.europesays.com\/fr\/wp-json\/wp\/v2\/posts\/480462\/revisions"}],"wp:featuredmedia":[{"embeddable":true,"href":"https:\/\/www.europesays.com\/fr\/wp-json\/wp\/v2\/media\/480463"}],"wp:attachment":[{"href":"https:\/\/www.europesays.com\/fr\/wp-json\/wp\/v2\/media?parent=480462"}],"wp:term":[{"taxonomy":"category","embeddable":true,"href":"https:\/\/www.europesays.com\/fr\/wp-json\/wp\/v2\/categories?post=480462"},{"taxonomy":"post_tag","embeddable":true,"href":"https:\/\/www.europesays.com\/fr\/wp-json\/wp\/v2\/tags?post=480462"}],"curies":[{"name":"wp","href":"https:\/\/api.w.org\/{rel}","templated":true}]}}