{"id":480468,"date":"2025-10-21T21:44:28","date_gmt":"2025-10-21T21:44:28","guid":{"rendered":"https:\/\/www.europesays.com\/fr\/480468\/"},"modified":"2025-10-21T21:44:28","modified_gmt":"2025-10-21T21:44:28","slug":"royaume-uni-rachel-reeves-reconnait-que-le-brexit-et-lausterite-ont-pese-plus-lourdement-que-prevu","status":"publish","type":"post","link":"https:\/\/www.europesays.com\/fr\/480468\/","title":{"rendered":"Royaume-Uni : Rachel Reeves reconna\u00eet que le Brexit et l&rsquo;aust\u00e9rit\u00e9 ont pes\u00e9 plus lourdement que pr\u00e9vu"},"content":{"rendered":"<p>La ministre britannique des Finances, Rachel Reeves, a d\u00e9clar\u00e9 que le Brexit ainsi que les politiques d&rsquo;aust\u00e9rit\u00e9 men\u00e9es par les gouvernements pr\u00e9c\u00e9dents ont eu un impact plus important sur l&rsquo;\u00e9conomie que ce qui \u00e9tait initialement estim\u00e9. Cette d\u00e9claration intervient alors qu&rsquo;elle pr\u00e9pare un budget qui devrait comporter des hausses d&rsquo;imp\u00f4ts mais aussi des mesures destin\u00e9es \u00e0 stimuler la croissance.<\/p>\n<p>Dans des propos rapport\u00e9s par le journal The Guardian, Rachel Reeves a affirm\u00e9 vouloir contredire la r\u00e9vision \u00e0 la baisse attendue des pr\u00e9visions de croissance \u00e9conomique de l&rsquo;Office for Budget Responsibility (OBR), l&rsquo;organisme ind\u00e9pendant de surveillance budg\u00e9taire du Royaume-Uni.<\/p>\n<p>\u00ab Nous savons \u00e9galement &#8212; et l&rsquo;OBR, je pense, sera assez franc \u00e0 ce sujet &#8212; que des \u00e9l\u00e9ments comme l&rsquo;aust\u00e9rit\u00e9, la r\u00e9duction des d\u00e9penses d&rsquo;investissement et le Brexit ont eu un impact plus important sur notre \u00e9conomie que ce qui avait \u00e9t\u00e9 projet\u00e9 \u00e0 l&rsquo;\u00e9poque \u00bb, a-t-elle d\u00e9clar\u00e9 lors d&rsquo;une conf\u00e9rence \u00e0 Birmingham, selon le quotidien.<\/p>\n<p>\u00ab C&rsquo;est pourquoi nous reconstruisons sans complexe nos relations avec l&rsquo;Union europ\u00e9enne, afin de r\u00e9duire certains de ces co\u00fbts qui, \u00e0 mon sens, ont \u00e9t\u00e9 inutilement ajout\u00e9s aux entreprises depuis 2016 et depuis notre sortie officielle il y a quelques ann\u00e9es. \u00bb<\/p>\n<p>L&rsquo;OBR estime que le Brexit r\u00e9duira le niveau de productivit\u00e9 \u00e0 long terme du Royaume-Uni de 4 % par rapport \u00e0 un maintien dans l&rsquo;Union europ\u00e9enne.<\/p>\n<p>Samedi, le gouverneur de la Banque d&rsquo;Angleterre, Andrew Bailey, a estim\u00e9 que le Brexit continuerait probablement de peser sur la croissance \u00e9conomique britannique dans les ann\u00e9es \u00e0 venir.<\/p>\n<p>Des donn\u00e9es publi\u00e9es plus t\u00f4t ont montr\u00e9 que l&#8217;emprunt public du Royaume-Uni au premier semestre de l&rsquo;exercice financier a atteint son niveau le plus \u00e9lev\u00e9 jamais enregistr\u00e9, \u00e0 l&rsquo;exception de la p\u00e9riode de la pand\u00e9mie de coronavirus, maintenant la pression sur Rachel Reeves \u00e0 l&rsquo;approche du budget du 26 novembre.<\/p>\n<p>Plus tard mardi, Reeves a \u00e9t\u00e9 cit\u00e9e par le Financial Times affirmant qu&rsquo;elle esp\u00e9rait voir de nouvelles baisses des taux d&rsquo;int\u00e9r\u00eat par la Banque d&rsquo;Angleterre apr\u00e8s les mesures pr\u00e9vues dans son budget, qui viseront \u00e0 all\u00e9ger le co\u00fbt de la vie pour les familles.<\/p>\n<p>\u00ab Il y aura des mesures cibl\u00e9es dans le budget concernant les prix, car je veux faire baisser le co\u00fbt de la vie pour les familles \u00bb, a d\u00e9clar\u00e9 Reeves. \u00ab Et je souhaite que les taux d&rsquo;int\u00e9r\u00eat, qui ont d\u00e9j\u00e0 baiss\u00e9 cinq fois au cours de la derni\u00e8re ann\u00e9e et un peu plus, continuent de diminuer. \u00bb<\/p>\n<p>Le Royaume-Uni affiche le taux d&rsquo;inflation le plus \u00e9lev\u00e9 parmi les \u00e9conomies du G7, \u00e0 3,8 % en ao\u00fbt. La Banque d&rsquo;Angleterre pr\u00e9voit qu&rsquo;il culminera \u00e0 4 % en septembre, avant de revenir \u00e0 l&rsquo;objectif de 2 % de la banque centrale seulement au printemps 2027.<\/p>\n<p>Le gouverneur Andrew Bailey et ses coll\u00e8gues ont soulign\u00e9 que les perspectives d&rsquo;inflation restent incertaines, rendant difficile la pr\u00e9vision d&rsquo;une nouvelle baisse des taux d&rsquo;int\u00e9r\u00eat.<\/p>\n","protected":false},"excerpt":{"rendered":"La ministre britannique des Finances, Rachel Reeves, a d\u00e9clar\u00e9 que le Brexit ainsi que les politiques d&rsquo;aust\u00e9rit\u00e9 men\u00e9es&hellip;\n","protected":false},"author":2,"featured_media":480469,"comment_status":"","ping_status":"","sticky":false,"template":"","format":"standard","meta":{"footnotes":""},"categories":[1588],"tags":[11,340,1777,674,12,473,1853,1851,1850,1852],"class_list":{"0":"post-480468","1":"post","2":"type-post","3":"status-publish","4":"format-standard","5":"has-post-thumbnail","7":"category-royaume-uni","8":"tag-actualites","9":"tag-bourse","10":"tag-eu","11":"tag-europe","12":"tag-news","13":"tag-royaume-uni","14":"tag-royaume-uni-de-grande-bretagne-et-dirlande-du-nord","15":"tag-uk","16":"tag-united-kingdom","17":"tag-united-kingdom-of-great-britain-and-northern-ireland"},"share_on_mastodon":{"url":"https:\/\/pubeurope.com\/@fr\/115414346213120329","error":""},"_links":{"self":[{"href":"https:\/\/www.europesays.com\/fr\/wp-json\/wp\/v2\/posts\/480468","targetHints":{"allow":["GET"]}}],"collection":[{"href":"https:\/\/www.europesays.com\/fr\/wp-json\/wp\/v2\/posts"}],"about":[{"href":"https:\/\/www.europesays.com\/fr\/wp-json\/wp\/v2\/types\/post"}],"author":[{"embeddable":true,"href":"https:\/\/www.europesays.com\/fr\/wp-json\/wp\/v2\/users\/2"}],"replies":[{"embeddable":true,"href":"https:\/\/www.europesays.com\/fr\/wp-json\/wp\/v2\/comments?post=480468"}],"version-history":[{"count":0,"href":"https:\/\/www.europesays.com\/fr\/wp-json\/wp\/v2\/posts\/480468\/revisions"}],"wp:featuredmedia":[{"embeddable":true,"href":"https:\/\/www.europesays.com\/fr\/wp-json\/wp\/v2\/media\/480469"}],"wp:attachment":[{"href":"https:\/\/www.europesays.com\/fr\/wp-json\/wp\/v2\/media?parent=480468"}],"wp:term":[{"taxonomy":"category","embeddable":true,"href":"https:\/\/www.europesays.com\/fr\/wp-json\/wp\/v2\/categories?post=480468"},{"taxonomy":"post_tag","embeddable":true,"href":"https:\/\/www.europesays.com\/fr\/wp-json\/wp\/v2\/tags?post=480468"}],"curies":[{"name":"wp","href":"https:\/\/api.w.org\/{rel}","templated":true}]}}