{"id":480479,"date":"2025-10-21T21:52:17","date_gmt":"2025-10-21T21:52:17","guid":{"rendered":"https:\/\/www.europesays.com\/fr\/480479\/"},"modified":"2025-10-21T21:52:17","modified_gmt":"2025-10-21T21:52:17","slug":"lisf-peut-rendre-la-france-plus-riche-et-plus-juste","status":"publish","type":"post","link":"https:\/\/www.europesays.com\/fr\/480479\/","title":{"rendered":"L&rsquo;ISF peut rendre la France plus riche et plus juste"},"content":{"rendered":"<p>Une simple analyse des donn\u00e9es de l&rsquo;ISF entre 2013 et 20172 montre\u00a0 en effet que cet imp\u00f4t fonctionnait et \u00e9tait b\u00e9n\u00e9fique pour la France. Voici ce que disent ces chiffres :<\/p>\n<ul>\n<li>Le <b>nombre de d\u00e9clarations ISF a augment\u00e9 de 15 %<\/b> en passant de 312 000 \u00e0 358 000, soit 1 % des contribuables<\/li>\n<\/ul>\n<p>                                          Agrandir l\u2019image : Illustration 1        <\/p>\n<ul>\n<li>\u00a0Le <b>montant de l\u2019actif brut d\u00e9clar\u00e9 par ces contribuables a augment\u00e9 de 28 %<\/b> en passant de<b> 863 milliards \u20ac \u00e0 1 103 milliards \u20ac,<\/b> soit un gain de 240 milliards \u20ac, alors que l\u2019inflation sur cette p\u00e9riode a \u00e9t\u00e9 de moins de 2 %<\/li>\n<\/ul>\n<ul>\n<li class=\"left\">L\u2019<b>actif brut moyen d\u00e9clar\u00e9 par chaque foyer redevable a augment\u00e9 de 11 % <\/b>en passant de <b>2 762 000 \u20ac \u00e0 3 079 000 \u20ac,<\/b> soit un gain moyen de 317 000 \u20ac. Le paiement de l&rsquo;ISF n&rsquo;a \u00e9t\u00e9 qu&rsquo;une broutille face \u00e0 cet accroissement.<\/li>\n<\/ul>\n<p>                                          Agrandir l\u2019image : Illustration 3        <\/p>\n<ul>\n<li class=\"left\">Les <b>dons aux organismes d\u2019int\u00e9r\u00eat g\u00e9n\u00e9ral ont augment\u00e9 de 72\u00a0%<\/b> pour passer de <b>157 \u00e0 \u00e0 269 millions \u20ac <\/b>par an en 2017.<\/li>\n<\/ul>\n<p>                                          Agrandir l\u2019image : Illustration 4        <\/p>\n<ul>\n<li><b>Les investissements dans les soci\u00e9t\u00e9s, soci\u00e9t\u00e9s interpos\u00e9es, FIP, FCPI et FPR ont augment\u00e9 de 35 %<\/b> pour passer \u00e0 pr\u00e8s de 1 \u00e0 1,4 milliards \u20ac<\/li>\n<\/ul>\n<p>                                          Agrandir l\u2019image : Illustration 5        <\/p>\n<p>Dans une p\u00e9riode o\u00f9 on accuse les prestation sociales d&rsquo;\u00eatre responsables du d\u00e9ficit et du surendettement de la France, je n&rsquo;ai aucun scrupule \u00e0 apporter ma pierre \u00e0 la r\u00e9flexion quand je vois comment les politiques \u00e9conomiques fond\u00e9es sur le ruissellement, qui ont \u00e9t\u00e9 men\u00e9es depuis 2018, ont totalement \u00e9chou\u00e9 :<\/p>\n<ul>\n<li>Le nombre de personnes en situation de pauvret\u00e9 et le taux de pauvret\u00e9 n&rsquo;ont jamais \u00e9t\u00e9 aussi \u00e9lev\u00e9s1.<\/li>\n<li>Le niveau de dette et de d\u00e9ficit budg\u00e9taire restent \u00e0 des niveaux tr\u00e8s importants.<\/li>\n<\/ul>\n<p>Loin de remettre en cause leur dogme, ceux qui dirigent la France et une grande partie de ceux qui souhaitent la diriger persistent dans cette approche \u00e9conomique d&rsquo;aust\u00e9rit\u00e9 avec une remise en cause du montant des prestations sociales qui sont souvent le seul moyen de survie de nombreuses personnes en France.<\/p>\n<p>Et pourtant :<\/p>\n<p>\ud83d\udc49 Se priver d&rsquo;imp\u00f4ts et de taxes aupr\u00e8s des plus riches entra\u00eene une augmentation des taux d&rsquo;int\u00e9r\u00eat et de la dette fran\u00e7aise. Ces m\u00eames personnes vont donc avoir des placements avec des taux d&rsquo;int\u00e9r\u00eats major\u00e9s qui leur rapportent plus.<\/p>\n<p>\ud83d\udc49 Les 1 % le plus riches ont atteint un niveau de richesse qui fait que, beaucoup d\u2019entre eux, ne savent plus quoi faire de leur argent, si ce n\u2019est le placer pour essayer de devenir encore plus riche avec parfois des placements \u00e0 risques qui contribuent \u00e0 des bulles sp\u00e9culatives. Quel sens cela a-t-il ?<\/p>\n<p>Pour ne pas remettre en cause les dogmes \u00e9conomiques, on monte une partie de la population contre une autre partie de la population, en faisant croire que les prestations sociales g\u00e9n\u00e8rent de l&rsquo;assistanat, en surestimant le montant des fraudes et tout cela pour faire croire que l&rsquo;on peut r\u00e9cup\u00e9rer des dizaines de milliards d&rsquo;euros de ce c\u00f4t\u00e9 l\u00e0.<\/p>\n<p>A contrario, on ne dit pas :<\/p>\n<p>\ud83d\udc49 que les faibles ressources que touchent les personnes les plus pauvres contribuent imm\u00e9diatement \u00e0 l\u2019activit\u00e9 \u00e9conomique car ils les d\u00e9pensent aupr\u00e8s d&rsquo;autres personnes3 pour payer un loyer, des charges, leur alimentation, des v\u00eatements, &#8230;. . Ces ressources dont les prestations sociales vont donc imm\u00e9diatement contribuer \u00e0 l&rsquo;enrichissement d&rsquo;autres personnes et \u00e0 la richesse nationale par les taxes que cela g\u00e9n\u00e8re.<\/p>\n<p><b>Arr\u00eatons de remettre en cause notre syst\u00e8me social protecteur.<\/b><b>Redonnons sa valeur \u00e0 un imp\u00f4t sur la fortune revisit\u00e9 pour plus de justice fiscale et sociale, mais aussi plus de justice environnementale et climatique.<\/b><b>C\u2019est une approche qui peut non seulement contribuer \u00e0 r\u00e9tablir l\u2019\u00e9quilibre budg\u00e9taire, mais \u00e9galement accro\u00eetre le financement des associations et des entreprises engag\u00e9es dans la justice sociale, environnementale et climatique.<\/b>                                          Agrandir l\u2019image : Illustration 6        <\/p>\n<p>(1) <a href=\"https:\/\/www.insee.fr\/fr\/outil-interactif\/5367857\/tableau\/30_RPC\/33_PAU\" target=\"_blank\" rel=\"noopener\">Source Insee Pauvret\u00e9 &#8211; Pr\u00e9carit\u00e9 &#8211; Tableau de bord de l&rsquo;\u00e9conomie fran\u00e7aise<\/a><\/p>\n<p>(2) <a href=\"https:\/\/www.data.gouv.fr\/datasets\/impot-de-solidarite-sur-la-fortune-impot-sur-la-fortune-immobiliere-par-collectivite-territoriale\/\" target=\"_blank\" rel=\"noopener\">Data.gouv.fr fichiers de synt\u00e8se IFI et ISF<\/a>\u00a0 et <a href=\"https:\/\/www.data.gouv.fr\/datasets\/impot-de-solidarite-sur-la-fortune-impot-sur-la-fortune-immobiliere-par-collectivite-territoriale\/#\/resources\/1ca0d574-22b1-47e0-9711-3538302c50d5\" target=\"_blank\" rel=\"noopener\">Fichier xls \u00ab\u00a0l&rsquo;ISF &#8211; montants et nombres des d\u00e9claration de 1999 \u00e0 2017\u00a0\u00bb<\/a><\/p>\n<p>( 3) \u00a0<a href=\"https:\/\/blogs.mediapart.fr\/bruno-rakedjian\/blog\/060222\/le-ruissellement-par-le-bas-pour-lutter-contre-le-changement-climatique-et-la-misere\" target=\"_blank\" rel=\"noopener\">Voir l&rsquo;article sur ce sujet \u00a0\u00bb le ruissellement par le bas pour lutter contre le changement climatique et la mis\u00e8re \u00a0\u00bb\u00a0<\/a><\/p>\n","protected":false},"excerpt":{"rendered":"Une simple analyse des donn\u00e9es de l&rsquo;ISF entre 2013 et 20172 montre\u00a0 en effet que cet imp\u00f4t fonctionnait&hellip;\n","protected":false},"author":2,"featured_media":480480,"comment_status":"","ping_status":"","sticky":false,"template":"","format":"standard","meta":{"footnotes":""},"categories":[4],"tags":[11,1011,27,4709,54597,303,60359,60360,12,25],"class_list":{"0":"post-480479","1":"post","2":"type-post","3":"status-publish","4":"format-standard","5":"has-post-thumbnail","7":"category-france","8":"tag-actualites","9":"tag-fr","10":"tag-france","11":"tag-impot","12":"tag-isf","13":"tag-justice","14":"tag-justiceenvironnemental","15":"tag-justicesocial","16":"tag-news","17":"tag-republique-francaise"},"share_on_mastodon":{"url":"https:\/\/pubeurope.com\/@fr\/115414377798810874","error":""},"_links":{"self":[{"href":"https:\/\/www.europesays.com\/fr\/wp-json\/wp\/v2\/posts\/480479","targetHints":{"allow":["GET"]}}],"collection":[{"href":"https:\/\/www.europesays.com\/fr\/wp-json\/wp\/v2\/posts"}],"about":[{"href":"https:\/\/www.europesays.com\/fr\/wp-json\/wp\/v2\/types\/post"}],"author":[{"embeddable":true,"href":"https:\/\/www.europesays.com\/fr\/wp-json\/wp\/v2\/users\/2"}],"replies":[{"embeddable":true,"href":"https:\/\/www.europesays.com\/fr\/wp-json\/wp\/v2\/comments?post=480479"}],"version-history":[{"count":0,"href":"https:\/\/www.europesays.com\/fr\/wp-json\/wp\/v2\/posts\/480479\/revisions"}],"wp:featuredmedia":[{"embeddable":true,"href":"https:\/\/www.europesays.com\/fr\/wp-json\/wp\/v2\/media\/480480"}],"wp:attachment":[{"href":"https:\/\/www.europesays.com\/fr\/wp-json\/wp\/v2\/media?parent=480479"}],"wp:term":[{"taxonomy":"category","embeddable":true,"href":"https:\/\/www.europesays.com\/fr\/wp-json\/wp\/v2\/categories?post=480479"},{"taxonomy":"post_tag","embeddable":true,"href":"https:\/\/www.europesays.com\/fr\/wp-json\/wp\/v2\/tags?post=480479"}],"curies":[{"name":"wp","href":"https:\/\/api.w.org\/{rel}","templated":true}]}}