{"id":480483,"date":"2025-10-21T21:54:13","date_gmt":"2025-10-21T21:54:13","guid":{"rendered":"https:\/\/www.europesays.com\/fr\/480483\/"},"modified":"2025-10-21T21:54:13","modified_gmt":"2025-10-21T21:54:13","slug":"le-champion-tours-lance-sa-saison-de-marmara-spikeligue-par-une-victoire-sur-le-promu-ajaccio-lequipe","status":"publish","type":"post","link":"https:\/\/www.europesays.com\/fr\/480483\/","title":{"rendered":"Le champion Tours lance sa saison de Marmara Spikeligue par une victoire sur le promu Ajaccio &#8211; L&#039;\u00c9quipe"},"content":{"rendered":"<ol>\n<li><a href=\"https:\/\/news.google.com\/rss\/articles\/CBMi4AFBVV95cUxNRy1lMkdmX0NUcF8zTE50TTEycXd5NlJlTGdFM0dkWmRyWGxPc0d5bnA2XzBkTnBXY0RmWnlzNnJaQTNZUDdkYnVsdEEzaHZDUW5sS3liR3I3TW5QXzNWZmdmeE52bWpMRERpQ28zXzdEazhCLXFMNVhFMGhwSlZfc2tzbUdCWkdYQ0hIemVweW5HbDFHRERJNE03bTRrMEFUNGxtdW4tSU0xMXNWTDMwMXgzY1RMNU5lOGVrbWw1LVJJR1N3TV9VOXZEX0xBM3AwVVVoSmNUZXBRMy00MHlQMw?oc=5\" target=\"_blank\" rel=\"nofollow noopener\">Le champion Tours lance sa saison de Marmara Spikeligue par une victoire sur le promu Ajaccio<\/a>&nbsp;&nbsp;L&rsquo;\u00c9quipe<\/li>\n<li><a href=\"https:\/\/news.google.com\/rss\/articles\/CBMiyAFBVV95cUxQTVZCY0RBZ0pzazZrcFE1R0JObzNmTHYtb0c1QzBmUEE1dWZEN3NzbVZFa0tXWndXaVlybUNaZXZJRmRhQXpTOExWRnVqUlYzSUhCR0p3dmZxX1dxVVhRcW85RWxkZ3BVT0t6OHZUcDAtbFAwMnZheHFjWndabVFHc0JwdGVXSHc0VUJMa3RVLThXcmhoUzg1cW5pdVIwVnFpNGg0U2RWYzdfclFLajV2dGd3RWllS05jOEVfRFNsdXhyQWZGY3pCZw?oc=5\" target=\"_blank\" rel=\"nofollow noopener\">DIRECT. Le Tours Volley-Ball lance sa saison par un solide succ\u00e8s face \u00e0 Ajaccio<\/a>&nbsp;&nbsp;lanouvellerepublique.fr<\/li>\n<li><a href=\"https:\/\/news.google.com\/rss\/articles\/CBMieEFVX3lxTE1EZmtfTzUwanJ6LVpCSFlxcHhQWUdhYVVRS2ZQQ1JRRmlrR1JTVnJpNVp6bkZLeFJsWlVvd1VGTXRSc29NaFNLTjZqdlBJRUZTVkdsUmkyTS1NZ19NNThlVVkybEVVdjQ5czl0VUxaUHNyTDRoNDJYaQ?oc=5\" target=\"_blank\" rel=\"nofollow noopener\">Ouverture de la chasse \u00e0 Tours<\/a>&nbsp;&nbsp;Ligue Nationale de Volley<\/li>\n<li><a href=\"https:\/\/news.google.com\/rss\/articles\/CBMivgFBVV95cUxPSmllQmtqM3pJNUxkS0lzeUVzVlA4MHViZFBFMVZTZkxzTWFKTmVuSnZfQVljOE9sYnBnRDJhcTVBb0E0a3VtZDl2eGw5cE9YU2xzUzBoTElNY29tdEszR3E5aHc3cERudWVVSXk5UXBfb0JMcl8xb3hQNXRiUkVrUGNESVc5S1JacjdvQ2l2N3Rwc09nTVBHMllBUDgxT1ZLWUxEa2ctSmx0X0RiS0VSdzFKek1ZMWFaY25WYkF3?oc=5\" target=\"_blank\" rel=\"nofollow noopener\">Volley : le GFCA d\u00e9fait sur le terrain du champion de France, Tours<\/a>&nbsp;&nbsp;Corse Matin<\/li>\n<li><a href=\"https:\/\/news.google.com\/rss\/articles\/CBMi1AFBVV95cUxNdEE0QWViXy03U28ycWlhTmt6UkdGd3FmMFlBcF96WU5QSFNDSnVIbWpqeW1LbC1wc05mamgyMFd5SGNvbjRXZWdsb1dHc0draUZKVTcyd0FET2FKUzJJdE9NNzMtRFFBUGxoZzh3clZhSVJwbkFIOGhXdFhTZHBaUGRKbjhuWkg5VWExc2NCTW5CUHl2TEVXRFgzcjgtT0JEekRJY28zX2l4VWZ3dVpDdzQ0Y2ZYQmFZN3NwY0RodHRKNU0zcUxwWWlJQ3F5dUZRclh4WA?oc=5\" target=\"_blank\" rel=\"nofollow noopener\">Volley-ball. Du changement \u00e0 Tours, Montpellier ambitieux : la Ligue A reprend, d\u00e9peupl\u00e9e de ses jeunes talents<\/a>&nbsp;&nbsp;Le Dauphin\u00e9 Lib\u00e9r\u00e9<\/li>\n<\/ol>\n","protected":false},"excerpt":{"rendered":"Le champion Tours lance sa saison de Marmara Spikeligue par une victoire sur le promu Ajaccio&nbsp;&nbsp;L&rsquo;\u00c9quipe DIRECT. Le&hellip;\n","protected":false},"author":2,"featured_media":480484,"comment_status":"","ping_status":"","sticky":false,"template":"","format":"standard","meta":{"footnotes":""},"categories":[1417],"tags":[1011,27,60,1470,1469],"class_list":{"0":"post-480483","1":"post","2":"type-post","3":"status-publish","4":"format-standard","5":"has-post-thumbnail","7":"category-volley","8":"tag-fr","9":"tag-france","10":"tag-sports","11":"tag-volley","12":"tag-volleyball"},"share_on_mastodon":{"url":"https:\/\/pubeurope.com\/@fr\/115414385627426165","error":""},"_links":{"self":[{"href":"https:\/\/www.europesays.com\/fr\/wp-json\/wp\/v2\/posts\/480483","targetHints":{"allow":["GET"]}}],"collection":[{"href":"https:\/\/www.europesays.com\/fr\/wp-json\/wp\/v2\/posts"}],"about":[{"href":"https:\/\/www.europesays.com\/fr\/wp-json\/wp\/v2\/types\/post"}],"author":[{"embeddable":true,"href":"https:\/\/www.europesays.com\/fr\/wp-json\/wp\/v2\/users\/2"}],"replies":[{"embeddable":true,"href":"https:\/\/www.europesays.com\/fr\/wp-json\/wp\/v2\/comments?post=480483"}],"version-history":[{"count":0,"href":"https:\/\/www.europesays.com\/fr\/wp-json\/wp\/v2\/posts\/480483\/revisions"}],"wp:featuredmedia":[{"embeddable":true,"href":"https:\/\/www.europesays.com\/fr\/wp-json\/wp\/v2\/media\/480484"}],"wp:attachment":[{"href":"https:\/\/www.europesays.com\/fr\/wp-json\/wp\/v2\/media?parent=480483"}],"wp:term":[{"taxonomy":"category","embeddable":true,"href":"https:\/\/www.europesays.com\/fr\/wp-json\/wp\/v2\/categories?post=480483"},{"taxonomy":"post_tag","embeddable":true,"href":"https:\/\/www.europesays.com\/fr\/wp-json\/wp\/v2\/tags?post=480483"}],"curies":[{"name":"wp","href":"https:\/\/api.w.org\/{rel}","templated":true}]}}