{"id":480499,"date":"2025-10-21T22:04:11","date_gmt":"2025-10-21T22:04:11","guid":{"rendered":"https:\/\/www.europesays.com\/fr\/480499\/"},"modified":"2025-10-21T22:04:11","modified_gmt":"2025-10-21T22:04:11","slug":"espace-radio-canada-2025-salon-du-livre-de-montreal","status":"publish","type":"post","link":"https:\/\/www.europesays.com\/fr\/480499\/","title":{"rendered":"Espace Radio-Canada 2025 &#8211; Salon du livre de Montr\u00e9al"},"content":{"rendered":"<p dir=\"ltr\"><strong>Empreintes<\/strong> est une s\u00e9rie de r\u00e9cits num\u00e9riques de <strong>Radio-Canada<\/strong>, qui met en lumi\u00e8re des exp\u00e9riences inspirantes v\u00e9cues par des Canadiens de tous les coins du Canada. On y d\u00e9couvrira prochainement l\u2019exp\u00e9rience de l\u2019enseignante M<strong>arie-Dominique Billequey<\/strong>, de Sherbrooke, qui rivalise de cr\u00e9ativit\u00e9 pour ramener l\u2019int\u00e9r\u00eat des jeunes de sa classe envers la lecture. La journaliste <strong>Christine Bureau<\/strong> anime la table ronde avec, entre autres, la participation de deux \u00e9l\u00e8ves <strong>le mercredi 19 novembre<\/strong> de <strong>13h \u00e0 14h<\/strong>. <\/p>\n<p dir=\"ltr\"><strong>Le samedi 22 novembre de 19 h \u00e0 20 h 15<\/strong>, l\u2019Espace Radio-Canada sera l\u2019h\u00f4te de la 5e \u00e9dition de la remise des prix 2025 de l\u2019Acad\u00e9mie des Baobabs. Cette reconnaissance souhaite encourager la production litt\u00e9raire annuelle (roman et po\u00e9sie) issue de l\u2019Afrique et de la diaspora. <\/p>\n<p dir=\"ltr\"><strong>Le dimanche 23 novembre de 11 h 30 \u00e0 midi, Karyne Lefebvre<\/strong> s\u2019entretient avec <strong>Marina Orsini<\/strong> \u00e0 l\u2019occasion du 40e anniversaire du premier volet de la trilogie litt\u00e9raire <strong>Les filles de Caleb d\u2019Arlette Cousture<\/strong>,<strong> Le Chant du coq<\/strong>, sorti en 1985. La version audio lue par<strong> Marina Orsini<\/strong>, sera d\u2019ailleurs disponible d\u00e8s le 1er d\u00e9cembre sur <strong>Radio-Canada OHdio<\/strong>. <\/p>\n<p dir=\"ltr\"><strong>\u00c0 12 h 30, Pierre-Yves McSween<\/strong> converse avec le c\u00e9l\u00e8bre entrepreneur que nous avons connu \u00e0 l\u2019\u00e9mission<strong> Dans l&rsquo;\u0153il du dragon<\/strong>, <strong>Georges Karam<\/strong>, qui a r\u00e9cemment lanc\u00e9 son livre <strong>D\u00e9jouer le destin<\/strong>. Ensemble ils vont aborder son parcours, de ce qui le guide comme entrepreneur et de l\u2019importance pour lui de supporter d\u2019autres entrepreneurs. <\/p>\n<p dir=\"ltr\"><strong>\u00c0 14 h, Karl Hardy<\/strong> anime une discussion sur l\u2019adaptation en s\u00e9rie t\u00e9l\u00e9 jeunesse du roman <strong>Mukbang<\/strong> de <strong>Fanie Demeule<\/strong>, notamment en pr\u00e9sence de l\u2019autrice et du cosc\u00e9nariste, de la com\u00e9dienne principale <strong>L\u00e9ane D\u00e9silets<\/strong> et du r\u00e9alisateur<strong> Kevin T. Landry<\/strong>. Rappelons que la s\u00e9rie raconte la spirale d\u2019une jeune femme qui cherche \u00e0 s\u2019illustrer dans l\u2019univers des \u00ab mukbangs \u00bb, ces spectacles en ligne o\u00f9 des gens mangent d\u2019\u00e9normes quantit\u00e9s de bouffe pour cr\u00e9er la plus forte impression. La conversation sera men\u00e9e en pr\u00e9sence de l\u2019experte en cyberd\u00e9pendance <strong>Magali Dufour<\/strong>.<\/p>\n","protected":false},"excerpt":{"rendered":"Empreintes est une s\u00e9rie de r\u00e9cits num\u00e9riques de Radio-Canada, qui met en lumi\u00e8re des exp\u00e9riences inspirantes v\u00e9cues par&hellip;\n","protected":false},"author":2,"featured_media":480500,"comment_status":"","ping_status":"","sticky":false,"template":"","format":"standard","meta":{"footnotes":""},"categories":[1357],"tags":[1379,58,59,1011,27,1380],"class_list":{"0":"post-480499","1":"post","2":"type-post","3":"status-publish","4":"format-standard","5":"has-post-thumbnail","7":"category-livres","8":"tag-books","9":"tag-divertissement","10":"tag-entertainment","11":"tag-fr","12":"tag-france","13":"tag-livres"},"share_on_mastodon":{"url":"https:\/\/pubeurope.com\/@fr\/115414425057206454","error":""},"_links":{"self":[{"href":"https:\/\/www.europesays.com\/fr\/wp-json\/wp\/v2\/posts\/480499","targetHints":{"allow":["GET"]}}],"collection":[{"href":"https:\/\/www.europesays.com\/fr\/wp-json\/wp\/v2\/posts"}],"about":[{"href":"https:\/\/www.europesays.com\/fr\/wp-json\/wp\/v2\/types\/post"}],"author":[{"embeddable":true,"href":"https:\/\/www.europesays.com\/fr\/wp-json\/wp\/v2\/users\/2"}],"replies":[{"embeddable":true,"href":"https:\/\/www.europesays.com\/fr\/wp-json\/wp\/v2\/comments?post=480499"}],"version-history":[{"count":0,"href":"https:\/\/www.europesays.com\/fr\/wp-json\/wp\/v2\/posts\/480499\/revisions"}],"wp:featuredmedia":[{"embeddable":true,"href":"https:\/\/www.europesays.com\/fr\/wp-json\/wp\/v2\/media\/480500"}],"wp:attachment":[{"href":"https:\/\/www.europesays.com\/fr\/wp-json\/wp\/v2\/media?parent=480499"}],"wp:term":[{"taxonomy":"category","embeddable":true,"href":"https:\/\/www.europesays.com\/fr\/wp-json\/wp\/v2\/categories?post=480499"},{"taxonomy":"post_tag","embeddable":true,"href":"https:\/\/www.europesays.com\/fr\/wp-json\/wp\/v2\/tags?post=480499"}],"curies":[{"name":"wp","href":"https:\/\/api.w.org\/{rel}","templated":true}]}}