{"id":480501,"date":"2025-10-21T22:05:17","date_gmt":"2025-10-21T22:05:17","guid":{"rendered":"https:\/\/www.europesays.com\/fr\/480501\/"},"modified":"2025-10-21T22:05:17","modified_gmt":"2025-10-21T22:05:17","slug":"une-ancienne-soldate-reconvertie-en-agent-penitentiaire-la-serie-culte-prison-break-va-reprendre-sur-disney","status":"publish","type":"post","link":"https:\/\/www.europesays.com\/fr\/480501\/","title":{"rendered":"\u00ab\u00a0Une ancienne soldate reconvertie en agent p\u00e9nitentiaire\u00a0\u00bb\u00a0: la s\u00e9rie culte Prison Break\u00a0va reprendre sur Disney +"},"content":{"rendered":"<p class=\"paragraph text_align_left lp-f-body-02\">Prison Break en passe de rena\u00eetre. La plate-forme de streaming am\u00e9ricaine <a href=\"https:\/\/www.leparisien.fr\/culture-loisirs\/tv\/disney-amazon-apple-hulu-qui-detronera-netflix-13-04-2019-8052411.php\" target=\"_self\" rel=\"noopener\">Hulu<\/a> a donn\u00e9 son feu vert au red\u00e9marrage de la s\u00e9rie culte, relate le m\u00e9dia <a href=\"https:\/\/variety.com\/2025\/tv\/news\/prison-break-reboot-ordered-series-hulu-1236554744\/\" target=\"_self\" rel=\"noopener\">Variety<\/a>. Ce nouveau chapitre sera disponible en France sur <a href=\"https:\/\/www.leparisien.fr\/culture-loisirs\/disney-plus\/\" target=\"_self\" rel=\"noopener\">Disney +<\/a>. <\/p>\n<p class=\"paragraph text_align_left lp-f-body-02\">Ce \u00ab reboot \u00bb de la saga carc\u00e9rale se d\u00e9roulera dans le m\u00eame univers que la s\u00e9rie originale, mais avec des personnages et une intrigue diff\u00e9rents : \u00ab Une ancienne soldate reconvertie en agent p\u00e9nitentiaire accepte un poste dans l\u2019une des prisons les plus meurtri\u00e8res des \u00c9tats-Unis pour prouver jusqu\u2019o\u00f9 elle est pr\u00eate \u00e0 aller pour celui qu\u2019elle aime \u00bb, indique le synopsis.<\/p>\n<p>Nouveau casting<\/p>\n<p class=\"paragraph text_align_left lp-f-body-02\">Les personnages des premi\u00e8res saisons, notamment Dominic Purcell et Wentworth Miller, ne rempilent donc pas dans cette nouvelle version \u00e9crite par Elgin James. Mais de nouveaux visages apparaissent, comme Emily Browning (Cassidy), Drake Rodger (Tommy), Clayton Cardenas (Michael Ghost), JR Bourne (Junior) ou encore Lukas Gage (Jackson).<\/p>\n<p class=\"paragraph text_align_left lp-f-body-02\">S\u00e9rie embl\u00e9matique du d\u00e9but des ann\u00e9es 2000, Prison Break a captiv\u00e9 des millions de t\u00e9l\u00e9spectateurs \u00e0 travers le monde avec son intrigue haletante, centr\u00e9e sur l\u2019\u00e9vasion millim\u00e9tr\u00e9e de deux fr\u00e8res, Michael Scofield et Lincoln Burrows. Diffus\u00e9e pour la premi\u00e8re fois en 2005, la s\u00e9rie s\u2019est impos\u00e9e comme un ph\u00e9nom\u00e8ne culturel gr\u00e2ce \u00e0 son rythme soutenu, ses rebondissements constants et le charisme de son duo principal.<\/p>\n<p class=\"paragraph text_align_left lp-f-body-02\">Apr\u00e8s 5 saisons, un t\u00e9l\u00e9film, un jeu vid\u00e9o et un roman avaient notamment vu le jour. Ce nouveau \u00ab reboot \u00bb marque un tournant assum\u00e9 : faire entrer la saga carc\u00e9rale dans une nouvelle \u00e8re, sans renier son ADN.<\/p>\n","protected":false},"excerpt":{"rendered":"Prison Break en passe de rena\u00eetre. La plate-forme de streaming am\u00e9ricaine Hulu a donn\u00e9 son feu vert au&hellip;\n","protected":false},"author":2,"featured_media":480502,"comment_status":"","ping_status":"","sticky":false,"template":"","format":"standard","meta":{"footnotes":""},"categories":[1356],"tags":[872,58,59,1011,27,1314,252,1364],"class_list":{"0":"post-480501","1":"post","2":"type-post","3":"status-publish","4":"format-standard","5":"has-post-thumbnail","7":"category-television","8":"tag-culture-et-loisirs","9":"tag-divertissement","10":"tag-entertainment","11":"tag-fr","12":"tag-france","13":"tag-series","14":"tag-television","15":"tag-tv"},"share_on_mastodon":{"url":"https:\/\/pubeurope.com\/@fr\/115414428987979153","error":""},"_links":{"self":[{"href":"https:\/\/www.europesays.com\/fr\/wp-json\/wp\/v2\/posts\/480501","targetHints":{"allow":["GET"]}}],"collection":[{"href":"https:\/\/www.europesays.com\/fr\/wp-json\/wp\/v2\/posts"}],"about":[{"href":"https:\/\/www.europesays.com\/fr\/wp-json\/wp\/v2\/types\/post"}],"author":[{"embeddable":true,"href":"https:\/\/www.europesays.com\/fr\/wp-json\/wp\/v2\/users\/2"}],"replies":[{"embeddable":true,"href":"https:\/\/www.europesays.com\/fr\/wp-json\/wp\/v2\/comments?post=480501"}],"version-history":[{"count":0,"href":"https:\/\/www.europesays.com\/fr\/wp-json\/wp\/v2\/posts\/480501\/revisions"}],"wp:featuredmedia":[{"embeddable":true,"href":"https:\/\/www.europesays.com\/fr\/wp-json\/wp\/v2\/media\/480502"}],"wp:attachment":[{"href":"https:\/\/www.europesays.com\/fr\/wp-json\/wp\/v2\/media?parent=480501"}],"wp:term":[{"taxonomy":"category","embeddable":true,"href":"https:\/\/www.europesays.com\/fr\/wp-json\/wp\/v2\/categories?post=480501"},{"taxonomy":"post_tag","embeddable":true,"href":"https:\/\/www.europesays.com\/fr\/wp-json\/wp\/v2\/tags?post=480501"}],"curies":[{"name":"wp","href":"https:\/\/api.w.org\/{rel}","templated":true}]}}