{"id":480505,"date":"2025-10-21T22:07:25","date_gmt":"2025-10-21T22:07:25","guid":{"rendered":"https:\/\/www.europesays.com\/fr\/480505\/"},"modified":"2025-10-21T22:07:25","modified_gmt":"2025-10-21T22:07:25","slug":"oui-de-nadav-lapid-ou-le-yes-man-en-deroute","status":"publish","type":"post","link":"https:\/\/www.europesays.com\/fr\/480505\/","title":{"rendered":"\u00abOui\u00bb, de Nadav Lapid, ou le \u00abyes man\u00bb en d\u00e9route"},"content":{"rendered":"<p>Nadav Lapid semble avoir r\u00e9ussi son coup. Si le grand public a pu l\u2019ignorer jusqu\u2019ici, pour des films soit trop subtils (Le Policier, L\u2019Institutrice) soit trop tortur\u00e9s (Synonymes, Le Genou d\u2019Ahed), cela n\u2019est plus gu\u00e8re possible avec ce Oui lanc\u00e9 comme une bombe (pacifique) en pleine m\u00eal\u00e9e. M\u00eame le fait d\u2019avoir \u00e9t\u00e9 refus\u00e9 en comp\u00e9tition \u00e0 Cannes par exc\u00e8s de prudence \u2013 la Quinzaine des cin\u00e9astes, moins expos\u00e9e aux pressions, en a h\u00e9rit\u00e9 \u2013 puis pris pour cible par des boycotteurs obtus finira par jouer en sa faveur. Con\u00e7u pour faire pol\u00e9mique, il n\u2019en fera que plus parler de lui.<\/p>\n<p>Sur \u00e9cran large, le cin\u00e9aste sort le grand jeu: un \u00abfilm de d\u00e9go\u00fbt\u00bb fellinien, sorte de Dolce vita techno, dantesque et grotesque. A Tel-Aviv, le musicien Y (Ariel Bronz) et sa compagne Yasmin (Efrat Dor) vendent leur art, leur corps et leur \u00e2me dans des f\u00eates priv\u00e9es d\u00e9cadentes o\u00f9 le culte de l\u2019argent, de la nation et de l\u2019arm\u00e9e fait bon m\u00e9nage avec la\u00a0trinit\u00e9 alcool, drogue et sexe. C\u2019est d\u2019une vulgarit\u00e9 agressive, aussi p\u00e9nible que le film de Paolo Sorrentino consacr\u00e9 \u00e0 Berlusconi, Loro. Il s\u2019av\u00e8re bient\u00f4t que ce couple vit par ailleurs modestement en appartement avec un enfant en bas \u00e2ge. Tandis qu\u2019Y attend toujours sa chance, Yasmin ne gagne plus assez comme prof de danse hip-hop, d\u2019o\u00f9 ces \u00e9carts schizophr\u00e8nes.<\/p>\n","protected":false},"excerpt":{"rendered":"Nadav Lapid semble avoir r\u00e9ussi son coup. Si le grand public a pu l\u2019ignorer jusqu\u2019ici, pour des films&hellip;\n","protected":false},"author":2,"featured_media":480506,"comment_status":"","ping_status":"","sticky":false,"template":"","format":"standard","meta":{"footnotes":""},"categories":[1354],"tags":[650,58,59,3297,1346,1011,27,1360,301],"class_list":{"0":"post-480505","1":"post","2":"type-post","3":"status-publish","4":"format-standard","5":"has-post-thumbnail","7":"category-films","8":"tag-cinema","9":"tag-divertissement","10":"tag-entertainment","11":"tag-entre-temps","12":"tag-films","13":"tag-fr","14":"tag-france","15":"tag-movies","16":"tag-premium"},"share_on_mastodon":{"url":"https:\/\/pubeurope.com\/@fr\/115414436663455302","error":""},"_links":{"self":[{"href":"https:\/\/www.europesays.com\/fr\/wp-json\/wp\/v2\/posts\/480505","targetHints":{"allow":["GET"]}}],"collection":[{"href":"https:\/\/www.europesays.com\/fr\/wp-json\/wp\/v2\/posts"}],"about":[{"href":"https:\/\/www.europesays.com\/fr\/wp-json\/wp\/v2\/types\/post"}],"author":[{"embeddable":true,"href":"https:\/\/www.europesays.com\/fr\/wp-json\/wp\/v2\/users\/2"}],"replies":[{"embeddable":true,"href":"https:\/\/www.europesays.com\/fr\/wp-json\/wp\/v2\/comments?post=480505"}],"version-history":[{"count":0,"href":"https:\/\/www.europesays.com\/fr\/wp-json\/wp\/v2\/posts\/480505\/revisions"}],"wp:featuredmedia":[{"embeddable":true,"href":"https:\/\/www.europesays.com\/fr\/wp-json\/wp\/v2\/media\/480506"}],"wp:attachment":[{"href":"https:\/\/www.europesays.com\/fr\/wp-json\/wp\/v2\/media?parent=480505"}],"wp:term":[{"taxonomy":"category","embeddable":true,"href":"https:\/\/www.europesays.com\/fr\/wp-json\/wp\/v2\/categories?post=480505"},{"taxonomy":"post_tag","embeddable":true,"href":"https:\/\/www.europesays.com\/fr\/wp-json\/wp\/v2\/tags?post=480505"}],"curies":[{"name":"wp","href":"https:\/\/api.w.org\/{rel}","templated":true}]}}