{"id":480514,"date":"2025-10-21T22:12:14","date_gmt":"2025-10-21T22:12:14","guid":{"rendered":"https:\/\/www.europesays.com\/fr\/480514\/"},"modified":"2025-10-21T22:12:14","modified_gmt":"2025-10-21T22:12:14","slug":"pourquoi-le-plan-epargne-retraite-est-dans-le-viseur-des-deputes","status":"publish","type":"post","link":"https:\/\/www.europesays.com\/fr\/480514\/","title":{"rendered":"pourquoi le plan \u00e9pargne retraite est dans le viseur des d\u00e9put\u00e9s ?"},"content":{"rendered":"<p>\n    <strong>D\u00c9CRYPTAGE &#8211; <\/strong>Un amendement visant \u00e0 interdire ce dispositif a \u00e9t\u00e9 rejet\u00e9, tandis qu\u2019un autre obligeant de le liquider \u00e0 la retraite a \u00e9t\u00e9 adopt\u00e9 en commission ce lundi.<\/p>\n<p class=\"fig-paragraph\">\u00ab11 millions de Fran\u00e7ais ont un plan \u00e9pargne retraite. LFI veut le supprimer. Toujours la m\u00eame histoire\u00a0: quand quelque chose fonctionne, ils veulent le casser.\u00bb C\u2019est ainsi que le d\u00e9put\u00e9 Jean-Ren\u00e9 Cazeneuve (Ensemble pour la R\u00e9publique) a r\u00e9agi sur X \u00e0 la proposition des Insoumis de supprimer les\u00a0<a href=\"http:\/\/www.lefigaro.fr\/economie\/per-assurance-vie-quand-l-epargne-des-francais-commence-a-financer-la-defense-20251002\" data-fig-type=\"Article\" data-gtm-custom-categorie=\"navigation\" data-gtm-custom-action=\"crossclick\" data-gtm-custom-label=\"Contextuel\" data-gtm-event=\"customEventSPE\" data-fig-domain=\"LEFIGARO\" rel=\"nofollow noopener\" target=\"_blank\">plans \u00e9pargne retraite (PER)<\/a>. Car pour la gauche radicale ce dispositif qui revient sur la table de la commission des finances dans le cadre de l\u2019examen du Budget 2026 repr\u00e9sente \u00abune capitalisation d\u00e9guis\u00e9e\u00bb qui \u00abb\u00e9n\u00e9ficie aux plus ais\u00e9s\u00bb.\u00a0Concr\u00e8tement, ce produit permet d\u2019accumuler une \u00e9pargne afin de compl\u00e9ter ses revenus au moment de la retraite. C\u2019est un des\u00a0<a href=\"http:\/\/www.lefigaro.fr\/finances-perso\/les-francais-epargnent-de-plus-en-plus-tot-voici-leurs-placements-preferes-20250703\" data-fig-type=\"Article\" data-gtm-custom-categorie=\"navigation\" data-gtm-custom-action=\"crossclick\" data-gtm-custom-label=\"Contextuel\" data-gtm-event=\"customEventSPE\" data-fig-domain=\"LEFIGARO\" rel=\"nofollow noopener\" target=\"_blank\">placements pr\u00e9f\u00e9r\u00e9s des Fran\u00e7ais<\/a>, avec 11,2 millions de titulaires, et des encours atteignant en f\u00e9vrier 2025 119 milliards d\u2019euros selon le minist\u00e8re de l\u2019\u00c9conomie. Mais ses facilit\u00e9s fiscales ne semblent pas \u00eatre du go\u00fbt de tous&#8230;<\/p>\n<p class=\"fig-body-link\">\n            \u00c0 lire aussi<br \/>\n        <a class=\"fig-body-link__link fig-premium-mark\" href=\"http:\/\/www.lefigaro.fr\/placement\/retraite-pourquoi-il-faut-miser-sur-le-per-le-plus-tot-possible-20250322\" data-fig-type=\"Article\" data-gtm-custom-categorie=\"navigation\" data-gtm-custom-action=\"crossclick\" data-gtm-custom-label=\"Contextuel\" data-gtm-event=\"customEventSPE\" data-fig-domain=\"LEFIGARO\" rel=\"nofollow noopener\" target=\"_blank\">Retraite\u00a0: pourquoi il faut miser sur le PER le plus t\u00f4t possible<br \/>\n    <\/a>\n<\/p>\n<p class=\"fig-paragraph\">Actuellement, le b\u00e9n\u00e9ficiaire d\u2019un PER peut en effet le conserver apr\u00e8s sa retraite. Or si celui-ci\u2026<\/p>\n<p class=\"fig-premium-paywall__infos\">\n        Cet article est r\u00e9serv\u00e9 aux abonn\u00e9s.        Il vous reste 79% \u00e0 d\u00e9couvrir.\n    <\/p>\n<p>                <img  data- alt=\"Le Figaro\" class=\"fig-img--complete fig-img\"\/><\/p>\n<p class=\"fig-premium-paywall__title\">Vous avez envie de lire la suite ?<\/p>\n<p class=\"fig-premium-paywall__subtitle\">D\u00e9bloquez tous les articles imm\u00e9diatement.<\/p>\n<p class=\"fig-premium-paywall__connect\">\n                D\u00e9j\u00e0 abonn\u00e9\u00a0?                <a class=\"fig-premium-paywall__connect-link\" href=\"https:\/\/connect.lefigaro.fr\/login?client=horizon_web&amp;type=main&amp;redirect_uri=https%3A%2F%2Fwww.lefigaro.fr%2Fconjoncture%2Fbudget-2026-pourquoi-le-plan-epargne-retraite-est-dans-le-viseur-des-deputes-20251021\" data-js-gtm=\"{&quot;customCategorie&quot;: &quot;conversion&quot;, &quot;customAction&quot;: &quot;before_Landing_Connexion_paywall_auto&quot;, &quot;customLabel&quot;: &quot;bGVmaWdhcm8uZnJfXzFmMGFlNzIzLTc3YjUtNjc3NC04YjBhLTNiODNmNWU2ZDRlMl9fTmV3c0ZsYXNo_Budget 2026\u00a0: pourquoi le plan \u00e9pargne retraite est dans le viseur des d\u00e9put\u00e9s\u00a0?_97&quot;, &quot;customIDSPE&quot;: &quot;bGVmaWdhcm8uZnJfXzFmMGFlNzIzLTc3YjUtNjc3NC04YjBhLTNiODNmNWU2ZDRlMl9fTmV3c0ZsYXNo&quot;, &quot;event&quot;: &quot;customEventSPE&quot;}\" rel=\"nofollow noopener\" target=\"_blank\"><br \/>\n                    Connectez-vous<br \/>\n                <\/a>\n            <\/p>\n","protected":false},"excerpt":{"rendered":"D\u00c9CRYPTAGE &#8211; Un amendement visant \u00e0 interdire ce dispositif a \u00e9t\u00e9 rejet\u00e9, tandis qu\u2019un autre obligeant de le&hellip;\n","protected":false},"author":2,"featured_media":480515,"comment_status":"","ping_status":"","sticky":false,"template":"","format":"standard","meta":{"footnotes":""},"categories":[6],"tags":[1003,35,33,34,589,1011,27,137],"class_list":{"0":"post-480514","1":"post","2":"type-post","3":"status-publish","4":"format-standard","5":"has-post-thumbnail","7":"category-economie","8":"tag-budget","9":"tag-business","10":"tag-economie","11":"tag-economy","12":"tag-epargne","13":"tag-fr","14":"tag-france","15":"tag-retraite"},"share_on_mastodon":{"url":"https:\/\/pubeurope.com\/@fr\/115414456303161213","error":""},"_links":{"self":[{"href":"https:\/\/www.europesays.com\/fr\/wp-json\/wp\/v2\/posts\/480514","targetHints":{"allow":["GET"]}}],"collection":[{"href":"https:\/\/www.europesays.com\/fr\/wp-json\/wp\/v2\/posts"}],"about":[{"href":"https:\/\/www.europesays.com\/fr\/wp-json\/wp\/v2\/types\/post"}],"author":[{"embeddable":true,"href":"https:\/\/www.europesays.com\/fr\/wp-json\/wp\/v2\/users\/2"}],"replies":[{"embeddable":true,"href":"https:\/\/www.europesays.com\/fr\/wp-json\/wp\/v2\/comments?post=480514"}],"version-history":[{"count":0,"href":"https:\/\/www.europesays.com\/fr\/wp-json\/wp\/v2\/posts\/480514\/revisions"}],"wp:featuredmedia":[{"embeddable":true,"href":"https:\/\/www.europesays.com\/fr\/wp-json\/wp\/v2\/media\/480515"}],"wp:attachment":[{"href":"https:\/\/www.europesays.com\/fr\/wp-json\/wp\/v2\/media?parent=480514"}],"wp:term":[{"taxonomy":"category","embeddable":true,"href":"https:\/\/www.europesays.com\/fr\/wp-json\/wp\/v2\/categories?post=480514"},{"taxonomy":"post_tag","embeddable":true,"href":"https:\/\/www.europesays.com\/fr\/wp-json\/wp\/v2\/tags?post=480514"}],"curies":[{"name":"wp","href":"https:\/\/api.w.org\/{rel}","templated":true}]}}