{"id":480528,"date":"2025-10-21T22:19:21","date_gmt":"2025-10-21T22:19:21","guid":{"rendered":"https:\/\/www.europesays.com\/fr\/480528\/"},"modified":"2025-10-21T22:19:21","modified_gmt":"2025-10-21T22:19:21","slug":"as-nancy-amiens-sc-paul-bernardoni-a-t-il-fait-oublier-regis-gurtner","status":"publish","type":"post","link":"https:\/\/www.europesays.com\/fr\/480528\/","title":{"rendered":"AS Nancy &#8211; Amiens SC : Paul Bernardoni a-t-il fait oublier R\u00e9gis Gurtner ?"},"content":{"rendered":"<p>Apr\u00e8s chaque rencontre de l\u2019Amiens SC, Le11 vous propose d\u2019\u00e9lire le joueur du match \u00e0 l\u2019occasion d\u2019une grande consultation pr\u00e9sente dans tous nos articles. Et apr\u00e8s <a href=\"https:\/\/le11hdf.fr\/amiens-sc-precieuse-victoire-nancy\/\" rel=\"nofollow noopener\" target=\"_blank\">la victoire contre l\u2019AS Nancy<\/a>, c\u2019est tout de m\u00eame un joueur \u00e0 vocation d\u00e9fensive qui tire son \u00e9pingle du jeu.<\/p>\n<p>Paul Bernardoni, le successeur<\/p>\n<p>Si ce n\u2019est pas le match o\u00f9 il a \u00e9t\u00e9 le plus sollicit\u00e9 (3 arr\u00eats),\u00a0<strong>Paul Bernardoni<\/strong> a tout de m\u00eame eu un impact consid\u00e9rable sur le match en repoussant le penalty de Patrick Ouotro (35\u2032). En seconde p\u00e9riode, il a su pr\u00e9server sa cage inviol\u00e9e pour permettre \u00e0 l\u2019Amiens SC de renouer avec la victoire apr\u00e8s trois d\u00e9faites cons\u00e9cutives (68\u2032, 73\u2032). Tout \u00e7a en y ajoutant la part de vice suffisante pour gagner de pr\u00e9cieuses secondes tout au long de la derni\u00e8re demi-heure.\u00a0Une prestation qui n\u2019est pas sans rappeler ce que pouvait faire un certain R\u00e9gis Gurtner ces derni\u00e8res saisons, avec la r\u00e9ussite sur penalty en plus.<\/p>\n<p><strong>A lire aussi <\/strong>&gt;&gt; <a href=\"https:\/\/le11hdf.fr\/notes-as-nancy-amiens-sc-bernardoni\/\" rel=\"nofollow noopener\" target=\"_blank\">Les notes de AS Nancy \u2013 Amiens SC : Bernardoni d\u00e9cisif, Averlant passif<\/a><\/p>\n<p>Ainsi, Paul Bernardoni a convaincu une tr\u00e8s large majorit\u00e9 de nos lecteurs, tr\u00e8s pr\u00e9cis\u00e9ment 68,09% d\u2019entre vous, de l\u2019\u00e9lire joueur du match pour la troisi\u00e8me fois cons\u00e9cutive, de quoi devenir le joueur le plus distingu\u00e9 depuis le d\u00e9but de saison aux c\u00f4t\u00e9s de Teddy Averlant. Il devance encore <strong>Victor Lobry<\/strong>, cr\u00e9dit\u00e9 de 16,6% des voix. Le podium est compl\u00e9t\u00e9 par le buteur de la rencontre, Yvan Ikia Dimi, avec 5,53% des suffrages.<\/p>\n<p><strong>Le classement d\u00e9taill\u00e9 d\u2019Amiens SC \u2013 US Boulogne :<\/strong><\/p>\n<ul class=\"wp-block-list\">\n<li>Paul Bernardoni : 68,09%<\/li>\n<li>Victor Lobry : 16,6%<\/li>\n<li>Yvan Ikia Dimi : 5,53%<\/li>\n<li>Thomas Monconduit : 3,83%<\/li>\n<li>Ilyes Hamache : 2,55%<\/li>\n<li>Amine Chabane : 1,7%<\/li>\n<li>Teddy Averlant : 0,85%<\/li>\n<li>Aboubacar L\u00f4 : 0,43%<\/li>\n<li>Coleen Louis : 0,43%<\/li>\n<\/ul>\n<p><strong>Le palmar\u00e8s de la saison : <\/strong><\/p>\n<ul class=\"wp-block-list\">\n<li>Teddy Averlant : J1-Reims ; J2-Red Star ; J4-MHSC<\/li>\n<li>Antoine Leautey : J3-Annecy<\/li>\n<li>Ababacar L\u00f4 : J5-Bastia<\/li>\n<li>Victor Lobry : J6-Laval ; J7-ASSE<\/li>\n<li>Paul Bernardoni : J8-USLD ; J9-Boulogne ; J10-AS Nancy<\/li>\n<\/ul>\n<p>Cr\u00e9dits photo : Philippe Lecoeur\/FEP\/<a href=\"http:\/\/iconsport.photo\" target=\"_blank\" rel=\"noopener nofollow\">Icon Sport<\/a><\/p>\n","protected":false},"excerpt":{"rendered":"Apr\u00e8s chaque rencontre de l\u2019Amiens SC, Le11 vous propose d\u2019\u00e9lire le joueur du match \u00e0 l\u2019occasion d\u2019une grande&hellip;\n","protected":false},"author":2,"featured_media":480529,"comment_status":"","ping_status":"","sticky":false,"template":"","format":"standard","meta":{"footnotes":""},"categories":[9635],"tags":[1111,11,1777,674,1011,27,775,1702,12,25],"class_list":{"0":"post-480528","1":"post","2":"type-post","3":"status-publish","4":"format-standard","5":"has-post-thumbnail","7":"category-nancy","8":"tag-actu","9":"tag-actualites","10":"tag-eu","11":"tag-europe","12":"tag-fr","13":"tag-france","14":"tag-grand-est","15":"tag-nancy","16":"tag-news","17":"tag-republique-francaise"},"share_on_mastodon":{"url":"https:\/\/pubeurope.com\/@fr\/115414483902865801","error":""},"_links":{"self":[{"href":"https:\/\/www.europesays.com\/fr\/wp-json\/wp\/v2\/posts\/480528","targetHints":{"allow":["GET"]}}],"collection":[{"href":"https:\/\/www.europesays.com\/fr\/wp-json\/wp\/v2\/posts"}],"about":[{"href":"https:\/\/www.europesays.com\/fr\/wp-json\/wp\/v2\/types\/post"}],"author":[{"embeddable":true,"href":"https:\/\/www.europesays.com\/fr\/wp-json\/wp\/v2\/users\/2"}],"replies":[{"embeddable":true,"href":"https:\/\/www.europesays.com\/fr\/wp-json\/wp\/v2\/comments?post=480528"}],"version-history":[{"count":0,"href":"https:\/\/www.europesays.com\/fr\/wp-json\/wp\/v2\/posts\/480528\/revisions"}],"wp:featuredmedia":[{"embeddable":true,"href":"https:\/\/www.europesays.com\/fr\/wp-json\/wp\/v2\/media\/480529"}],"wp:attachment":[{"href":"https:\/\/www.europesays.com\/fr\/wp-json\/wp\/v2\/media?parent=480528"}],"wp:term":[{"taxonomy":"category","embeddable":true,"href":"https:\/\/www.europesays.com\/fr\/wp-json\/wp\/v2\/categories?post=480528"},{"taxonomy":"post_tag","embeddable":true,"href":"https:\/\/www.europesays.com\/fr\/wp-json\/wp\/v2\/tags?post=480528"}],"curies":[{"name":"wp","href":"https:\/\/api.w.org\/{rel}","templated":true}]}}