{"id":480536,"date":"2025-10-21T22:23:11","date_gmt":"2025-10-21T22:23:11","guid":{"rendered":"https:\/\/www.europesays.com\/fr\/480536\/"},"modified":"2025-10-21T22:23:11","modified_gmt":"2025-10-21T22:23:11","slug":"montpellier-et-st-raphael-ouvrent-leur-compteur-toulouse-sincline","status":"publish","type":"post","link":"https:\/\/www.europesays.com\/fr\/480536\/","title":{"rendered":"Montpellier et St-Rapha\u00ebl ouvrent leur compteur, Toulouse s&rsquo;incline"},"content":{"rendered":"<p><strong>Apr\u00e8s la d\u00e9b\u00e2cle de mardi<br \/>\ndernier, o\u00f9 les trois clubs fran\u00e7ais engag\u00e9s en Ligue europ\u00e9enne<br \/>\ns&rsquo;\u00e9taient inclin\u00e9s lors de la premi\u00e8re journ\u00e9e, Montpellier et<br \/>\nSt-Rapha\u00ebl se sont impos\u00e9s \u00e0 l&rsquo;occasion de la deuxi\u00e8me, alors que<br \/>\nToulouse a encha\u00een\u00e9 une deuxi\u00e8me d\u00e9faite.<\/strong><\/p>\n<p>Premi\u00e8re victoire europ\u00e9enne de la saison pour Montpellier, qui<br \/>\nest all\u00e9 l\u2019emporter 31-37 sur le terrain de Berne, en Suisse. Le<br \/>\nMHB a livr\u00e9 un match tr\u00e8s solide et n\u2019a presque pas trembl\u00e9. Men\u00e9<br \/>\n2-0 en tout d\u00e9but de match, il n\u2019a ensuite jamais \u00e9t\u00e9 derri\u00e8re au<br \/>\ntableau d\u2019affichage. Les H\u00e9raultais ont compt\u00e9 \u00e0 plusieurs reprises<br \/>\nquatre buts d\u2019avance, et ont rejoint les vestiaires en menant<br \/>\n18-21. A la reprise, les Suisses se sont r\u00e9veill\u00e9s et ont \u00e9galis\u00e9 \u00e0<br \/>\n24-24. Mais Montpellier a repris sa marche en avant, avec notamment<br \/>\nun 4-0 pour mener 27-34, et finalement l\u2019emporter de six buts<br \/>\nquelques instants plus tard. Diego Simonet a r\u00e9gal\u00e9, avec 8 buts en<br \/>\n10 tirs, alors que Charles Bolzinger a sign\u00e9 16 arr\u00eats. Gr\u00e2ce \u00e0 ce<br \/>\nlarge succ\u00e8s, le MHB est deuxi\u00e8me du groupe B derri\u00e8re Kiel, avant<br \/>\nd\u2019affronter les Polonais d\u2019Ostrow Wielkopolski (2pts \u00e9galement) le<br \/>\n11 novembre.<\/p>\n<p><strong>Les marqueurs<br \/>\nmontpelli\u00e9rains :<\/strong> Simonet (8), Thurin (5), Moraes<br \/>\nFerreira (3), A.Lenne (3), Plantin (3), Prat (3), Srna (2), Casado<br \/>\nMarcelo (2), Monte Dos Santos (2), Porte (2), Balaguer Romeu (2),<br \/>\nVilleminot (1), Richert (1)<\/p>\n<p>St-Rapha\u00ebl a \u00e9galement d\u00e9bloqu\u00e9 son compteur, en ne faisant<br \/>\nqu\u2019une bouch\u00e9e des Roumains de Potaissa Turda. Le club varois s\u2019est<br \/>\nimpos\u00e9 42-24 dans un match \u00e0 sens unique. Apr\u00e8s quelques minutes,<br \/>\nle SRVHB menait d\u00e9j\u00e0 8-2, puis a encha\u00een\u00e9 plusieurs s\u00e9ries pour<br \/>\nmener 21-11 \u00e0 la pause. La messe \u00e9tait d\u00e9j\u00e0 dite, mais en deuxi\u00e8me<br \/>\np\u00e9riode, l\u2019\u00e9cart n\u2019est jamais descendu en-dessous des dix buts,<br \/>\nSt-Rapha\u00ebl ne cessant de l\u2019accroitre, pour le porter \u00e0 +19 au<br \/>\nmaximum, et +18 au coup de sifflet final. Drevy Paschal s\u2019est<br \/>\nr\u00e9gal\u00e9 dans la d\u00e9fense roumaine et a inscrit 7 buts en 8 tirs,<br \/>\nalors qu\u2019Alexandre Demaille s\u2019est montr\u00e9 tout aussi excellent dans<br \/>\nles buts, en stoppant 13 tirs. Comme Montpellier, St-Rapha\u00ebl est<br \/>\ndeuxi\u00e8me de son groupe, avant de recevoir le club basque d\u2019Irun<br \/>\nlors de la 3e journ\u00e9e.<\/p>\n<p><strong>Les marqueurs<br \/>\nrapha\u00eblois<\/strong> : Paschal (7), Mapu (5), Marescot (5),<br \/>\nLang (4), Dessites (3), Perez Manzanares (3), Mohamed (3), Curcio<br \/>\n(2), Leyvigne (2), Colman (2), Soares Neves (2), Bataille (1),<br \/>\nAugustine (1)<\/p>\n<p>La mauvaise nouvelle du jour c\u00f4t\u00e9 fran\u00e7ais est venue de<br \/>\nToulouse, o\u00f9 le Fenix s\u2019est inclin\u00e9 26-28 face au Vardar Skopje, la<br \/>\nfaute \u00e0 une premi\u00e8re mi-temps rat\u00e9e. Les Mac\u00e9doniens ont en effet<br \/>\nmis la pression d\u00e8s le d\u00e9but du match et ont men\u00e9 1-6 puis 6-12 et<br \/>\nfinalement 11-18 \u00e0 la pause. Et les Toulousains n\u2019ont jamais r\u00e9ussi<br \/>\n\u00e0 inverser la tendance. M\u00eame s\u2019ils ont sign\u00e9 un 5-0 au c\u0153ur de la<br \/>\ndeuxi\u00e8me mi-temps qui leur a permis de revenir \u00e0 22-23, ils ne sont<br \/>\npas parvenus \u00e0 \u00e9galiser, et le Vardar l\u2019a finalement emport\u00e9 de<br \/>\ndeux buts. Nemanja Ilic (photo) finit avec 7 buts et Jef Lettens<br \/>\navec 6 arr\u00eats, mais Toulouse est bel et bien seul dernier de son<br \/>\ngroupe, avant d\u2019aller chez les Croates de Sesvete.<\/p>\n<p><strong>Les marqueurs toulousains<br \/>\n:<\/strong> Ilic (7), Feuchtmann Perez (5), Nyembo (5),<br \/>\nKojadinovic (3), Pineau (3), Slatinek Jovicic (3)<\/p>\n","protected":false},"excerpt":{"rendered":"Apr\u00e8s la d\u00e9b\u00e2cle de mardi dernier, o\u00f9 les trois clubs fran\u00e7ais engag\u00e9s en Ligue europ\u00e9enne s&rsquo;\u00e9taient inclin\u00e9s lors&hellip;\n","protected":false},"author":2,"featured_media":480537,"comment_status":"","ping_status":"","sticky":false,"template":"","format":"standard","meta":{"footnotes":""},"categories":[9599],"tags":[1111,11,1777,674,1011,27,2208,12,2680,25,57681,60368,2312],"class_list":{"0":"post-480536","1":"post","2":"type-post","3":"status-publish","4":"format-standard","5":"has-post-thumbnail","7":"category-montpellier","8":"tag-actu","9":"tag-actualites","10":"tag-eu","11":"tag-europe","12":"tag-fr","13":"tag-france","14":"tag-montpellier","15":"tag-news","16":"tag-occitanie","17":"tag-republique-francaise","18":"tag-sport365-fr","19":"tag-st-raphael","20":"tag-toulouse"},"share_on_mastodon":{"url":"https:\/\/pubeurope.com\/@fr\/115414499641451834","error":""},"_links":{"self":[{"href":"https:\/\/www.europesays.com\/fr\/wp-json\/wp\/v2\/posts\/480536","targetHints":{"allow":["GET"]}}],"collection":[{"href":"https:\/\/www.europesays.com\/fr\/wp-json\/wp\/v2\/posts"}],"about":[{"href":"https:\/\/www.europesays.com\/fr\/wp-json\/wp\/v2\/types\/post"}],"author":[{"embeddable":true,"href":"https:\/\/www.europesays.com\/fr\/wp-json\/wp\/v2\/users\/2"}],"replies":[{"embeddable":true,"href":"https:\/\/www.europesays.com\/fr\/wp-json\/wp\/v2\/comments?post=480536"}],"version-history":[{"count":0,"href":"https:\/\/www.europesays.com\/fr\/wp-json\/wp\/v2\/posts\/480536\/revisions"}],"wp:featuredmedia":[{"embeddable":true,"href":"https:\/\/www.europesays.com\/fr\/wp-json\/wp\/v2\/media\/480537"}],"wp:attachment":[{"href":"https:\/\/www.europesays.com\/fr\/wp-json\/wp\/v2\/media?parent=480536"}],"wp:term":[{"taxonomy":"category","embeddable":true,"href":"https:\/\/www.europesays.com\/fr\/wp-json\/wp\/v2\/categories?post=480536"},{"taxonomy":"post_tag","embeddable":true,"href":"https:\/\/www.europesays.com\/fr\/wp-json\/wp\/v2\/tags?post=480536"}],"curies":[{"name":"wp","href":"https:\/\/api.w.org\/{rel}","templated":true}]}}