{"id":480538,"date":"2025-10-21T22:24:10","date_gmt":"2025-10-21T22:24:10","guid":{"rendered":"https:\/\/www.europesays.com\/fr\/480538\/"},"modified":"2025-10-21T22:24:10","modified_gmt":"2025-10-21T22:24:10","slug":"ca-commence-a-faire-peur","status":"publish","type":"post","link":"https:\/\/www.europesays.com\/fr\/480538\/","title":{"rendered":"\u00ab\u00a0\u00c7a commence \u00e0 faire peur \u00bb"},"content":{"rendered":"<p>            Par<br \/>\n        <strong><br \/>\n            <a href=\"https:\/\/actu.fr\/auteur\/julien-bouteiller\" title=\"Consulter tous les articles de Julien Bouteiller\" target=\"_blank\" rel=\"noopener\">Julien Bouteiller<\/a><br \/>\n        <\/strong><\/p>\n<p>        Publi\u00e9 le<\/p>\n<p>            21 oct. 2025 \u00e0 23h47        <\/p>\n<p>\u00ab\u00a0C\u2019\u00e9tait violent.\u00a0\u00bb Cet homme habitu\u00e9 \u00e0 tra\u00eener dans le quartier n\u2019a pas \u00e9t\u00e9 touch\u00e9, mais<strong> deux de ses amis ont \u00e9t\u00e9 bless\u00e9s<\/strong> et transport\u00e9s \u00e0 l\u2019h\u00f4pital, en t\u00e9moignent <strong>les flaques de sang au sol<\/strong>. Dans la soir\u00e9e du mardi 21 octobre 2025, <strong>une nouvelle explosion myst\u00e9rieuse a retenti<\/strong> en plein centre-ville de <a href=\"https:\/\/actu.fr\/normandie\/rouen_76540\" target=\"_blank\" rel=\"noopener\">Rouen<\/a>, o\u00f9 l\u2019inqui\u00e9tude commence \u00e0 monter.<\/p>\n<p>Une d\u00e9tonation retentit en plein centre-ville<\/p>\n<p class=\" wall-content\">C\u2019est vers 22h30 qu\u2019une forte d\u00e9tonation a retenti <strong>dans le secteur de la rue Damiette<\/strong>. \u00ab\u00a0C\u2019\u00e9tait tr\u00e8s fort\u00a0\u00bb, \u00ab\u00a0impressionnant\u00a0\u00bb, nous indiquent des t\u00e9moins.\u00a0<\/p>\n<p class=\" wall-content\">Dans ce quartier anim\u00e9, ce n\u2019est en effet pas pass\u00e9 inaper\u00e7u. \u00ab\u00a0Il y avait un homme au sol qui criait\u00a0\u00bb, signale un t\u00e9moin.<\/p>\n<p class=\" wall-content\">L\u2019ami de cet homme nous explique qu\u2019il passait dans la petite<strong> rue des Rosiers<\/strong>, lorsqu\u2019il a vu \u00ab\u00a0une lumi\u00e8re, comme une bougie\u00a0\u00bb. Puis la d\u00e9tonation qui a provoqu\u00e9 des \u00e9clats qui ont touch\u00e9 ses comparses aux jambes.\u00a0<\/p>\n<p class=\" wall-content\">Un pompier sur place \u00e9voque \u00ab\u00a0un explosif type mortier\u00a0\u00bb. Suffisamment puissant <strong>pour trouer un panneau de chantier m\u00e9tallique<\/strong>, comme nous avons pu nous-m\u00eames le constater.\u00a0<\/p>\n<p>De pr\u00e9c\u00e9dentes explosions \u00e0 Rouen<\/p>\n<p class=\" wall-content\">Ce fait d\u00e9j\u00e0 inqui\u00e9tant en lui-m\u00eame, \u00e9voque forc\u00e9ment les multiples explosions similaires survenues dans le centre-ville de Rouen <strong>ces derniers mois.<\/strong> La derni\u00e8re en date <a href=\"https:\/\/actu.fr\/normandie\/rouen_76540\/l-immeuble-a-tremble-une-explosion-retenti-dans-le-centre-ville-de-rouen-que-s-est-il-passe_63283573.html\" target=\"_blank\" rel=\"noopener\">remonte au 7 octobre dernier<\/a>, mais on en d\u00e9nombre au moins six depuis le mois de mai. \u00ab\u00a0\u00c7a commence \u00e0 faire peur. Surtout que l\u00e0 il y a eu des bless\u00e9s\u00a0\u00bb, s\u2019inqui\u00e8te un commer\u00e7ant du centre-ville.\u00a0<\/p>\n<p>Votre r\u00e9gion, votre actu !<\/p>\n<p>Recevez chaque jour les infos qui comptent pour vous.<\/p>\n<p>\t<a href=\"https:\/\/actu.fr\/newsletter\" class=\"ac-btn ac-btn--corner ac-btn--medium ac-btn--blue800\" target=\"_blank\" rel=\"noopener\">S&rsquo;incrire<\/a><\/p>\n<p class=\" wall-content\">Sollicit\u00e9e au cours de l\u2019\u00e9t\u00e9 dernier, une source polici\u00e8re nous indiquait que deux plaintes avaient d\u00e9j\u00e0 \u00e9t\u00e9 enregistr\u00e9es pour des d\u00e9gradations li\u00e9es \u00e0 des p\u00e9tards de ce type et faisaient l\u2019objet d\u2019investigations.\u00a0<\/p>\n<p class=\" wall-content\">Ce mardi soir, les polices municipale et nationale \u00e9taient sur place, et devront d\u00e9terminer si ce nouveau fait est li\u00e9 ou non aux pr\u00e9c\u00e9dents.\u00a0<\/p>\n<p>Suivez l\u2019actualit\u00e9 de Rouen <a href=\"https:\/\/www.whatsapp.com\/channel\/0029VaKfnf99hXF2ddApFB1D\" target=\"_blank\" rel=\"noopener\">sur notre cha\u00eene WhatsApp<\/a> et <a href=\"https:\/\/www.tiktok.com\/@76actu.fr?lang=fr\" target=\"_blank\" rel=\"noopener\">sur notre compte TikTok<\/a><\/p>\n<p class=\" wall-content\">Personnalisez votre actualit\u00e9 en ajoutant vos villes et m\u00e9dias en favori avec <a href=\"https:\/\/moncompte.actu.fr\" title=\"D\u00e9couvez Mon Actu\" rel=\"nofollow noopener\" data-trk=\"{&quot;cta&quot;:{&quot;action&quot;:&quot;https:\\\/\\\/moncompte.actu.fr&quot;,&quot;category&quot;:&quot;mon compte&quot;,&quot;from&quot;:&quot;article footer&quot;,&quot;name&quot;:&quot;Mon actu&quot;,&quot;type&quot;:&quot;cta&quot;}}\" target=\"_blank\">Mon Actu<\/a>.<\/p>\n<p>                    <script async src=\"\/\/www.tiktok.com\/embed.js\"><\/script><\/p>\n","protected":false},"excerpt":{"rendered":"Par Julien Bouteiller Publi\u00e9 le 21 oct. 2025 \u00e0 23h47 \u00ab\u00a0C\u2019\u00e9tait violent.\u00a0\u00bb Cet homme habitu\u00e9 \u00e0 tra\u00eener dans&hellip;\n","protected":false},"author":2,"featured_media":480539,"comment_status":"","ping_status":"","sticky":false,"template":"","format":"standard","meta":{"footnotes":""},"categories":[9587],"tags":[1111,11,1777,674,118,1011,27,12,5161,1072,25,9590],"class_list":{"0":"post-480538","1":"post","2":"type-post","3":"status-publish","4":"format-standard","5":"has-post-thumbnail","7":"category-rouen","8":"tag-actu","9":"tag-actualites","10":"tag-eu","11":"tag-europe","12":"tag-faits-divers","13":"tag-fr","14":"tag-france","15":"tag-news","16":"tag-normandie","17":"tag-police","18":"tag-republique-francaise","19":"tag-rouen"},"share_on_mastodon":{"url":"https:\/\/pubeurope.com\/@fr\/115414503553104786","error":""},"_links":{"self":[{"href":"https:\/\/www.europesays.com\/fr\/wp-json\/wp\/v2\/posts\/480538","targetHints":{"allow":["GET"]}}],"collection":[{"href":"https:\/\/www.europesays.com\/fr\/wp-json\/wp\/v2\/posts"}],"about":[{"href":"https:\/\/www.europesays.com\/fr\/wp-json\/wp\/v2\/types\/post"}],"author":[{"embeddable":true,"href":"https:\/\/www.europesays.com\/fr\/wp-json\/wp\/v2\/users\/2"}],"replies":[{"embeddable":true,"href":"https:\/\/www.europesays.com\/fr\/wp-json\/wp\/v2\/comments?post=480538"}],"version-history":[{"count":0,"href":"https:\/\/www.europesays.com\/fr\/wp-json\/wp\/v2\/posts\/480538\/revisions"}],"wp:featuredmedia":[{"embeddable":true,"href":"https:\/\/www.europesays.com\/fr\/wp-json\/wp\/v2\/media\/480539"}],"wp:attachment":[{"href":"https:\/\/www.europesays.com\/fr\/wp-json\/wp\/v2\/media?parent=480538"}],"wp:term":[{"taxonomy":"category","embeddable":true,"href":"https:\/\/www.europesays.com\/fr\/wp-json\/wp\/v2\/categories?post=480538"},{"taxonomy":"post_tag","embeddable":true,"href":"https:\/\/www.europesays.com\/fr\/wp-json\/wp\/v2\/tags?post=480538"}],"curies":[{"name":"wp","href":"https:\/\/api.w.org\/{rel}","templated":true}]}}