{"id":480542,"date":"2025-10-21T22:27:08","date_gmt":"2025-10-21T22:27:08","guid":{"rendered":"https:\/\/www.europesays.com\/fr\/480542\/"},"modified":"2025-10-21T22:27:08","modified_gmt":"2025-10-21T22:27:08","slug":"grenoble-des-visites-costumees-a-grenoble-le-25-octobre-et-le-11-novembre","status":"publish","type":"post","link":"https:\/\/www.europesays.com\/fr\/480542\/","title":{"rendered":"Grenoble. Des visites costum\u00e9es \u00e0 Grenoble le 25 octobre et le 11 novembre"},"content":{"rendered":"<p>Les 25\u00a0octobre et 11\u00a0novembre, des visites th\u00e9\u00e2tralis\u00e9es en petits groupes seront propos\u00e9es \u00e0 Grenoble. Cette balade insolite vous plongera dans l\u2019histoire de la ville avec \u201cGrenoble au temps de Lesdigui\u00e8res\u00a0: le dernier conn\u00e9table\u201d. Au d\u00e9part de la statue d\u2019Hercule, le 25\u00a0octobre \u00e0 14h30 et le 11\u00a0novembre \u00e0 10h30, les visiteurs seront transport\u00e9s au d\u00e9but du XVIIe \u00a0si\u00e8cle. Guid\u00e9s par Marie Vignon, seconde \u00e9pouse du duc de Lesdigui\u00e8res, ils partiront de l\u2019h\u00f4tel de Lesdigui\u00e8res jusqu\u2019\u00e0 la Tour de l\u2019Isle, \u00e0 la d\u00e9couverte de l\u2019influence du duc sur l\u2019architecture de Grenoble, devenue alors la \u201cCapitale des Alpes\u201d.<\/p>\n<p>Tarif\u00a0: 15\u00a0\u20ac par adulte. R\u00e9servations\u00a0:<\/p>\n<blockquote class=\"wp-embedded-content\" data-secret=\"ClRDIYowYo\"><p><a href=\"https:\/\/epoktour.fr\/visite\/grenoble-lesdiguieres\/\" target=\"_blank\" rel=\"noopener\">Grenoble au temps de Lesdigui\u00e8res : le dernier conn\u00e9table<\/a><\/p><\/blockquote>\n<p><iframe loading=\"lazy\" class=\"wp-embedded-content\" sandbox=\"allow-scripts\" security=\"restricted\" style=\"position: absolute; visibility: hidden;\" title=\"\u00ab\u00a0Grenoble au temps de Lesdigui\u00e8res : le dernier conn\u00e9table\u00a0\u00bb &#8212; Epok&#039; Tour\" src=\"https:\/\/epoktour.fr\/visite\/grenoble-lesdiguieres\/embed\/#?secret=LuWl15OLu8#?secret=ClRDIYowYo\" data-secret=\"ClRDIYowYo\" width=\"600\" height=\"338\" frameborder=\"0\" marginwidth=\"0\" marginheight=\"0\" scrolling=\"no\"><\/iframe><\/p>\n","protected":false},"excerpt":{"rendered":"Les 25\u00a0octobre et 11\u00a0novembre, des visites th\u00e9\u00e2tralis\u00e9es en petits groupes seront propos\u00e9es \u00e0 Grenoble. Cette balade insolite vous&hellip;\n","protected":false},"author":2,"featured_media":480543,"comment_status":"","ping_status":"","sticky":false,"template":"","format":"standard","meta":{"footnotes":""},"categories":[9566],"tags":[1111,11,2430,1687,112,1777,674,1011,27,2731,2732,12,25],"class_list":{"0":"post-480542","1":"post","2":"type-post","3":"status-publish","4":"format-standard","5":"has-post-thumbnail","7":"category-grenoble","8":"tag-actu","9":"tag-actualites","10":"tag-auvergne-rhone-alpes","11":"tag-culture-loisirs","12":"tag-edition-grenoble-agglomeration","13":"tag-eu","14":"tag-europe","15":"tag-fr","16":"tag-france","17":"tag-grenoble","18":"tag-grenoble-bassin","19":"tag-news","20":"tag-republique-francaise"},"share_on_mastodon":{"url":"https:\/\/pubeurope.com\/@fr\/115414515639590208","error":""},"_links":{"self":[{"href":"https:\/\/www.europesays.com\/fr\/wp-json\/wp\/v2\/posts\/480542","targetHints":{"allow":["GET"]}}],"collection":[{"href":"https:\/\/www.europesays.com\/fr\/wp-json\/wp\/v2\/posts"}],"about":[{"href":"https:\/\/www.europesays.com\/fr\/wp-json\/wp\/v2\/types\/post"}],"author":[{"embeddable":true,"href":"https:\/\/www.europesays.com\/fr\/wp-json\/wp\/v2\/users\/2"}],"replies":[{"embeddable":true,"href":"https:\/\/www.europesays.com\/fr\/wp-json\/wp\/v2\/comments?post=480542"}],"version-history":[{"count":0,"href":"https:\/\/www.europesays.com\/fr\/wp-json\/wp\/v2\/posts\/480542\/revisions"}],"wp:featuredmedia":[{"embeddable":true,"href":"https:\/\/www.europesays.com\/fr\/wp-json\/wp\/v2\/media\/480543"}],"wp:attachment":[{"href":"https:\/\/www.europesays.com\/fr\/wp-json\/wp\/v2\/media?parent=480542"}],"wp:term":[{"taxonomy":"category","embeddable":true,"href":"https:\/\/www.europesays.com\/fr\/wp-json\/wp\/v2\/categories?post=480542"},{"taxonomy":"post_tag","embeddable":true,"href":"https:\/\/www.europesays.com\/fr\/wp-json\/wp\/v2\/tags?post=480542"}],"curies":[{"name":"wp","href":"https:\/\/api.w.org\/{rel}","templated":true}]}}