{"id":480547,"date":"2025-10-21T22:29:19","date_gmt":"2025-10-21T22:29:19","guid":{"rendered":"https:\/\/www.europesays.com\/fr\/480547\/"},"modified":"2025-10-21T22:29:19","modified_gmt":"2025-10-21T22:29:19","slug":"cancer-du-sein-a-rennes-des-etudiants-se-mobilisent-pour-octobre-rose","status":"publish","type":"post","link":"https:\/\/www.europesays.com\/fr\/480547\/","title":{"rendered":"Cancer du sein\u00a0: \u00e0 Rennes des \u00e9tudiants se mobilisent pour Octobre rose"},"content":{"rendered":"<p>Une journ\u00e9e d\u00e9di\u00e9e \u00e0 la\u00a0sensibilisation et la mobilisation contre le cancer du sein. Dans le cadre de la campagne nationale Octobre rose, l\u2019\u00c9cole des hautes \u00e9tudes en science publique et ses \u00e9tudiants se mobilisent jeudi 23\u00a0octobre 2025 \u00e0 Rennes.<\/p>\n<p>Une exposition et des ateliers<\/p>\n<p>Au programme, des stands de pr\u00e9vention et d\u2019information, une discussion sur la recherche en canc\u00e9rologie mais aussi une exposition photo de Lenaig Jestain et des ateliers yoga ou course \u00e0 pied. L\u2019ensemble des b\u00e9n\u00e9fices de l\u2019\u00e9v\u00e9nement sera revers\u00e9 \u00e0 La Ligue contre le Cancer 35 et au centre Eug\u00e8ne-Marquis.<\/p>\n<p><strong>Lire aussi\u00a0: <\/strong> <a href=\"https:\/\/sante.ouest-france.fr\/cancer\/elle-raconte-son-cancer-du-sein-a-30-ans-on-ne-me-prenait-pas-forcement-au-serieux-9d0c1ee4-a27d-11f0-8fee-8372019c9cea\" target=\"_self\" rel=\"noopener\">Elle raconte son cancer du sein \u00e0 30\u00a0ans\u00a0: \u00ab\u00a0On ne me prenait pas forc\u00e9ment au s\u00e9rieux\u00a0\u00bb<\/a><\/p>\n<p>61\u00a0000\u00a0cancers du sein sont diagnostiqu\u00e9s chaque ann\u00e9e en France, il s\u2019agit du cancer le plus r\u00e9pandu chez la femme. Un d\u00e9pistage gratuit est organis\u00e9 chaque ann\u00e9e pour\u00a0les femmes de 50 \u00e0 74\u00a0ans.<\/p>\n<p>\u00a0<\/p>\n","protected":false},"excerpt":{"rendered":"Une journ\u00e9e d\u00e9di\u00e9e \u00e0 la\u00a0sensibilisation et la mobilisation contre le cancer du sein. Dans le cadre de la&hellip;\n","protected":false},"author":2,"featured_media":480548,"comment_status":"","ping_status":"","sticky":false,"template":"","format":"standard","meta":{"footnotes":""},"categories":[2821],"tags":[1111,11,829,101,6379,1777,674,1011,27,16073,12,7518,584,25,4940,3865],"class_list":{"0":"post-480547","1":"post","2":"type-post","3":"status-publish","4":"format-standard","5":"has-post-thumbnail","7":"category-rennes","8":"tag-actu","9":"tag-actualites","10":"tag-bretagne","11":"tag-cancer","12":"tag-etudiants","13":"tag-eu","14":"tag-europe","15":"tag-fr","16":"tag-france","17":"tag-mobilisent","18":"tag-news","19":"tag-octobre","20":"tag-rennes","21":"tag-republique-francaise","22":"tag-rose","23":"tag-sein"},"share_on_mastodon":{"url":"https:\/\/pubeurope.com\/@fr\/115414523203635785","error":""},"_links":{"self":[{"href":"https:\/\/www.europesays.com\/fr\/wp-json\/wp\/v2\/posts\/480547","targetHints":{"allow":["GET"]}}],"collection":[{"href":"https:\/\/www.europesays.com\/fr\/wp-json\/wp\/v2\/posts"}],"about":[{"href":"https:\/\/www.europesays.com\/fr\/wp-json\/wp\/v2\/types\/post"}],"author":[{"embeddable":true,"href":"https:\/\/www.europesays.com\/fr\/wp-json\/wp\/v2\/users\/2"}],"replies":[{"embeddable":true,"href":"https:\/\/www.europesays.com\/fr\/wp-json\/wp\/v2\/comments?post=480547"}],"version-history":[{"count":0,"href":"https:\/\/www.europesays.com\/fr\/wp-json\/wp\/v2\/posts\/480547\/revisions"}],"wp:featuredmedia":[{"embeddable":true,"href":"https:\/\/www.europesays.com\/fr\/wp-json\/wp\/v2\/media\/480548"}],"wp:attachment":[{"href":"https:\/\/www.europesays.com\/fr\/wp-json\/wp\/v2\/media?parent=480547"}],"wp:term":[{"taxonomy":"category","embeddable":true,"href":"https:\/\/www.europesays.com\/fr\/wp-json\/wp\/v2\/categories?post=480547"},{"taxonomy":"post_tag","embeddable":true,"href":"https:\/\/www.europesays.com\/fr\/wp-json\/wp\/v2\/tags?post=480547"}],"curies":[{"name":"wp","href":"https:\/\/api.w.org\/{rel}","templated":true}]}}