{"id":480549,"date":"2025-10-21T22:30:17","date_gmt":"2025-10-21T22:30:17","guid":{"rendered":"https:\/\/www.europesays.com\/fr\/480549\/"},"modified":"2025-10-21T22:30:17","modified_gmt":"2025-10-21T22:30:17","slug":"basket-n1m-les-sables-enchainent-et-corrigent-rennes-sport","status":"publish","type":"post","link":"https:\/\/www.europesays.com\/fr\/480549\/","title":{"rendered":"Basket. N1M\u00a0: Les Sables encha\u00eenent et corrigent Rennes . Sport"},"content":{"rendered":"<p>Quatre\u00a0jours apr\u00e8s une <a href=\"https:\/\/rennes.maville.com\/sport\/detail_-basket-ball.-n1m-cruel-scenario-pour-l-union-rennes-face-a-lorient-_7-7026996_actu.Htm\" target=\"_blank\" rel=\"noopener\">am\u00e8re d\u00e9faite \u00e0 domicile<\/a> face \u00e0 Lorient (70-74), les Blanc et Noir de l\u2019Union Rennes Basket avaient \u00e0 c\u0153ur de rectifier le tir devant leur public, face aux Sables Vend\u00e9e Basket. C\u2019\u00e9tait sans compter sur un collectif vend\u00e9en bien rod\u00e9, qui n\u2019a jamais laiss\u00e9 respirer les Rennais, ce mardi 21\u00a0octobre.<\/p>\n<p><strong>Lire aussi\u00a0: <\/strong> <a href=\"https:\/\/rennes.maville.com\/sport\/detail_-basket-ball.-n1m-lese-sportivement-rennes-va-faire-appel-du-report-du-derby-contre-vitre-_7-7029034_actu.Htm\" target=\"_blank\" rel=\"noopener\">Basket. N1M\u00a0: \u00ab\u00a0L\u00e9s\u00e9 sportivement\u00a0\u00bb, Rennes va faire appel du report du derby contre Vitr\u00e9<\/a><\/p>\n<p>Ce qui a fait la diff\u00e9rence, c\u2019est avant tout l\u2019efficacit\u00e9 <a href=\"https:\/\/www.ouest-france.fr\/sport\/basket\/les-sables-vendee-basket\/\" target=\"_blank\" rel=\"noopener\">des Vend\u00e9ens<\/a> dans la raquette (20\/38) face \u00e0 la f\u00e9brilit\u00e9 des autres (16\/50). L\u00e0 o\u00f9 les Rennais Channick Nkoma et Johan Randriamananjara n\u2019ont que tr\u00e8s peu trouv\u00e9 le chemin du panier en premi\u00e8re p\u00e9riode, Thomas Klein et Ludovic Martel se sont r\u00e9gal\u00e9s sous le panier (17 et 11\u00a0points), bien servis par leur meneur Louis Prolhac (8\u00a0passes d\u00e9cisives).<\/p>\n<p>Malgr\u00e9 cette lourde d\u00e9faite, c\u00f4t\u00e9 URB, il faut noter la performance honorable de Maxime Pointel, qui a tent\u00e9, tant bien que mal, de porter son \u00e9quipe \u00e0 bout de bras pendant pr\u00e8s de 25\u00a0minutes (13\u00a0points, 2\u00a0passes, 5\u00a0rebonds).<\/p>\n<p><strong>Un renfort offensif bienvenu pour Les Sables<\/strong><\/p>\n<p>S\u2019il y a une \u00e9quipe qui peine \u00e0 encha\u00eener les matches en N1M, c\u2019est bien Rennes. Priv\u00e9 de son joueur cl\u00e9 Eliot Thillier, d\u00e9\u00e7u des r\u00e9centes performances de Darwin Davis, et vaincu \u00e0 deux reprises en quatre\u00a0jours, l\u2019entra\u00eeneur Bastien Demeur\u00e9 ne cachait pas sa d\u00e9ception, ce mardi\u00a0: <strong>\u00ab\u00a0On sait que ce championnat est tr\u00e8s long et \u00e9prouvant. Physiquement, on sent que la fatigue commence \u00e0 r\u00e9ellement peser. Des joueurs comme Darwin Davis, qui excellaient en d\u00e9but de saison, peinent \u00e0 performer depuis quelques jours. M\u00eame si de jeunes joueurs comme Maxime Pointel ou Baptiste Josse ont essay\u00e9 de porter l\u2019\u00e9quipe ce soir <\/strong>(mardi) <strong>et de prendre des initiatives, cela ne suffit pas pour jouer les premiers r\u00f4les sur le long terme.\u00a0\u00bb<\/strong><\/p>\n<p>Acteur de Nationale 1\u00a0depuis maintenant cinq\u00a0ans, les Vend\u00e9ens des Sables Basket ont appris \u00e0 appr\u00e9hender ces longues saisons de championnat. Pour l\u2019entra\u00eeneur Fran\u00e7ois Sence, il \u00e9tait important de travailler \u00e0 l\u2019intersaison sur l\u2019efficacit\u00e9 offensive de ses joueurs\u00a0: \u00ab\u00a0On avait vraiment \u00e0 c\u0153ur de se renforcer offensivement cet \u00e9t\u00e9. On sait que l\u2019attaque est l\u2019une des cl\u00e9s de ce championnat. Alors, il me semblait primordial de m\u2019entourer de joueurs habiles dans la raquette et sous le panier.\u00a0<\/p>\n<p><strong>UNION RENNES BASKET \u2013 LES SABLES VEND\u00c9E BASKET\u00a0: 59-90 <\/strong> <br \/>(17-18, 11-23, 14-23, 17-26)<\/p>\n<p>Arbitres\u00a0: Mme Voyeau, M. Ropert.<\/p>\n<p><strong>RENNES\u00a0:<\/strong> Kamdem 3, Davis Jr 5, M.\u00a0Pointel 13, G Pointel, Randriamananjara 7, Rossignol, Racine 11, Josse 6, Sclear 8, Ndong Nkoma 6.<\/p>\n<p><strong>LES SABLES\u00a0:<\/strong> Klein 17, Prolhac 9, Ruel 11, Wright 7, Gassama 2, Mouhri 8, Aricique 7, Martel 11, Noudogbessi 6, Meurice-Valet 8.<\/p>\n<p>\u00a0<\/p>\n<p>\u00a0<\/p>\n","protected":false},"excerpt":{"rendered":"Quatre\u00a0jours apr\u00e8s une am\u00e8re d\u00e9faite \u00e0 domicile face \u00e0 Lorient (70-74), les Blanc et Noir de l\u2019Union Rennes&hellip;\n","protected":false},"author":2,"featured_media":480550,"comment_status":"","ping_status":"","sticky":false,"template":"","format":"standard","meta":{"footnotes":""},"categories":[2821],"tags":[1111,11,3809,1465,829,1777,674,63,1011,27,1792,1922,12,584,25,479,3728,517,1470],"class_list":{"0":"post-480549","1":"post","2":"type-post","3":"status-publish","4":"format-standard","5":"has-post-thumbnail","7":"category-rennes","8":"tag-actu","9":"tag-actualites","10":"tag-ball","11":"tag-basket","12":"tag-bretagne","13":"tag-eu","14":"tag-europe","15":"tag-football","16":"tag-fr","17":"tag-france","18":"tag-handball","19":"tag-info","20":"tag-news","21":"tag-rennes","22":"tag-republique-francaise","23":"tag-rugby","24":"tag-saint-malo","25":"tag-sport","26":"tag-volley"},"share_on_mastodon":{"url":"https:\/\/pubeurope.com\/@fr\/115414527103806972","error":""},"_links":{"self":[{"href":"https:\/\/www.europesays.com\/fr\/wp-json\/wp\/v2\/posts\/480549","targetHints":{"allow":["GET"]}}],"collection":[{"href":"https:\/\/www.europesays.com\/fr\/wp-json\/wp\/v2\/posts"}],"about":[{"href":"https:\/\/www.europesays.com\/fr\/wp-json\/wp\/v2\/types\/post"}],"author":[{"embeddable":true,"href":"https:\/\/www.europesays.com\/fr\/wp-json\/wp\/v2\/users\/2"}],"replies":[{"embeddable":true,"href":"https:\/\/www.europesays.com\/fr\/wp-json\/wp\/v2\/comments?post=480549"}],"version-history":[{"count":0,"href":"https:\/\/www.europesays.com\/fr\/wp-json\/wp\/v2\/posts\/480549\/revisions"}],"wp:featuredmedia":[{"embeddable":true,"href":"https:\/\/www.europesays.com\/fr\/wp-json\/wp\/v2\/media\/480550"}],"wp:attachment":[{"href":"https:\/\/www.europesays.com\/fr\/wp-json\/wp\/v2\/media?parent=480549"}],"wp:term":[{"taxonomy":"category","embeddable":true,"href":"https:\/\/www.europesays.com\/fr\/wp-json\/wp\/v2\/categories?post=480549"},{"taxonomy":"post_tag","embeddable":true,"href":"https:\/\/www.europesays.com\/fr\/wp-json\/wp\/v2\/tags?post=480549"}],"curies":[{"name":"wp","href":"https:\/\/api.w.org\/{rel}","templated":true}]}}