{"id":480559,"date":"2025-10-21T22:35:19","date_gmt":"2025-10-21T22:35:19","guid":{"rendered":"https:\/\/www.europesays.com\/fr\/480559\/"},"modified":"2025-10-21T22:35:19","modified_gmt":"2025-10-21T22:35:19","slug":"municipales-2026-a-carquefou-karine-bonfils-a-nouveau-candidate","status":"publish","type":"post","link":"https:\/\/www.europesays.com\/fr\/480559\/","title":{"rendered":"Municipales 2026. \u00c0 Carquefou, Karine Bonfils \u00e0 nouveau candidate"},"content":{"rendered":"<p>Karine Bonfiils est la troisi\u00e8me femme officialisant sa candidature avec l\u2019objectif de ravir la mairie \u00e0 l\u2019actuelle majorit\u00e9 anim\u00e9e par V\u00e9ronique Dubettier-Grenier. Une autre candidate, rel\u00e9gu\u00e9e dans l\u2019opposition depuis 2021, a confirm\u00e9 r\u00e9cemment se lancer dans l\u2019ar\u00e8ne \u00e9lectorale qui pourrait voir sur 5, voire 6\u00a0listes, s\u2019affronter en mars\u00a02026.<\/p>\n<p>\u00ab\u00a0Je n\u2019ai eu de cesse de d\u00e9fendre les int\u00e9r\u00eats des habitants\u00a0\u00bb<\/p>\n<p>Karine Bonfils, 53\u00a0ans, annonce la couleur\u00a0: \u00a0J\u2019ai conduit il y a six ans une liste citoyenne dont j\u2019ai \u00e9t\u00e9 la seule \u00e9lue. Depuis, je n\u2019ai eu de cesse de d\u00e9fendre les int\u00e9r\u00eats des habitants tout en d\u00e9non\u00e7ant les d\u00e9rives orchestr\u00e9es par l\u2019\u00e9quipe en place\u00a0.<\/p>\n<p>Le ton est accrocheur, les arguments de la postulante sont explicites.<\/p>\n<p>Karine Bonfils qui \u00e9tait d\u00e9j\u00e0 conseill\u00e8re municipale depuis 2014 \u2013 au c\u00f4t\u00e9 de l\u2019actuelle maire -, d\u00e9cline une s\u00e9rie de motifs qui justifient son engagement. \u00a0Le renoncement de Jacques Perrochat (\u00e9lu en 2020 avec trois\u00a0autres colistiers, N.D.L.R.) m\u2019incite \u00e0 renouveler une liste assise sur des colistiers qui figuraient d\u00e9j\u00e0 \u00e0 mes c\u00f4t\u00e9s \u00e0 laquelle s\u2019associeront d\u2019autres comp\u00e9tences locales pour mener une gouvernance exemplaire, transparente et respectueuse\u00a0.<\/p>\n<p>Pr\u00e9sence r\u00e9guli\u00e8re depuis 12\u00a0ans<\/p>\n<p>Sa candidature illustre son souhait de capitaliser sur sa pr\u00e9sence r\u00e9guli\u00e8re depuis 12\u00a0ans aux conseils municipaux et aux commissions.<\/p>\n<p>Repr\u00e9sentante r\u00e9gionale de l\u2019Association des \u00e9lus locaux d\u2019opposition, (AELO) elle se dit \u00a0hargneuse et combattante\u00a0.<\/p>\n<p>Trois priorit\u00e9s\u2026<\/p>\n<p>Le ton est ferme et les griefs sont nombreux d\u2019apr\u00e8s Karine Bonfils qui \u00e9tait\u00a0contre la piscine et contre la r\u00e9habilitation de la Fleuriaye, des exc\u00e8s financiers dans un contexte pr\u00e9occupant\u00a0.<\/p>\n<p>L\u2019\u00e9ventuelle imp\u00e9trante propose de \u00a0tourner la page des pratiques douteuses et de construire avec les Carquefoliens une ville sobre, solidaire et ambitieuse\u00a0.<\/p>\n<p>La d\u00e9marche de Vivons Carquefou s\u2019articule autour de trois priorit\u00e9s\u00a0:\u00a0r\u00e9tablir la probit\u00e9 et la transparence dans la gestion municipale, r\u00e9orienter les investissements vers des projets utiles et accessibles et associer les citoyens aux grandes d\u00e9cisions qui concernent l\u2019avenir de leur ville\u00a0. Et de citer par exemple un premier projet\u00a0: \u00a0transformer le Charbonneau en Parc de Ville\u00a0.<\/p>\n<p>Elle finalise le programme<\/p>\n<p>Karine Bonfils, mari\u00e9e, 52\u00a0ans, est m\u00e8re de trois\u00a0enfants de 24, 22 et 18\u00a0ans, pratiquait il y a peu encore le triathlon, sport d\u2019endurance. Elle est gestionnaire de son propre parc immobilier. Avec son \u00e9quipe, elle finalise le programme qu\u2019ils proposeront aux \u00e9lecteurs, tout comme ses colistiers seront bient\u00f4t r\u00e9v\u00e9l\u00e9s.<\/p>\n<p>Contact\u00a0: vivonscarquefou@gmail.com.<\/p>\n<p><a href=\"https:\/\/nantes.maville.com\/actu\/actudet_-carquefou.-combien-de-listes-a-l-election-municipale-_8-7020912_actu.Htm\" target=\"_blank\" rel=\"noopener\">\u00c0 lire aussi\u00a0: Combien de listes \u00e0 l\u2019\u00e9lection municipale \u00e0 Carquefou\u00a0?<\/a><\/p>\n<p>\u00a0<\/p>\n","protected":false},"excerpt":{"rendered":"Karine Bonfiils est la troisi\u00e8me femme officialisant sa candidature avec l\u2019objectif de ravir la mairie \u00e0 l\u2019actuelle majorit\u00e9&hellip;\n","protected":false},"author":2,"featured_media":480560,"comment_status":"","ping_status":"","sticky":false,"template":"","format":"standard","meta":{"footnotes":""},"categories":[2818],"tags":[5734,1111,11,60369,5108,3862,1777,674,1011,27,1787,3554,766,12,4565,2636,25],"class_list":{"0":"post-480559","1":"post","2":"type-post","3":"status-publish","4":"format-standard","5":"has-post-thumbnail","7":"category-nantes","8":"tag-5734","9":"tag-actu","10":"tag-actualites","11":"tag-bonfils","12":"tag-candidate","13":"tag-carquefou","14":"tag-eu","15":"tag-europe","16":"tag-fr","17":"tag-france","18":"tag-karine","19":"tag-municipales","20":"tag-nantes","21":"tag-news","22":"tag-nouveau","23":"tag-pays-de-la-loire","24":"tag-republique-francaise"},"share_on_mastodon":{"url":"https:\/\/pubeurope.com\/@fr\/115414546754050955","error":""},"_links":{"self":[{"href":"https:\/\/www.europesays.com\/fr\/wp-json\/wp\/v2\/posts\/480559","targetHints":{"allow":["GET"]}}],"collection":[{"href":"https:\/\/www.europesays.com\/fr\/wp-json\/wp\/v2\/posts"}],"about":[{"href":"https:\/\/www.europesays.com\/fr\/wp-json\/wp\/v2\/types\/post"}],"author":[{"embeddable":true,"href":"https:\/\/www.europesays.com\/fr\/wp-json\/wp\/v2\/users\/2"}],"replies":[{"embeddable":true,"href":"https:\/\/www.europesays.com\/fr\/wp-json\/wp\/v2\/comments?post=480559"}],"version-history":[{"count":0,"href":"https:\/\/www.europesays.com\/fr\/wp-json\/wp\/v2\/posts\/480559\/revisions"}],"wp:featuredmedia":[{"embeddable":true,"href":"https:\/\/www.europesays.com\/fr\/wp-json\/wp\/v2\/media\/480560"}],"wp:attachment":[{"href":"https:\/\/www.europesays.com\/fr\/wp-json\/wp\/v2\/media?parent=480559"}],"wp:term":[{"taxonomy":"category","embeddable":true,"href":"https:\/\/www.europesays.com\/fr\/wp-json\/wp\/v2\/categories?post=480559"},{"taxonomy":"post_tag","embeddable":true,"href":"https:\/\/www.europesays.com\/fr\/wp-json\/wp\/v2\/tags?post=480559"}],"curies":[{"name":"wp","href":"https:\/\/api.w.org\/{rel}","templated":true}]}}