{"id":480575,"date":"2025-10-21T22:44:11","date_gmt":"2025-10-21T22:44:11","guid":{"rendered":"https:\/\/www.europesays.com\/fr\/480575\/"},"modified":"2025-10-21T22:44:11","modified_gmt":"2025-10-21T22:44:11","slug":"christophe-madrolle-et-fabien-perez-pronent-une-ecologie-raisonnable","status":"publish","type":"post","link":"https:\/\/www.europesays.com\/fr\/480575\/","title":{"rendered":"Christophe Madrolle et Fabien Perez pr\u00f4nent une \u00e9cologie \u00ab\u00a0raisonnable\u00a0\u00bb"},"content":{"rendered":"<p>\u00c0 entendre Christophe Madrolle, l\u2019\u00e9cologie politique serait une pi\u00e8ce \u00e0 deux faces\u00a0: l\u2019une incarn\u00e9e par EELV, marqu\u00e9e r\u00e9cemment par <a href=\"https:\/\/www.laprovence.com\/article\/faits-divers-justice\/55660612426863\/info-la-provence-hassen-hammou-le-chef-de-file-eelv-a-marseille-convoque-devant-la-justice-pour-corruption-de-mineur\" target=\"_blank\" rel=\"noopener\">la suspension d\u2019Hassen Hammou<\/a> qui \u00ab\u00a0affaisse notre capacit\u00e9 \u00e0 nous, \u00e9cologistes, d\u2019exister\u00a0\u00bb. L\u2019autre par la \u00ab\u00a0grande famille \u00e9cologiste\u00a0\u00bb, dont les \u00e9lus se trouvent aussi bien dans la majorit\u00e9 de la droite et du centre de Renaud Muselier (Ren.) comme c\u2019est son cas, que dans la majorit\u00e9 municipale plurielle de Beno\u00eet Payan ou tent\u00e9s <a href=\"https:\/\/www.laprovence.com\/article\/politique\/1710636946245\/marseille-confidentiels-sebastien-barles-se-rapproche-un-peu-plus-de-lfi\" target=\"_blank\" rel=\"noopener\">par une alliance avec La France insoumise<\/a>.<\/p>\n<p>Ce mardi 21\u00a0octobre, Christophe Madrolle et Fabien Perez, conseiller municipal EELV, ont pr\u00e9sent\u00e9 la s\u00e9rie de mesures imagin\u00e9es <a href=\"https:\/\/www.laprovence.com\/article\/region\/2772625428426414\/a-marseille-le-groupe-ecologiste-en-zone-de-turbulences\" target=\"_blank\" rel=\"noopener\">par leur think tank \u00ab\u00a0\u00c9cologie des solutions\u00a0\u00bb<\/a> \u00e0 \u00ab\u00a0mettre dans le d\u00e9bat \u00e0 cinq mois des municipales\u00a0\u00bb, pr\u00e9cise ce dernier. Pour Fabien Perez, \u00ab\u00a0l\u2019urgence climatique\u00a0\u00bb n\u00e9cessite un \u00ab\u00a0diagnostic partag\u00e9 \u00e0 la lumi\u00e8re de la science\u00a0\u00bb entre les quatre collectivit\u00e9s locales\u00a0: mairie, M\u00e9tropole, D\u00e9partement et R\u00e9gion. Or, ces cinq derni\u00e8res ann\u00e9es, \u00ab\u00a0le dialogue entre la Ville de Marseille et la M\u00e9tropole n\u2019a pas \u00e9t\u00e9 au rendez-vous\u00a0\u00bb, constate Fabien Perez, qui \u00e9vite toutefois d\u2019interroger les raisons de ces d\u00e9saccords.<\/p>\n<p>En pr\u00e9sence d\u2019autres militants \u00e9cologistes, Christophe Madr&#8230;<\/p>\n","protected":false},"excerpt":{"rendered":"\u00c0 entendre Christophe Madrolle, l\u2019\u00e9cologie politique serait une pi\u00e8ce \u00e0 deux faces\u00a0: l\u2019une incarn\u00e9e par EELV, marqu\u00e9e r\u00e9cemment&hellip;\n","protected":false},"author":2,"featured_media":480576,"comment_status":"","ping_status":"","sticky":false,"template":"","format":"standard","meta":{"footnotes":""},"categories":[2814],"tags":[17,5734,1111,11,14141,1777,674,55664,1011,27,60371,884,3554,12,60372,316,882,25],"class_list":{"0":"post-480575","1":"post","2":"type-post","3":"status-publish","4":"format-standard","5":"has-post-thumbnail","7":"category-marseille","8":"tag-17","9":"tag-5734","10":"tag-actu","11":"tag-actualites","12":"tag-christophe","13":"tag-eu","14":"tag-europe","15":"tag-fabien","16":"tag-fr","17":"tag-france","18":"tag-madrolle","19":"tag-marseille","20":"tag-municipales","21":"tag-news","22":"tag-perez","23":"tag-politique","24":"tag-provence-alpes-cote-dazur","25":"tag-republique-francaise"},"share_on_mastodon":{"url":"https:\/\/pubeurope.com\/@fr\/115414582177161952","error":""},"_links":{"self":[{"href":"https:\/\/www.europesays.com\/fr\/wp-json\/wp\/v2\/posts\/480575","targetHints":{"allow":["GET"]}}],"collection":[{"href":"https:\/\/www.europesays.com\/fr\/wp-json\/wp\/v2\/posts"}],"about":[{"href":"https:\/\/www.europesays.com\/fr\/wp-json\/wp\/v2\/types\/post"}],"author":[{"embeddable":true,"href":"https:\/\/www.europesays.com\/fr\/wp-json\/wp\/v2\/users\/2"}],"replies":[{"embeddable":true,"href":"https:\/\/www.europesays.com\/fr\/wp-json\/wp\/v2\/comments?post=480575"}],"version-history":[{"count":0,"href":"https:\/\/www.europesays.com\/fr\/wp-json\/wp\/v2\/posts\/480575\/revisions"}],"wp:featuredmedia":[{"embeddable":true,"href":"https:\/\/www.europesays.com\/fr\/wp-json\/wp\/v2\/media\/480576"}],"wp:attachment":[{"href":"https:\/\/www.europesays.com\/fr\/wp-json\/wp\/v2\/media?parent=480575"}],"wp:term":[{"taxonomy":"category","embeddable":true,"href":"https:\/\/www.europesays.com\/fr\/wp-json\/wp\/v2\/categories?post=480575"},{"taxonomy":"post_tag","embeddable":true,"href":"https:\/\/www.europesays.com\/fr\/wp-json\/wp\/v2\/tags?post=480575"}],"curies":[{"name":"wp","href":"https:\/\/api.w.org\/{rel}","templated":true}]}}