{"id":480579,"date":"2025-10-21T22:46:15","date_gmt":"2025-10-21T22:46:15","guid":{"rendered":"https:\/\/www.europesays.com\/fr\/480579\/"},"modified":"2025-10-21T22:46:15","modified_gmt":"2025-10-21T22:46:15","slug":"lyon-le-campement-de-fortune-de-perrache-evacue-ce-mardi-matin","status":"publish","type":"post","link":"https:\/\/www.europesays.com\/fr\/480579\/","title":{"rendered":"Lyon. Le campement de fortune de Perrache \u00e9vacu\u00e9 ce mardi matin"},"content":{"rendered":"<p>\u00c0 la demande de la M\u00e9tropole de Lyon, la police a \u00e9vacu\u00e9 ce matin le campement sauvage install\u00e9 passage France P\u00e9jot, au niveau des vo\u00fbtes de Perrache \u00e0 Lyon (2e). Constitu\u00e9 de tentes et d\u2019abris de fortune, il abritait 25 personnes, dont une majorit\u00e9 d\u2019hommes.<\/p>\n<p>Cinq d\u2019entre eux, \u00e2g\u00e9s de 20 \u00e0 41 ans et de nationalit\u00e9 alg\u00e9rienne, marocaine, tunisienne et \u00e9gyptienne, qui se trouvaient en situation irr\u00e9guli\u00e8re, ont \u00e9t\u00e9 transf\u00e9r\u00e9s dans les locaux de la police aux fronti\u00e8res (PAF).<\/p>\n<p>  La M\u00e9tropole devrait installer des protections<\/p>\n<p>Les autres occupants du campement ont \u00e9t\u00e9 pris en charge en vue d\u2019une solution de relogement.<\/p>\n<p>Ce contenu est bloqu\u00e9 car vous n&rsquo;avez pas accept\u00e9 les cookies et autres traceurs.<\/p>\n<p>En cliquant sur \u00ab J\u2019accepte \u00bb, les cookies et autres traceurs seront d\u00e9pos\u00e9s et vous pourrez visualiser les contenus  (<a href=\"\" class=\"consentModule_policy\" target=\"_blank\" title=\"Consulter la politique de protection des donn\u00e9es du fournisseur\">plus d&rsquo;informations<\/a>).<\/p>\n<p>En cliquant sur \u00ab J\u2019accepte tous les cookies \u00bb, vous autorisez des d\u00e9p\u00f4ts de cookies et autres traceurs pour le stockage de vos donn\u00e9es sur nos sites et applications \u00e0 des fins de personnalisation et de ciblage publicitaire.<\/p>\n<p class=\"consentModule_secondaryText\">Vous gardez la possibilit\u00e9 de retirer votre consentement \u00e0 tout moment en consultant notre <a href=\"https:\/\/www.leprogres.fr\/protection-des-donnees\" target=\"_blank\" title=\"Consulter notre politique de protection des donn\u00e9es\" rel=\"noopener\">politique de protection des donn\u00e9es<\/a>. <br \/>&#13;<br \/>\n            <a href=\"https:\/\/www.leprogres.fr\/faits-divers-justice\/2025\/10\/21\/javascript:Didomi.notice.show()\" class=\"consentModule_cmp\" target=\"_blank\" rel=\"noopener\">G\u00e9rer mes choix<\/a>&#13;\n        <\/p>\n<p>&#13;<br \/>\n                        J&rsquo;accepte&#13;<br \/>\n            J&rsquo;accepte tous les cookies&#13;\n        <\/p>\n<p>Apr\u00e8s l\u2019\u00e9vacuation , une \u00e9quipe est intervenue pour nettoyer les lieux et la M\u00e9tropole devrait mettre en place des protections destin\u00e9es \u00e0 \u00e9viter une nouvelle installation.<\/p>\n","protected":false},"excerpt":{"rendered":"\u00c0 la demande de la M\u00e9tropole de Lyon, la police a \u00e9vacu\u00e9 ce matin le campement sauvage install\u00e9&hellip;\n","protected":false},"author":2,"featured_media":480580,"comment_status":"","ping_status":"","sticky":false,"template":"","format":"standard","meta":{"footnotes":""},"categories":[1889],"tags":[1111,11,2430,2757,1777,674,274,107,1011,27,2428,12354,12353,12,25,2429],"class_list":{"0":"post-480579","1":"post","2":"type-post","3":"status-publish","4":"format-standard","5":"has-post-thumbnail","7":"category-lyon","8":"tag-actu","9":"tag-actualites","10":"tag-auvergne-rhone-alpes","11":"tag-edition-lyon-villeurbanne","12":"tag-eu","13":"tag-europe","14":"tag-faits-divers-justice","15":"tag-fil-info","16":"tag-fr","17":"tag-france","18":"tag-lyon","19":"tag-lyon-2e","20":"tag-lyon-2e-arrondissement","21":"tag-news","22":"tag-republique-francaise","23":"tag-rhone"},"share_on_mastodon":{"url":"https:\/\/pubeurope.com\/@fr\/115414590142090827","error":""},"_links":{"self":[{"href":"https:\/\/www.europesays.com\/fr\/wp-json\/wp\/v2\/posts\/480579","targetHints":{"allow":["GET"]}}],"collection":[{"href":"https:\/\/www.europesays.com\/fr\/wp-json\/wp\/v2\/posts"}],"about":[{"href":"https:\/\/www.europesays.com\/fr\/wp-json\/wp\/v2\/types\/post"}],"author":[{"embeddable":true,"href":"https:\/\/www.europesays.com\/fr\/wp-json\/wp\/v2\/users\/2"}],"replies":[{"embeddable":true,"href":"https:\/\/www.europesays.com\/fr\/wp-json\/wp\/v2\/comments?post=480579"}],"version-history":[{"count":0,"href":"https:\/\/www.europesays.com\/fr\/wp-json\/wp\/v2\/posts\/480579\/revisions"}],"wp:featuredmedia":[{"embeddable":true,"href":"https:\/\/www.europesays.com\/fr\/wp-json\/wp\/v2\/media\/480580"}],"wp:attachment":[{"href":"https:\/\/www.europesays.com\/fr\/wp-json\/wp\/v2\/media?parent=480579"}],"wp:term":[{"taxonomy":"category","embeddable":true,"href":"https:\/\/www.europesays.com\/fr\/wp-json\/wp\/v2\/categories?post=480579"},{"taxonomy":"post_tag","embeddable":true,"href":"https:\/\/www.europesays.com\/fr\/wp-json\/wp\/v2\/tags?post=480579"}],"curies":[{"name":"wp","href":"https:\/\/api.w.org\/{rel}","templated":true}]}}