{"id":480597,"date":"2025-10-21T22:58:11","date_gmt":"2025-10-21T22:58:11","guid":{"rendered":"https:\/\/www.europesays.com\/fr\/480597\/"},"modified":"2025-10-21T22:58:11","modified_gmt":"2025-10-21T22:58:11","slug":"on-vous-explique-pourquoi-le-torchon-brule-entre-elon-musk-et-la-nasa","status":"publish","type":"post","link":"https:\/\/www.europesays.com\/fr\/480597\/","title":{"rendered":"On vous explique pourquoi le torchon br\u00fble entre Elon Musk et la Nasa"},"content":{"rendered":"<p>Rien ne va plus entre <a href=\"https:\/\/www.20minutes.fr\/dossier\/elon_musk\" target=\"_blank\" class=\"c-link c-link--is-underlined\" rel=\"nofollow noopener\">Elon Musk<\/a> et la <a href=\"https:\/\/www.20minutes.fr\/sciences\/nasa\/\" target=\"_blank\" class=\"c-link c-link--is-underlined\" rel=\"nofollow noopener\">Nasa<\/a>. Le patron de <a href=\"https:\/\/www.20minutes.fr\/dossier\/spacex\" target=\"_blank\" class=\"c-link c-link--is-underlined\" rel=\"nofollow noopener\">SpaceX<\/a> a violemment attaqu\u00e9 mardi Sean Duffy, administrateur par int\u00e9rim de l\u2019agence spatiale am\u00e9ricaine, apr\u00e8s que ce dernier a \u00e9voqu\u00e9 la possibilit\u00e9 de se passer de son entreprise pour le retour des Etats-Unis sur la Lune. \u00ab\u00a0Sean le Cr\u00e9tin est en train d\u2019essayer de tuer la Nasa\u00a0!\u00a0\u00bb, a l\u00e2ch\u00e9 le milliardaire sur X, en r\u00e9ponse directe \u00e0 des d\u00e9clarations jug\u00e9es hostiles \u00e0 SpaceX.<\/p>\n<p>Lundi, sur la cha\u00eene <a href=\"https:\/\/www.20minutes.fr\/dossier\/fox_news\" target=\"_blank\" class=\"c-link c-link--is-underlined\" rel=\"nofollow noopener\">Fox News<\/a>, Sean Duffy \u2013 \u00e9galement ministre des Transports dans le gouvernement de <a href=\"https:\/\/www.20minutes.fr\/dossier\/donald_trump\" target=\"_blank\" class=\"c-link c-link--is-underlined\" rel=\"nofollow noopener\">Donald Trump<\/a> \u2013 a annonc\u00e9 vouloir relancer <a href=\"https:\/\/www.20minutes.fr\/high-tech\/sciences\/4180512-20251021-etats-unis-nasa-va-mettre-concurrents-pattes-spacex-missions-lunaires\" target=\"_blank\" class=\"c-link c-link--is-underlined\" rel=\"nofollow noopener\">les appels d\u2019offres pour la mission Art\u00e9mis 3<\/a>, qui pr\u00e9voit le retour des astronautes am\u00e9ricains sur la Lune. Il a justifi\u00e9 sa d\u00e9cision en pointant du doigt les retards de SpaceX dans le d\u00e9veloppement de sa fus\u00e9e g\u00e9ante Starship\u00a0: \u00ab\u00a0J\u2019adore SpaceX, c\u2019est une entreprise incroyable. Le probl\u00e8me, c\u2019est qu\u2019ils sont en retard\u2026 Nous sommes en comp\u00e9tition avec la Chine.\u00a0\u00bb<\/p>\n<p>Elon Musk contre-attaque sur X<\/p>\n<p>Cette sortie a imm\u00e9diatement enflamm\u00e9 les r\u00e9seaux. Car SpaceX d\u00e9tient pour l\u2019instant le contrat exclusif pour l\u2019alunisseur de la mission <a href=\"https:\/\/www.20minutes.fr\/sciences\/artemis\/\" target=\"_blank\" class=\"c-link c-link--is-underlined\" rel=\"nofollow noopener\">Art\u00e9mis 3<\/a>, cens\u00e9e permettre \u00e0 des humains de fouler de nouveau le sol lunaire. Mais plusieurs experts estiment que <a href=\"https:\/\/www.20minutes.fr\/sciences\/starship\/\" target=\"_blank\" class=\"c-link c-link--is-underlined\" rel=\"nofollow noopener\">Starship<\/a> ne sera pas pr\u00eate \u00e0 temps\u00a0: la Nasa vise d\u00e9sormais la mi-2027, une \u00e9ch\u00e9ance que beaucoup jugent intenable.<\/p>\n<\/p>\n<p>Face \u00e0 ces critiques, Elon Musk a d\u00e9fendu bec et ongles son entreprise. Il a affirm\u00e9 que Starship \u00ab\u00a0finira par r\u00e9aliser toute la mission lunaire\u00a0\u00bb, et que SpaceX avance \u00ab\u00a0\u00e0 la vitesse de l\u2019\u00e9clair par rapport au reste de l\u2019industrie spatiale\u00a0\u00bb. Malgr\u00e9 ces assurances, la Nasa envisagerait d\u00e9sormais d\u2019explorer d\u2019autres options, notamment l\u2019alunisseur d\u00e9velopp\u00e9 par <a href=\"https:\/\/www.20minutes.fr\/high-tech\/blue-origin\/\" target=\"_blank\" class=\"c-link c-link--is-underlined\" rel=\"nofollow noopener\">Blue Origin<\/a>, la soci\u00e9t\u00e9 de <a href=\"https:\/\/www.20minutes.fr\/dossier\/jeff_bezos\" target=\"_blank\" class=\"c-link c-link--is-underlined\" rel=\"nofollow noopener\">Jeff Bezos<\/a>. Une possibilit\u00e9 qui viserait \u00e0 \u00e9viter un nouveau report, alors que la rivalit\u00e9 avec la Chine s\u2019intensifie.<\/p>\n<blockquote class=\"twitter-tweet\" align=\"center\" data-lang=\"fr_FR\">\n<p lang=\"en\" dir=\"ltr\">Should someone whose biggest claim to fame is climbing trees be running America\u2019s space program? \ud83e\udd14<\/p>\n<p>\u2014 Elon Musk (@elonmusk) <a href=\"https:\/\/twitter.com\/elonmusk\/status\/1980645697390277051?ref_src=twsrc%5Etfw\" rel=\"nofollow noopener\" target=\"_blank\">October 21, 2025<\/a><\/p><\/blockquote>\n<p class=\"mb-xxl@xs color-ultramarine font-weight-semi-bold@xs font-source-serif-pro heading-s@xs\">L\u2019acc\u00e8s \u00e0 ce contenu a \u00e9t\u00e9 bloqu\u00e9 afin de respecter votre choix de consentement<\/p>\n<p class=\"mb-m@xs text-l@xs\">En cliquant sur\u00ab J\u2019accepte \u00bb, vous acceptez le d\u00e9p\u00f4t de cookies par des services externes et aurez ainsi acc\u00e8s aux contenus de nos partenaires.<\/p>\n<p class=\"mb-xl@xs text-s@xs\">Plus d\u2019informations sur la page<a href=\"https:\/\/www.20minutes.fr\/gestion-cookies\" class=\"mx-xxs@xs color-ultramarine\" rel=\"nofollow noopener\" target=\"_blank\">Politique de gestion des cookies<\/a><\/p>\n<p>J\u2019accepteUn conflit politique en toile de fond<\/p>\n<p>Derri\u00e8re cette passe d\u2019armes technique se cache un conflit politique ouvert. Le poste d\u2019administrateur permanent de la Nasa reste \u00e0 pourvoir, et les tensions s\u2019aiguisent au sein de l\u2019administration Trump. L\u2019homme d\u2019affaires Jared Isaacman, proche d\u2019Elon Musk et pilote de la mission priv\u00e9e Inspiration4, avait d\u2019abord \u00e9t\u00e9 pressenti pour le poste avant d\u2019\u00eatre \u00e9cart\u00e9 fin mai \u2013 peu avant la brouille entre Donald Trump et le patron de SpaceX.<\/p>\n<p><a href=\"https:\/\/www.20minutes.fr\/dossier\/elon_musk\" target=\"_blank\" class=\"c-link c-btn c-btn--primary\" rel=\"nofollow noopener\">Notre dossier sur Elon Musk<\/a><\/p>\n<p>Selon plusieurs m\u00e9dias am\u00e9ricains dont <a href=\"https:\/\/www.cnn.com\/2025\/10\/21\/science\/elon-musk-sean-duffy-nasa-spacex\" rel=\"nofollow noopener\" target=\"_blank\" class=\"c-link c-link--is-underlined\">CNN<\/a>, le pr\u00e9sident songerait d\u00e9sormais \u00e0 le renommer. Une d\u00e9cision \u00e0 laquelle Sean Duffy s\u2019opposerait farouchement, pr\u00e9f\u00e9rant conserver la main sur l\u2019agence. R\u00e9sultat\u00a0: entre SpaceX, la Nasa et la Maison-Blanche, la bataille pour la Lune vire au r\u00e8glement de comptes politique.<\/p>\n<p><script async src=\"https:\/\/platform.twitter.com\/widgets.js\" charset=\"utf-8\"><\/script><\/p>\n","protected":false},"excerpt":{"rendered":"Rien ne va plus entre Elon Musk et la Nasa. Le patron de SpaceX a violemment attaqu\u00e9 mardi&hellip;\n","protected":false},"author":2,"featured_media":480598,"comment_status":"","ping_status":"","sticky":false,"template":"","format":"standard","meta":{"footnotes":""},"categories":[1589],"tags":[47,11,9002,75,46,73,1866,697,74,333,12,52,45,2758,1864,1865,1863,308],"class_list":{"0":"post-480597","1":"post","2":"type-post","3":"status-publish","4":"format-standard","5":"has-post-thumbnail","7":"category-etats-unis","8":"tag-actualite","9":"tag-actualites","10":"tag-blue-origin","11":"tag-donald-trump","12":"tag-elon-musk","13":"tag-etats-unis","14":"tag-etats-unis-damerique","15":"tag-jeff-bezos","16":"tag-monde","17":"tag-nasa","18":"tag-news","19":"tag-planete","20":"tag-spacex","21":"tag-starship","22":"tag-united-states","23":"tag-united-states-of-america","24":"tag-us","25":"tag-usa"},"share_on_mastodon":{"url":"https:\/\/pubeurope.com\/@fr\/115414637256721522","error":""},"_links":{"self":[{"href":"https:\/\/www.europesays.com\/fr\/wp-json\/wp\/v2\/posts\/480597","targetHints":{"allow":["GET"]}}],"collection":[{"href":"https:\/\/www.europesays.com\/fr\/wp-json\/wp\/v2\/posts"}],"about":[{"href":"https:\/\/www.europesays.com\/fr\/wp-json\/wp\/v2\/types\/post"}],"author":[{"embeddable":true,"href":"https:\/\/www.europesays.com\/fr\/wp-json\/wp\/v2\/users\/2"}],"replies":[{"embeddable":true,"href":"https:\/\/www.europesays.com\/fr\/wp-json\/wp\/v2\/comments?post=480597"}],"version-history":[{"count":0,"href":"https:\/\/www.europesays.com\/fr\/wp-json\/wp\/v2\/posts\/480597\/revisions"}],"wp:featuredmedia":[{"embeddable":true,"href":"https:\/\/www.europesays.com\/fr\/wp-json\/wp\/v2\/media\/480598"}],"wp:attachment":[{"href":"https:\/\/www.europesays.com\/fr\/wp-json\/wp\/v2\/media?parent=480597"}],"wp:term":[{"taxonomy":"category","embeddable":true,"href":"https:\/\/www.europesays.com\/fr\/wp-json\/wp\/v2\/categories?post=480597"},{"taxonomy":"post_tag","embeddable":true,"href":"https:\/\/www.europesays.com\/fr\/wp-json\/wp\/v2\/tags?post=480597"}],"curies":[{"name":"wp","href":"https:\/\/api.w.org\/{rel}","templated":true}]}}