{"id":480599,"date":"2025-10-21T22:59:14","date_gmt":"2025-10-21T22:59:14","guid":{"rendered":"https:\/\/www.europesays.com\/fr\/480599\/"},"modified":"2025-10-21T22:59:14","modified_gmt":"2025-10-21T22:59:14","slug":"a-lapproche-de-lecheance-doctobre-a-lonu-le-royaume-uni-adresse-une-lettre-a-lalgerie","status":"publish","type":"post","link":"https:\/\/www.europesays.com\/fr\/480599\/","title":{"rendered":"\u00c0 l\u2019approche de l\u2019\u00e9ch\u00e9ance d\u2019octobre \u00e0 l\u2019ONU, le Royaume-Uni adresse une lettre \u00e0 l\u2019Alg\u00e9rie"},"content":{"rendered":"<p>\u00c0 dix jours de l&rsquo;adoption d&rsquo;une nouvelle r\u00e9solution par le Conseil de s\u00e9curit\u00e9 des Nations unies sur la question du Sahara, le Royaume-Uni a d\u00e9p\u00each\u00e9 \u00e0 Alger son secr\u00e9taire d&rsquo;\u00c9tat aux Affaires \u00e9trang\u00e8res, charg\u00e9 du Moyen-Orient et de l&rsquo;Afrique du Nord, Hamish Falconer. Ce mardi 21 octobre, le responsable britannique a remis une lettre de la nouvelle cheffe de la diplomatie britannique, Yvette Cooper, en fonction depuis le 5 septembre 2025, \u00e0 son homologue alg\u00e9rien Ahmed Attaf.<\/p>\n<p>Selon un communiqu\u00e9 du minist\u00e8re alg\u00e9rien des Affaires \u00e9trang\u00e8res, les discussions ont port\u00e9 sur \u00abdes questions d&rsquo;actualit\u00e9 inscrites \u00e0 l&rsquo;ordre du jour du Conseil de s\u00e9curit\u00e9 des Nations unies\u00bb. Le dossier du Sahara occidental, crucial pour Alger, a naturellement \u00e9t\u00e9 au c\u0153ur des \u00e9changes.<\/p>\n<p>Le Royaume-Uni <a href=\"https:\/\/www.yabiladi.com\/articles\/details\/178421\/sahara-l-onu-royaume-uni-rejoint-efforts.html\" target=\"_blank\" rel=\"nofollow noopener\">s&rsquo;est ralli\u00e9<\/a> aux efforts des \u00c9tats-Unis et de la France pour soutenir une r\u00e9solution du Conseil de s\u00e9curit\u00e9 en faveur du plan d&rsquo;autonomie propos\u00e9 par le Maroc en 2007, visant \u00e0 r\u00e9soudre le diff\u00e9rend autour du Sahara occidental.<\/p>\n<p>Au-del\u00e0 de cette question, Londres cherche \u00e9galement \u00e0 s&rsquo;assurer une part du march\u00e9 alg\u00e9rien, <a href=\"https:\/\/www.yabiladi.com\/articles\/details\/174468\/l-algerie-brade-ressources-naturelles-pour.html\" target=\"_blank\" rel=\"nofollow noopener\">\u00e0 l&rsquo;instar des \u00c9tats-Unis<\/a>, notamment dans les secteurs des hydrocarbures, des \u00e9nergies renouvelables et de l&rsquo;agriculture. Ces sujets ont \u00e9t\u00e9 abord\u00e9s lors de la rencontre entre Hamish Falconer et la secr\u00e9taire d&rsquo;\u00c9tat au minist\u00e8re des Affaires \u00e9trang\u00e8res, charg\u00e9e des questions africaines, Mme Salma Mansouri, le m\u00eame jour \u00e0 Alger.<\/p>\n<p>Pour rappel, le gouvernement alg\u00e9rien <a href=\"https:\/\/www.yabiladi.com\/articles\/details\/162702\/apres-etats-unis-l-algerie-offre-joli.html\" target=\"_blank\" rel=\"nofollow noopener\">avait sign\u00e9<\/a> en mars dernier \u00e0 Londres, en marge du Salon de l&rsquo;industrie agroalimentaire et des boissons (IFE 2025), des accords et m\u00e9morandums d&rsquo;entente avec des entreprises britanniques pour un montant d&rsquo;un milliard de dollars.<\/p>\n","protected":false},"excerpt":{"rendered":"\u00c0 dix jours de l&rsquo;adoption d&rsquo;une nouvelle r\u00e9solution par le Conseil de s\u00e9curit\u00e9 des Nations unies sur la&hellip;\n","protected":false},"author":2,"featured_media":480600,"comment_status":"","ping_status":"","sticky":false,"template":"","format":"standard","meta":{"footnotes":""},"categories":[1588],"tags":[11,1777,674,12,473,1853,1851,1850,1852],"class_list":{"0":"post-480599","1":"post","2":"type-post","3":"status-publish","4":"format-standard","5":"has-post-thumbnail","7":"category-royaume-uni","8":"tag-actualites","9":"tag-eu","10":"tag-europe","11":"tag-news","12":"tag-royaume-uni","13":"tag-royaume-uni-de-grande-bretagne-et-dirlande-du-nord","14":"tag-uk","15":"tag-united-kingdom","16":"tag-united-kingdom-of-great-britain-and-northern-ireland"},"share_on_mastodon":{"url":"https:\/\/pubeurope.com\/@fr\/115414641268249028","error":""},"_links":{"self":[{"href":"https:\/\/www.europesays.com\/fr\/wp-json\/wp\/v2\/posts\/480599","targetHints":{"allow":["GET"]}}],"collection":[{"href":"https:\/\/www.europesays.com\/fr\/wp-json\/wp\/v2\/posts"}],"about":[{"href":"https:\/\/www.europesays.com\/fr\/wp-json\/wp\/v2\/types\/post"}],"author":[{"embeddable":true,"href":"https:\/\/www.europesays.com\/fr\/wp-json\/wp\/v2\/users\/2"}],"replies":[{"embeddable":true,"href":"https:\/\/www.europesays.com\/fr\/wp-json\/wp\/v2\/comments?post=480599"}],"version-history":[{"count":0,"href":"https:\/\/www.europesays.com\/fr\/wp-json\/wp\/v2\/posts\/480599\/revisions"}],"wp:featuredmedia":[{"embeddable":true,"href":"https:\/\/www.europesays.com\/fr\/wp-json\/wp\/v2\/media\/480600"}],"wp:attachment":[{"href":"https:\/\/www.europesays.com\/fr\/wp-json\/wp\/v2\/media?parent=480599"}],"wp:term":[{"taxonomy":"category","embeddable":true,"href":"https:\/\/www.europesays.com\/fr\/wp-json\/wp\/v2\/categories?post=480599"},{"taxonomy":"post_tag","embeddable":true,"href":"https:\/\/www.europesays.com\/fr\/wp-json\/wp\/v2\/tags?post=480599"}],"curies":[{"name":"wp","href":"https:\/\/api.w.org\/{rel}","templated":true}]}}