{"id":480605,"date":"2025-10-21T23:02:19","date_gmt":"2025-10-21T23:02:19","guid":{"rendered":"https:\/\/www.europesays.com\/fr\/480605\/"},"modified":"2025-10-21T23:02:19","modified_gmt":"2025-10-21T23:02:19","slug":"lue-trop-dependante-des-geants-de-la-tech","status":"publish","type":"post","link":"https:\/\/www.europesays.com\/fr\/480605\/","title":{"rendered":"l\u2019UE trop d\u00e9pendante des g\u00e9ants de la tech ?"},"content":{"rendered":"<p class=\"mb-4 text-lg md:leading-8 break-words\">Malgr\u00e9 son nom, le cloud computing (ou nuage informatique) n&rsquo;est pas une technologie lointaine, faite de vapeur d&rsquo;eau. Elle est bien r\u00e9elle, et ses dysfonctionnements peuvent avoir des r\u00e9percussions mondiales, provoquant la panne de plateformes bancaires, de sites web gouvernementaux, de r\u00e9seaux sociaux et de services de livraison de repas.<\/p>\n<p class=\"mb-4 text-lg md:leading-8 break-words\">Le cloud n&rsquo;est pas non plus un concept global. Il n&rsquo;existe pas de \u00ab\u00a0cloud\u00a0\u00bb unique, et comme l&rsquo;a montr\u00e9 la panne d&rsquo;Amazon Web Services (AWS) lundi dernier, une d\u00e9pendance excessive \u00e0 un seul cloud laisse peu d&rsquo;alternatives aux applications et aux sites web en cas de probl\u00e8mes techniques.<\/p>\n<p class=\"mb-4 text-lg md:leading-8 break-words\">AWS a d\u00e9clar\u00e9 que son service cloud \u00e9tait revenu \u00e0 la normale apr\u00e8s avoir r\u00e9solu le probl\u00e8me li\u00e9 \u00e0 la connexion des entreprises aux services de donn\u00e9es AWS aux \u00c9tats-Unis.<\/p>\n<p class=\"mb-4 text-lg md:leading-8 break-words\">\u00ab\u00a0Ces perturbations ne sont pas seulement des probl\u00e8mes techniques, ce sont des \u00e9checs d\u00e9mocratiques\u00a0\u00bb, a d\u00e9clar\u00e9 Corinne Cath-Speth, sp\u00e9cialiste du cloud et directrice num\u00e9rique de l&rsquo;organisation de d\u00e9fense des droits humains ARTICLE 19.<\/p>\n<p class=\"mb-4 text-lg md:leading-8 break-words\">\u00ab\u00a0Lorsqu&rsquo;un seul fournisseur tombe en panne, les services essentiels tombent \u00e9galement en panne : les m\u00e9dias deviennent inaccessibles, les applications de communication s\u00e9curis\u00e9es telles que Signal cessent de fonctionner et l&rsquo;infrastructure qui sous-tend notre soci\u00e9t\u00e9 num\u00e9rique s&rsquo;effondre\u00a0\u00bb, a-t-elle d\u00e9clar\u00e9.<\/p>\n<p class=\"mb-4 text-lg md:leading-8 break-words\">Elle a exhort\u00e9 les entreprises \u00e0 diversifier leur utilisation du cloud, qu&rsquo;elle a d\u00e9crit comme \u00ab\u00a0l&rsquo;infrastructure qui sous-tend le d\u00e9bat d\u00e9mocratique, le journalisme ind\u00e9pendant et les communications s\u00e9curis\u00e9es\u00a0\u00bb. Elle a averti que les entreprises \u00ab\u00a0ne peuvent pas d\u00e9pendre d&rsquo;une poign\u00e9e d&rsquo;acteurs\u00a0\u00bb.<\/p>\n<p class=\"mb-4 text-lg md:leading-8 break-words\">Par ailleurs, les l\u00e9gislateurs britanniques ont remis en question la d\u00e9pendance excessive du pays \u00e0 l&rsquo;\u00e9gard de l&rsquo;infrastructure informatique am\u00e9ricaine apr\u00e8s que l&rsquo;administration fiscale britannique, HMRC, et les banques aient \u00e9t\u00e9 touch\u00e9es par la panne d&rsquo;AWS.<\/p>\n<p class=\"mb-4 text-lg md:leading-8 break-words\">Une commission parlementaire a adress\u00e9 une lettre \u00e0 Lucy Rigby, secr\u00e9taire \u00e9conomique au Tr\u00e9sor, pour s&rsquo;enqu\u00e9rir des d\u00e9faillances informatiques.<\/p>\n<p class=\"mb-4 text-lg md:leading-8 break-words\">Parmi les questions figurait la suivante : \u00ab\u00a0Le Tr\u00e9sor britannique (HM Treasury) est\u2011il pr\u00e9occup\u00e9 par le fait que des \u00e9l\u00e9ments apparemment cl\u00e9s de notre infrastructure informatique soient h\u00e9berg\u00e9s \u00e0 l\u2019\u00e9tranger ?\u00a0\u00bb<\/p>\n<p class=\"mb-4 text-lg md:leading-8 break-words\">Ils se sont \u00e9galement demand\u00e9 pourquoi AWS n\u2019a pas \u00e9t\u00e9 d\u00e9sign\u00e9 tiers critique (CTP), c\u2019est\u2011\u00e0\u2011dire un prestataire susceptible de menacer la s\u00e9curit\u00e9 financi\u00e8re du Royaume\u2011Uni en cas d\u2019interruption de service. Les r\u00e8gles britanniques permettent aux r\u00e9gulateurs d\u2019intervenir et d\u2019am\u00e9liorer ces prestataires.<\/p>\n<p class=\"mb-4 text-lg md:leading-8 break-words\">AWS est le leader de l\u2019infrastructure cloud et l\u2019incident de lundi a raviv\u00e9 les appels \u00e0 la cr\u00e9ation d\u2019un syst\u00e8me cloud bas\u00e9 en Europe.<\/p>\n<p class=\"mb-4 text-lg md:leading-8 break-words\">\u00ab\u00a0La d\u00e9pendance \u00e9crasante de l\u2019Europe \u00e0 l\u2019\u00e9gard des Big Tech pour notre infrastructure num\u00e9rique nous rend incroyablement vuln\u00e9rables\u00a0\u00bb, a d\u00e9clar\u00e9 Robin Berjon, technologue ind\u00e9pendant.<\/p>\n<p class=\"mb-4 text-lg md:leading-8 break-words\">\u00ab\u00a0L\u2019Europe doit introduire de la diversit\u00e9 sur le march\u00e9 et soutenir des solutions souveraines qui r\u00e9duisent le pouvoir d\u00e9tenu par des entreprises \u00e9trang\u00e8res de plus en plus hostiles. Cela doit se faire sur l\u2019ensemble de nos infrastructures num\u00e9riques critiques\u00a0\u00bb, a\u2011t\u2011il ajout\u00e9.<\/p>\n<p class=\"mb-4 text-lg md:leading-8 break-words\">Amazon, Microsoft et Google contr\u00f4lent environ<a href=\"https:\/\/www.leidenlawblog.nl\/articles\/gaia-x-europes-values-based-counter-to-u-s-cloud-dominance\" rel=\"nofollow noopener\" target=\"_blank\" data-ylk=\"slk:70 % du march\u00e9 europ\u00e9en du cloud;elm:context_link;itc:0;sec:content-canvas\" class=\"link \"><strong>70 % du march\u00e9 europ\u00e9en du cloud<\/strong><\/a><strong>.<\/strong><\/p>\n<p class=\"mb-4 text-lg md:leading-8 break-words\">Mais <strong>l\u2019Europe tente de se faire une place sur le march\u00e9 avec Gaia\u2011X<\/strong>, un projet lanc\u00e9 par l\u2019Union europ\u00e9enne en 2020, qui vise \u00e0 construire un contrepoids \u00e0 la domination am\u00e9ricaine dans le cloud.<\/p>\n<p class=\"mb-4 text-lg md:leading-8 break-words\">S\u2019il ne s\u2019agit pas d\u2019un fournisseur de cloud, il vise \u00e0 construire une infrastructure cloud europ\u00e9enne o\u00f9 les entreprises peuvent \u00e9changer des donn\u00e9es.<\/p>\n<p class=\"mb-4 text-lg md:leading-8 break-words\">La Commission europ\u00e9enne<a href=\"https:\/\/ec.europa.eu\/info\/law\/better-regulation\/have-your-say\/initiatives\/14628-Continent-de-lIA-Nouvelle-legislation-sur-le-developpement-de-linformatique-en-nuage-et-de-lIA%5Ffr\" rel=\"nofollow noopener\" target=\"_blank\" data-ylk=\"slk:cette ann\u00e9e;elm:context_link;itc:0;sec:content-canvas\" class=\"link \"> <strong>cette ann\u00e9e<\/strong><\/a> proposera \u00e9galement une loi sur le d\u00e9veloppement du cloud et de l\u2019IA. Elle vise \u00e0 au moins tripler la capacit\u00e9 des centres de donn\u00e9es de l\u2019UE au cours des cinq \u00e0 sept prochaines ann\u00e9es.<\/p>\n<p class=\"mb-4 text-lg md:leading-8 break-words\">La Commission pr\u00e9cise que ce texte viendra s\u2019articuler autour d&rsquo;une politique unique du cloud \u00e0 l\u2019\u00e9chelle de l\u2019UE propos\u00e9e pour les administrations publiques et la commande publique.<\/p>\n<p class=\"mb-4 text-lg md:leading-8 break-words\">Cependant, pour l\u2019UE, la question ne sera pas seulement de r\u00e9guler les Big Tech, mais de savoir si ses mesures iront suffisamment loin pour permettre \u00e0 des entreprises europ\u00e9ennes de rivaliser avec elles.<\/p>\n","protected":false},"excerpt":{"rendered":"Malgr\u00e9 son nom, le cloud computing (ou nuage informatique) n&rsquo;est pas une technologie lointaine, faite de vapeur d&rsquo;eau.&hellip;\n","protected":false},"author":2,"featured_media":480606,"comment_status":"","ping_status":"","sticky":false,"template":"","format":"standard","meta":{"footnotes":""},"categories":[1586],"tags":[11,40052,1777,674,1779,1011,27,60374,12,25,60375,1778,364],"class_list":{"0":"post-480605","1":"post","2":"type-post","3":"status-publish","4":"format-standard","5":"has-post-thumbnail","7":"category-europe","8":"tag-actualites","9":"tag-aws","10":"tag-eu","11":"tag-europe","12":"tag-european-union","13":"tag-fr","14":"tag-france","15":"tag-la-panne","16":"tag-news","17":"tag-republique-francaise","18":"tag-services-de-livraison-de-repas","19":"tag-ue","20":"tag-union-europeenne"},"share_on_mastodon":{"url":"https:\/\/pubeurope.com\/@fr\/115414652948273009","error":""},"_links":{"self":[{"href":"https:\/\/www.europesays.com\/fr\/wp-json\/wp\/v2\/posts\/480605","targetHints":{"allow":["GET"]}}],"collection":[{"href":"https:\/\/www.europesays.com\/fr\/wp-json\/wp\/v2\/posts"}],"about":[{"href":"https:\/\/www.europesays.com\/fr\/wp-json\/wp\/v2\/types\/post"}],"author":[{"embeddable":true,"href":"https:\/\/www.europesays.com\/fr\/wp-json\/wp\/v2\/users\/2"}],"replies":[{"embeddable":true,"href":"https:\/\/www.europesays.com\/fr\/wp-json\/wp\/v2\/comments?post=480605"}],"version-history":[{"count":0,"href":"https:\/\/www.europesays.com\/fr\/wp-json\/wp\/v2\/posts\/480605\/revisions"}],"wp:featuredmedia":[{"embeddable":true,"href":"https:\/\/www.europesays.com\/fr\/wp-json\/wp\/v2\/media\/480606"}],"wp:attachment":[{"href":"https:\/\/www.europesays.com\/fr\/wp-json\/wp\/v2\/media?parent=480605"}],"wp:term":[{"taxonomy":"category","embeddable":true,"href":"https:\/\/www.europesays.com\/fr\/wp-json\/wp\/v2\/categories?post=480605"},{"taxonomy":"post_tag","embeddable":true,"href":"https:\/\/www.europesays.com\/fr\/wp-json\/wp\/v2\/tags?post=480605"}],"curies":[{"name":"wp","href":"https:\/\/api.w.org\/{rel}","templated":true}]}}