{"id":480608,"date":"2025-10-21T23:04:13","date_gmt":"2025-10-21T23:04:13","guid":{"rendered":"https:\/\/www.europesays.com\/fr\/480608\/"},"modified":"2025-10-21T23:04:13","modified_gmt":"2025-10-21T23:04:13","slug":"au-proces-du-meurtre-de-lola-laccusee-dahbia-benkired-donne-une-nouvelle-version-de-ses-motivations","status":"publish","type":"post","link":"https:\/\/www.europesays.com\/fr\/480608\/","title":{"rendered":"au proc\u00e8s du meurtre de Lola, l&rsquo;accus\u00e9e Dahbia Benkired donne une nouvelle version de ses motivations"},"content":{"rendered":"<p class=\"article-p mdl\">Depuis le d\u00e9but du proc\u00e8s, l&rsquo;accus\u00e9e d\u00e9route par son aplomb et ses versions de l&rsquo;histoire qui changent du tout au tout. Ce mardi 21 octobre,\u00a0Dahbia Benkired a affirm\u00e9 qu&rsquo;elle voulait se venger d&rsquo;un ex-compagnon.<\/p>\n<p class=\"article-p mdl\">\u00ab\u00a0En fait, je voulais lui faire du mal \u00e0 lui, pas \u00e0 la petite Lola\u00a0\u00bb,\u00a0<a class=\"link\" href=\"https:\/\/www.rtl.fr\/actu\/justice-faits-divers\/j-etais-folle-je-ne-me-reconnais-pas-sur-les-videos-dahbia-benkired-accusee-du-meurtre-de-lola-confrontee-a-la-videosurveillance-7900554976\" target=\"_blank\" rel=\"noopener\">pr\u00e9sente Dahbia Benkired<\/a>\u00a0en parlant de Mustapha M., auditionn\u00e9 ce mardi. \u00ab\u00a0Il m&rsquo;a tellement malmen\u00e9e que j&rsquo;avais de la haine. J&rsquo;\u00e9tais en col\u00e8re et j&rsquo;ai projet\u00e9 \u00e7a sur la premi\u00e8re personne que j&rsquo;ai crois\u00e9e sur ma route.\u00a0\u00bb L&rsquo;accus\u00e9 fait une pause. \u00ab\u00a0Enfin, j&rsquo;ai crois\u00e9 une femme avec une poussette avant. Mais Lola \u00e9tait beaucoup plus faite pour moi.\u00a0\u00bb<\/p>\n<p class=\"article-p mdl\"><a class=\"link\" href=\"https:\/\/www.rtl.fr\/actu\/justice-faits-divers\/c-est-horrible-ce-que-j-ai-fait-au-proces-du-meurtre-de-lola-l-accusee-dahbia-benkired-demande-pardon-a-toute-la-famille-7900554580\" target=\"_blank\" rel=\"noopener\">La m\u00e8re de la victime<\/a>\u00a0semble alors vouloir hurler. Elle se contente de s&rsquo;agripper tr\u00e8s fort au banc devant elle. Le pr\u00e9sident encha\u00eene : \u00ab\u00a0Vous nous dites donc que le t\u00e9moin est responsable de ce qui est arriv\u00e9 \u00e0 Lola.\u00a0\u00bb Dahbia Benkired confirme, tout comme elle a accus\u00e9 \u00e0 tout va, chaque proche entendu depuis hier.<\/p>\n<p class=\"article-p mdl\">Pour la premi\u00e8re fois, elle assure aussi avoir pris trois comprim\u00e9s de\u00a0Rivotril \u00e0 la veille des faits. Un m\u00e9dicament qu&rsquo;elle prenait, selon elle, pour l\u00e2cher prise quand elle se prostituait.<\/p>\n<p class=\"article-p mdl\">Et le lendemain, dit-elle, \u00ab\u00a0j&rsquo;ai p\u00e9t\u00e9 les plombs\u00a0\u00bb. Rien de tout cela n&rsquo;est av\u00e9r\u00e9. Ni les m\u00e9dicaments, ni la prostitution. Mais ses grands yeux noirs transpercent la salle. \u00ab\u00a0Je sais que j&rsquo;ai tu\u00e9 un b\u00e9b\u00e9, un ange. Au jour d&rsquo;aujourd&rsquo;hui, elle doit \u00eatre au paradis. Ne vous inqui\u00e9tez pas.\u00a0\u00bb<\/p>\n<p>    La r\u00e9daction vous recommande<\/p>\n<p class=\"s-newsletter__title\">\n                L\u2019actualit\u00e9 par la r\u00e9daction de RTL dans votre bo\u00eete mail.\n            <\/p>\n<p class=\"s-newsletter__subtitle\">\n                Gr\u00e2ce \u00e0 votre compte RTL abonnez-vous \u00e0 la newsletter RTL info pour suivre toute l&rsquo;actualit\u00e9 au quotidien\n            <\/p>\n<p>\n                                    Lire la suite\n                                <\/p>\n","protected":false},"excerpt":{"rendered":"Depuis le d\u00e9but du proc\u00e8s, l&rsquo;accus\u00e9e d\u00e9route par son aplomb et ses versions de l&rsquo;histoire qui changent du&hellip;\n","protected":false},"author":2,"featured_media":480609,"comment_status":"","ping_status":"","sticky":false,"template":"","format":"standard","meta":{"footnotes":""},"categories":[2],"tags":[11,14584,107,1011,27,303,28152,12,60376,2694,25,1265],"class_list":{"0":"post-480608","1":"post","2":"type-post","3":"status-publish","4":"format-standard","5":"has-post-thumbnail","7":"category-actualites","8":"tag-actualites","9":"tag-assises","10":"tag-fil-info","11":"tag-fr","12":"tag-france","13":"tag-justice","14":"tag-meurtres","15":"tag-news","16":"tag-perpetutie","17":"tag-proces","18":"tag-republique-francaise","19":"tag-viol"},"share_on_mastodon":{"url":"https:\/\/pubeurope.com\/@fr\/115414660851053658","error":""},"_links":{"self":[{"href":"https:\/\/www.europesays.com\/fr\/wp-json\/wp\/v2\/posts\/480608","targetHints":{"allow":["GET"]}}],"collection":[{"href":"https:\/\/www.europesays.com\/fr\/wp-json\/wp\/v2\/posts"}],"about":[{"href":"https:\/\/www.europesays.com\/fr\/wp-json\/wp\/v2\/types\/post"}],"author":[{"embeddable":true,"href":"https:\/\/www.europesays.com\/fr\/wp-json\/wp\/v2\/users\/2"}],"replies":[{"embeddable":true,"href":"https:\/\/www.europesays.com\/fr\/wp-json\/wp\/v2\/comments?post=480608"}],"version-history":[{"count":0,"href":"https:\/\/www.europesays.com\/fr\/wp-json\/wp\/v2\/posts\/480608\/revisions"}],"wp:featuredmedia":[{"embeddable":true,"href":"https:\/\/www.europesays.com\/fr\/wp-json\/wp\/v2\/media\/480609"}],"wp:attachment":[{"href":"https:\/\/www.europesays.com\/fr\/wp-json\/wp\/v2\/media?parent=480608"}],"wp:term":[{"taxonomy":"category","embeddable":true,"href":"https:\/\/www.europesays.com\/fr\/wp-json\/wp\/v2\/categories?post=480608"},{"taxonomy":"post_tag","embeddable":true,"href":"https:\/\/www.europesays.com\/fr\/wp-json\/wp\/v2\/tags?post=480608"}],"curies":[{"name":"wp","href":"https:\/\/api.w.org\/{rel}","templated":true}]}}