{"id":480610,"date":"2025-10-21T23:05:13","date_gmt":"2025-10-21T23:05:13","guid":{"rendered":"https:\/\/www.europesays.com\/fr\/480610\/"},"modified":"2025-10-21T23:05:13","modified_gmt":"2025-10-21T23:05:13","slug":"egalite-la-france-organise-un-sommet-mondial-des-diplomaties-feministes-mais-ne-respecte-pas-ses-propres-engagements","status":"publish","type":"post","link":"https:\/\/www.europesays.com\/fr\/480610\/","title":{"rendered":"\u00c9galit\u00e9\u00a0: la France organise un sommet mondial des diplomaties f\u00e9ministes, mais ne respecte pas ses propres engagements"},"content":{"rendered":"<p>Un bel outil, la diplomatie f\u00e9ministe, ou du marketing \u00e0 bon compte\u00a0? La quatri\u00e8me Conf\u00e9rence minist\u00e9rielle des diplomaties f\u00e9ministes se tient \u00e0 Paris mercredi\u00a022 et jeudi 23\u00a0octobre. Faire de la capitale une \u00ab\u00a0place de r\u00e9sistance\u00a0\u00bb, c\u2019est l\u2019ambition affich\u00e9e par l\u2019ambassadrice <a href=\"https:\/\/www.humanite.fr\/medias\/conflit-dinterets\/cash-investigation-enquete-sur-les-liaisons-dangereuses-entre-business-et-politique\" target=\"_blank\" rel=\"noopener\">Delphine O<\/a>, en charge du dossier au Quai d\u2019Orsay.<\/p>\n<p>Notion floue pour les n\u00e9ophytes, la diplomatie f\u00e9ministe est un engagement pris officiellement par une dizaine d\u2019\u00c9tats sur la plan\u00e8te \u00e0 d\u00e9fendre les droits des femmes&#8230;<\/p>\n","protected":false},"excerpt":{"rendered":"Un bel outil, la diplomatie f\u00e9ministe, ou du marketing \u00e0 bon compte\u00a0? La quatri\u00e8me Conf\u00e9rence minist\u00e9rielle des diplomaties&hellip;\n","protected":false},"author":2,"featured_media":480611,"comment_status":"","ping_status":"","sticky":false,"template":"","format":"standard","meta":{"footnotes":""},"categories":[4],"tags":[11,60377,312,1011,27,12152,12,25],"class_list":{"0":"post-480610","1":"post","2":"type-post","3":"status-publish","4":"format-standard","5":"has-post-thumbnail","7":"category-france","8":"tag-actualites","9":"tag-aide-au-du00e9veloppement","10":"tag-diplomatie","11":"tag-fr","12":"tag-france","13":"tag-fu00e9minisme","14":"tag-news","15":"tag-republique-francaise"},"share_on_mastodon":{"url":"https:\/\/pubeurope.com\/@fr\/115414664752897192","error":""},"_links":{"self":[{"href":"https:\/\/www.europesays.com\/fr\/wp-json\/wp\/v2\/posts\/480610","targetHints":{"allow":["GET"]}}],"collection":[{"href":"https:\/\/www.europesays.com\/fr\/wp-json\/wp\/v2\/posts"}],"about":[{"href":"https:\/\/www.europesays.com\/fr\/wp-json\/wp\/v2\/types\/post"}],"author":[{"embeddable":true,"href":"https:\/\/www.europesays.com\/fr\/wp-json\/wp\/v2\/users\/2"}],"replies":[{"embeddable":true,"href":"https:\/\/www.europesays.com\/fr\/wp-json\/wp\/v2\/comments?post=480610"}],"version-history":[{"count":0,"href":"https:\/\/www.europesays.com\/fr\/wp-json\/wp\/v2\/posts\/480610\/revisions"}],"wp:featuredmedia":[{"embeddable":true,"href":"https:\/\/www.europesays.com\/fr\/wp-json\/wp\/v2\/media\/480611"}],"wp:attachment":[{"href":"https:\/\/www.europesays.com\/fr\/wp-json\/wp\/v2\/media?parent=480610"}],"wp:term":[{"taxonomy":"category","embeddable":true,"href":"https:\/\/www.europesays.com\/fr\/wp-json\/wp\/v2\/categories?post=480610"},{"taxonomy":"post_tag","embeddable":true,"href":"https:\/\/www.europesays.com\/fr\/wp-json\/wp\/v2\/tags?post=480610"}],"curies":[{"name":"wp","href":"https:\/\/api.w.org\/{rel}","templated":true}]}}