{"id":480612,"date":"2025-10-21T23:06:11","date_gmt":"2025-10-21T23:06:11","guid":{"rendered":"https:\/\/www.europesays.com\/fr\/480612\/"},"modified":"2025-10-21T23:06:11","modified_gmt":"2025-10-21T23:06:11","slug":"lequipe-des-seniors-1-du-golf-de-montal-remonte-en-3-eme-division-nationale","status":"publish","type":"post","link":"https:\/\/www.europesays.com\/fr\/480612\/","title":{"rendered":"L\u2019\u00e9quipe des s\u00e9niors 1 du Golf de Montal remonte en 3 \u00e8me Division Nationale"},"content":{"rendered":"<p>\n                                                                    l&rsquo;essentiel<br \/>\n                                                                L\u2019\u00e9quipe s\u00e9niors du golf de Montal retrouve la Division 3 nationale apr\u00e8s un parcours sans faute \u00e0 Limoges. Vainqueurs successifs de Touraine et Niort, les joueurs confirment une saison 2025 exemplaire.\n                            <\/p>\n<p>Apr\u00e8s quatre\u00a0journ\u00e9es de comp\u00e9tition sur le magnifique parcours du Golf de la Porcelaine \u00e0 Limoges, l\u2019\u00c9quipe Seniors 1 du golf de Montal a regagn\u00e9 fi\u00e8rement sa place en Division 3 Nationale.<\/p>\n<p>Un carton plein<\/p>\n<p>Apr\u00e8s 36 trous de strokeplay, l\u2019\u00e9quipe a fini en 6\u1d49 place sur 16 \u00e9quipes pour se qualifier pour la demi-finale du samedi contre le Golf de Touraine. Apr\u00e8s un match serr\u00e9, l\u2019\u00e9quipe de Montal s\u2019est finalement impos\u00e9e par 3,5 \u00e0 1,5 en match-play pour jouer en finale contre le Golf de Niort le dimanche. Et enfin sur cette finale, suite \u00e0 une performance solide, l\u2019\u00e9quipe s\u2019est impos\u00e9e de nouveau par 3,5 \u00e0 1,5.<\/p>\n<p>Suite \u00e0 son accession r\u00e9cente en Division 1 r\u00e9gionale sur le golf de La Ram\u00e9e en d\u00e9but du mois, c\u2019est un carton plein pour l\u2019ann\u00e9e 2025 pour cette belle \u00e9quipe de s\u00e9niors de golf de Montal.<\/p>\n<p>Bravo et f\u00e9licitations a toute l\u2019\u00e9quipe\u00a0: Laurent Causse (capitaine), Franck Soulingeas, Nicolas Couzi, Thomas Couzi, Dominique Leclerc, Herv\u00e9 Mallet et Alex Pollock.<\/p>\n","protected":false},"excerpt":{"rendered":"l&rsquo;essentiel L\u2019\u00e9quipe s\u00e9niors du golf de Montal retrouve la Division 3 nationale apr\u00e8s un parcours sans faute \u00e0&hellip;\n","protected":false},"author":2,"featured_media":480613,"comment_status":"","ping_status":"","sticky":false,"template":"","format":"standard","meta":{"footnotes":""},"categories":[1418],"tags":[1011,27,1472,60],"class_list":{"0":"post-480612","1":"post","2":"type-post","3":"status-publish","4":"format-standard","5":"has-post-thumbnail","7":"category-golf","8":"tag-fr","9":"tag-france","10":"tag-golf","11":"tag-sports"},"share_on_mastodon":{"url":"https:\/\/pubeurope.com\/@fr\/115414668695805276","error":""},"_links":{"self":[{"href":"https:\/\/www.europesays.com\/fr\/wp-json\/wp\/v2\/posts\/480612","targetHints":{"allow":["GET"]}}],"collection":[{"href":"https:\/\/www.europesays.com\/fr\/wp-json\/wp\/v2\/posts"}],"about":[{"href":"https:\/\/www.europesays.com\/fr\/wp-json\/wp\/v2\/types\/post"}],"author":[{"embeddable":true,"href":"https:\/\/www.europesays.com\/fr\/wp-json\/wp\/v2\/users\/2"}],"replies":[{"embeddable":true,"href":"https:\/\/www.europesays.com\/fr\/wp-json\/wp\/v2\/comments?post=480612"}],"version-history":[{"count":0,"href":"https:\/\/www.europesays.com\/fr\/wp-json\/wp\/v2\/posts\/480612\/revisions"}],"wp:featuredmedia":[{"embeddable":true,"href":"https:\/\/www.europesays.com\/fr\/wp-json\/wp\/v2\/media\/480613"}],"wp:attachment":[{"href":"https:\/\/www.europesays.com\/fr\/wp-json\/wp\/v2\/media?parent=480612"}],"wp:term":[{"taxonomy":"category","embeddable":true,"href":"https:\/\/www.europesays.com\/fr\/wp-json\/wp\/v2\/categories?post=480612"},{"taxonomy":"post_tag","embeddable":true,"href":"https:\/\/www.europesays.com\/fr\/wp-json\/wp\/v2\/tags?post=480612"}],"curies":[{"name":"wp","href":"https:\/\/api.w.org\/{rel}","templated":true}]}}