{"id":480629,"date":"2025-10-21T23:16:12","date_gmt":"2025-10-21T23:16:12","guid":{"rendered":"https:\/\/www.europesays.com\/fr\/480629\/"},"modified":"2025-10-21T23:16:12","modified_gmt":"2025-10-21T23:16:12","slug":"un-village-du-lot-celebre-ses-habitants-et-son-patrimoine-a-travers-lobjectif-dun-artiste-de-la-photo","status":"publish","type":"post","link":"https:\/\/www.europesays.com\/fr\/480629\/","title":{"rendered":"Un village du Lot c\u00e9l\u00e8bre ses habitants et son patrimoine \u00e0 travers l&rsquo;objectif d&rsquo;un artiste de la photo"},"content":{"rendered":"<p>            Par<br \/>\n        <strong><br \/>\n            <a href=\"https:\/\/actu.fr\/auteur\/jeanclaude\" title=\"Consulter tous les articles de Jean-Claude Bonnem\u00e8re\" rel=\"nofollow noopener\" target=\"_blank\">Jean-Claude Bonnem\u00e8re<\/a><br \/>\n        <\/strong><\/p>\n<p>        Publi\u00e9 le<\/p>\n<p>            21 oct. 2025 \u00e0 17h00        <\/p>\n<p><b>Jusqu\u2019au 13\u00a0d\u00e9cembre 2025<\/b>, se tient \u00e0 <a href=\"https:\/\/fr.wikipedia.org\/wiki\/Cavagnac\" rel=\"nofollow noopener\" target=\"_blank\"><b>Cavagnac<\/b><\/a>, une exposition sign\u00e9e <a href=\"https:\/\/www.google.com\/search?gs_ssp=eJzj4tFP1zc0LMtOKqgqrzBg9BJMyc9LLMlMzVMoyi8tLk5NLAUAvO0Lzw&amp;q=donatien+rousseau&amp;rlz=1C1GCEA_enFR941FR941&amp;oq=Donatien+Rousseau&amp;gs_lcrp=EgZjaHJvbWUqBwgBEC4YgAQyDAgAEEUYORjjAhiABDIHCAEQLhiABDIICAIQABgWGB4yBwgDEAAY7wUyBwgEEAAY7wUyCggFEAAYgAQYogQyCggGEAAYgAQYogTSAQgzMTkzajBqN6gCCLACAfEFgNDYoZHoUj4&amp;sourceid=chrome&amp;ie=UTF-8\" rel=\"nofollow noopener\" target=\"_blank\"><b>Donatien Rousseau<\/b>, \u00e9minent photographe retir\u00e9 dans le Lot<\/a>, intitul\u00e9e : \u00ab Des femmes, des hommes, un patrimoine \u00e0 Cavagnac \u00bb, avec le concours de\u00a0<b>Michel Jarrige, historien local<\/b>.<\/p>\n<p>    <a href=\"https:\/\/maps.google.com\/maps?q=45.007558,1.643645&amp;z=15&amp;output=embed\" title=\"Ouvrie le lien\" rel=\"nofollow noopener\" target=\"_blank\">Cliquez ici pour visualiser le contenu<\/a><\/p>\n<p>Inspir\u00e9 par le bicentenaire de la photographie<\/p>\n<p class=\" wall-content\">Il y a deux ans, le Minist\u00e8re de la culture annon\u00e7ait qu\u2019en 2026 serait f\u00eat\u00e9 le bicentenaire de l\u2019invention de la photographie. Une telle information, ne fait qu\u2019un tour dans l\u2019esprit de Donatien Rousseau, qui n\u2019a de cesse de r\u00e9pertorier diff\u00e9rentes th\u00e9matiques. \u00ab Il m\u2019a saut\u00e9 aux yeux qu\u2019il fallait mettre en valeur les habitants, le patrimoine et peut-\u00eatre d\u2019autres \u00e9l\u00e9ments encore, qui restent dans l\u2019ombre \u00bb, souligne-t-il. Lui revient alors \u00e0 l\u2019esprit les travaux de la c\u00e9l\u00e8bre photographe portraitiste, Gis\u00e8le Freund (1908-2000), qui durant l\u2019Occupation, v\u00e9cut trois ans \u00e0 Carennac (\u00e0 8\u00a0km de Cavagnac), en raison de ses origines juives. \u00ab On ne pouvait pas rater cela ! \u00bb s\u2019exclame Donatien Rousseau, qui ajouta cet \u00e9l\u00e9ment \u00e0 l\u2019exposition. Quant \u00e0 Michel Jarrige, pr\u00e9sident de l\u2019association des Amis de Cavagnac, il se reconna\u00eet pleinement dans la th\u00e9matique de l\u2019exposition. Il ne restait plus qu\u2019\u00e0 la biblioth\u00e8que municipale d\u2019entrer en sc\u00e8ne pour porter le projet aupr\u00e8s du Minist\u00e8re de la culture et de la R\u00e9gion Occitanie. Dans un second temps sont retenus 18\u00a0habitants, dont les artistes Guy Nicolas sculpteur et Claude Roucard, peintre. Leur portrait sera immortalis\u00e9 par Donation Rousseau.<\/p>\n<p>Des portraits entre tradition et modernit\u00e9<\/p>\n<p class=\" wall-content\">\u00c0 travers cette galerie de portraits, on retrouve des autochtones et d\u2019autres r\u00e9cemment arriv\u00e9s sur la commune, tels les habitants de l\u2019ancienne \u00e9curie r\u00e9nov\u00e9e du ch\u00e2teau.<\/p>\n<p class=\" wall-content\">\u00ab J\u2019ai souhait\u00e9 rester dans l\u2019esprit d\u2019August Sander, photographe allemand, qui laissait \u00e0 chacun le soin de choisir son espace \u00bb insiste Donation Rousseau, en pr\u00e9cisant : \u00ab une fois sur les lieux, j\u2019attendais un peu et je r\u00e9alisais le portrait \u00bb.<\/p>\n<p class=\" wall-content\">\u00ab Pour ma part, j\u2019ai choisi d\u2019\u00eatre pris en photo \u00e0 l\u2019\u00e9glise de Cavagnac, car elle symbolise mes racines, quand on sait que 10 g\u00e9n\u00e9rations ont \u00e9t\u00e9 baptis\u00e9es, mari\u00e9es et enterr\u00e9es en passant dans cet \u00e9difice \u00bb, indique Michel Jarrige.<\/p>\n<p>Vid\u00e9os : en ce moment sur Actu<\/p>\n<p class=\" wall-content\">Au nombre de ces portraits on retrouve Amandine, l\u2019infirmi\u00e8re, Fr\u00e9d\u00e9rique, tapissi\u00e8re, les fondateurs du cabaret Trav\u2019Lot (un couple d\u2019anciens coiffeurs, artistes de chez Michou \u00e0 Paris), des musiciens professeurs au Conservatoire de Tulle et de Saint-C\u00e9r\u00e9, des notables, de nouveaux arrivants\u2026<\/p>\n<p>Une exposition vivante et \u00e9volutive<\/p>\n<p class=\" wall-content\">Quant \u00e0 cette photo de famille, apparaissant floue, qu\u2019arbore l\u2019un des personnages de la galerie ? R\u00e9ponse de Donatien Rousseau : \u00ab Ce flou, c\u2019est en quelque sorte l\u2019empreinte de ce que repr\u00e9sentent les souvenirs, que l\u2019on a tendance \u00e0 id\u00e9aliser, mais qui au fond, restent tout de m\u00eame un peu flous\u2026 \u00bb. Ici c\u2019est le portrait de Sophie, la boulang\u00e8re qui fabrique du pain avec les c\u00e9r\u00e9ales de sa ferme. \u00c0 c\u00f4t\u00e9, tr\u00f4ne la cantini\u00e8re, qui servait les repas aux enfants de l\u2019\u00e9cole, avant que celle-ci ferme ses portes\u2026 L\u00e0, il s\u2019agit du portrait d\u2019un employ\u00e9 de chez Andros, juste \u00e0 c\u00f4t\u00e9, c\u2019est celui d\u2019un chef d\u2019entreprise de parcs, jardins et fleurs\u2026 sans oublier le chatelain de Saint Palavy.<\/p>\n<p>Votre r\u00e9gion, votre actu !<\/p>\n<p>Recevez chaque jour les infos qui comptent pour vous.<\/p>\n<p>\t<a href=\"https:\/\/actu.fr\/newsletter\" class=\"ac-btn ac-btn--corner ac-btn--medium ac-btn--blue800\" rel=\"nofollow noopener\" target=\"_blank\">S&rsquo;incrire<\/a><\/p>\n<p class=\" wall-content\">L\u2019exposition compte \u00e9galement des peintures de Claude Roucard, dont les \u0153uvres \u00e9taient derni\u00e8rement expos\u00e9es \u00e0 Brive. Plusieurs ouvrages photographiques de r\u00e9f\u00e9rence, sont consultables, ainsi que des nouveaut\u00e9s.<\/p>\n<p class=\" wall-content\">Cette manifestation a donn\u00e9 lieu \u00e0 la confection d\u2019un catalogue pr\u00e9fac\u00e9 par Claire Fita, suivi d\u2019une r\u00e9flexion photographique de Fran\u00e7oise Paviot.<\/p>\n<p class=\" wall-content\">\u00c0 voir absolument avant le 13 d\u00e9cembre 2025, date de cl\u00f4ture de l\u2019exposition. Et d\u00e9j\u00e0 des projets fleurissent pour 2026, avec notamment une exposition photographique d\u2019orchid\u00e9es sauvages, 14 esp\u00e8ces recens\u00e9es sur le territoire de la commune et 14 portraits suppl\u00e9mentaires de la commune. Au programme, une th\u00e9matique g\u00e9n\u00e9rale autour de l\u2019album de famille avec d\u00e9j\u00e0 un appel aux personnes qui pourraient disposer de documents photographiques susceptibles de faire parler de Cavagnac !<\/p>\n<p data-end=\"1799\" class=\" wall-content\">\u00c0 travers cette exposition, Cavagnac avec ses 411\u00a0habitants devient un miroir vivant de sa population et de son histoire. Donatien Rousseau offre un regard tendre et intemporel sur un territoire o\u00f9 l\u2019humain et le patrimoine se confondent dans la lumi\u00e8re du Lot.<\/p>\n<p class=\" wall-content\">Personnalisez votre actualit\u00e9 en ajoutant vos villes et m\u00e9dias en favori avec <a href=\"https:\/\/moncompte.actu.fr\" title=\"D\u00e9couvez Mon Actu\" rel=\"nofollow noopener\" data-trk=\"{&quot;cta&quot;:{&quot;action&quot;:&quot;https:\\\/\\\/moncompte.actu.fr&quot;,&quot;category&quot;:&quot;mon compte&quot;,&quot;from&quot;:&quot;article footer&quot;,&quot;name&quot;:&quot;Mon actu&quot;,&quot;type&quot;:&quot;cta&quot;}}\" target=\"_blank\">Mon Actu<\/a>.<\/p>\n","protected":false},"excerpt":{"rendered":"Par Jean-Claude Bonnem\u00e8re Publi\u00e9 le 21 oct. 2025 \u00e0 17h00 Jusqu\u2019au 13\u00a0d\u00e9cembre 2025, se tient \u00e0 Cavagnac, une&hellip;\n","protected":false},"author":2,"featured_media":480630,"comment_status":"","ping_status":"","sticky":false,"template":"","format":"standard","meta":{"footnotes":""},"categories":[1358],"tags":[1348,1384,1385,1386,58,59,1011,27,25167,1652,2551,1756],"class_list":{"0":"post-480629","1":"post","2":"type-post","3":"status-publish","4":"format-standard","5":"has-post-thumbnail","7":"category-arts-et-design","8":"tag-arts","9":"tag-arts-and-design","10":"tag-arts-et-design","11":"tag-design","12":"tag-divertissement","13":"tag-entertainment","14":"tag-fr","15":"tag-france","16":"tag-le-lot","17":"tag-loisirs-culture","18":"tag-patrimoine","19":"tag-photographie"},"share_on_mastodon":{"url":"https:\/\/pubeurope.com\/@fr\/115414708270152990","error":""},"_links":{"self":[{"href":"https:\/\/www.europesays.com\/fr\/wp-json\/wp\/v2\/posts\/480629","targetHints":{"allow":["GET"]}}],"collection":[{"href":"https:\/\/www.europesays.com\/fr\/wp-json\/wp\/v2\/posts"}],"about":[{"href":"https:\/\/www.europesays.com\/fr\/wp-json\/wp\/v2\/types\/post"}],"author":[{"embeddable":true,"href":"https:\/\/www.europesays.com\/fr\/wp-json\/wp\/v2\/users\/2"}],"replies":[{"embeddable":true,"href":"https:\/\/www.europesays.com\/fr\/wp-json\/wp\/v2\/comments?post=480629"}],"version-history":[{"count":0,"href":"https:\/\/www.europesays.com\/fr\/wp-json\/wp\/v2\/posts\/480629\/revisions"}],"wp:featuredmedia":[{"embeddable":true,"href":"https:\/\/www.europesays.com\/fr\/wp-json\/wp\/v2\/media\/480630"}],"wp:attachment":[{"href":"https:\/\/www.europesays.com\/fr\/wp-json\/wp\/v2\/media?parent=480629"}],"wp:term":[{"taxonomy":"category","embeddable":true,"href":"https:\/\/www.europesays.com\/fr\/wp-json\/wp\/v2\/categories?post=480629"},{"taxonomy":"post_tag","embeddable":true,"href":"https:\/\/www.europesays.com\/fr\/wp-json\/wp\/v2\/tags?post=480629"}],"curies":[{"name":"wp","href":"https:\/\/api.w.org\/{rel}","templated":true}]}}