{"id":480633,"date":"2025-10-21T23:18:26","date_gmt":"2025-10-21T23:18:26","guid":{"rendered":"https:\/\/www.europesays.com\/fr\/480633\/"},"modified":"2025-10-21T23:18:26","modified_gmt":"2025-10-21T23:18:26","slug":"eliott-gravement-blesse-manu-accepte-de-laider-pour-eve-le-resume-de-lepisode-1776-du-mercredi-22-octobre-2025","status":"publish","type":"post","link":"https:\/\/www.europesays.com\/fr\/480633\/","title":{"rendered":"Eliott gravement bless\u00e9, Manu accepte de l&rsquo;aider pour Eve&#8230; Le r\u00e9sum\u00e9 de l&rsquo;\u00e9pisode 1776 du mercredi 22 octobre 2025"},"content":{"rendered":"<p><b>Mercredi 22\u00a0octobre 2025 dans <\/b><b>Un si grand soleil<\/b><b> <\/b>&#8211; <a href=\"https:\/\/www.programme-tv.net\/news\/series-tv\/390089-mort-de-l-acteur-lyad-smain-un-si-grand-soleil-plus-belle-la-vie-a-seulement-27-ans\/\" data-api-deeplink=\"teleloisirs:\/\/news\/390089\" target=\"_blank\" rel=\"noopener\">r\u00e9cemment marqu\u00e9 par le d\u00e9c\u00e8s d&rsquo;un de ses com\u00e9diens \u00e0 seulement 27 ans<\/a>&#8230; Le commissariat est pr\u00e9venu de coups de feu entendus dans une zone industrielle. De son c\u00f4t\u00e9, \u00c9liott va tr\u00e8s mal. Perdant beaucoup de sang, \u00c8ve (<a href=\"https:\/\/www.programme-tv.net\/biographie\/1193-colberti-emma\/\" data-link-people=\"962dbc1a-9d51-4062-967e-266280a2f76c\" target=\"_blank\" rel=\"noopener\">Emma Colberti<\/a> &#8211; <a href=\"https:\/\/www.programme-tv.net\/news\/series-tv\/376750-un-si-grand-soleil\/\" data-api-deeplink=\"teleloisirs:\/\/news\/376750\" target=\"_blank\" rel=\"noopener\">cash concernant ses sc\u00e8nes intimes<\/a>) pense l&#8217;emmener aux urgences, mais pour <a href=\"https:\/\/www.programme-tv.net\/news\/series-tv\/390049-un-si-grand-soleil-en-avance-laverne-avoue-l-agression-de-pauline-eliott-implique-dans-un-trafic-de-drogue-le-resume-de-l-episode-1774-du-lundi-20-octobre-2025\/\" data-api-deeplink=\"teleloisirs:\/\/news\/390049\" target=\"_blank\" rel=\"noopener\">le jeune homme qui a replong\u00e9 du c\u00f4t\u00e9 obscur<\/a>, il en est hors de question. Elle finit par l&#8217;emmener chez Charles. Mais, la situation est d\u00e9licate. La balle n&rsquo;est pas ressortie de l&rsquo;abdomen d&rsquo;\u00c9liott. Il faut donc l&rsquo;op\u00e9rer pour le sauver. Cependant, le v\u00e9t\u00e9rinaire refuse. Pour lui, c&rsquo;est trop risqu\u00e9 ! Mais son ami ne lui laisse pas le choix. Manu, lui, re\u00e7oit un appel d&rsquo;Alex lui disant que plusieurs t\u00e9moins ont entendu des coups de feu \u00e0 proximit\u00e9 du garage d&rsquo;\u00c9liott. Si Alex finit par minimiser les causes du potentiel bruit, en constatant qu&rsquo;il manque l&rsquo;autoradio dans le v\u00e9hicule du chauffeur VTC, Manu a un mauvais pressentiment. Et pour ne rien arranger, \u00c8ve, cens\u00e9e \u00eatre avec Eliott, ne r\u00e9pond pas \u00e0 ses appels\u2026<\/p>\n<p>                        Un si grand soleil en avance\u00a0: Tha\u00efs h\u00e9site, Louis fonce, Kira fait semblant<\/p>\n<p>Au petit matin, Tha\u00efs ne sait pas quoi r\u00e9pondre \u00e0 la proposition de Kira, d&rsquo;aller boire un verre. Elle se sent mal \u00e0 l&rsquo;aise de lui mentir. Louis se montre plus direct. Il faut lui dire, et propose m\u00eame d&rsquo;accompagner sa petite amie le soir m\u00eame pour lui annoncer. De son c\u00f4t\u00e9, Kira est en plein m\u00e9lo, regardant les photos souvenirs de son histoire avec le fils de Marc. Un vague \u00e0 l&rsquo;\u00e2me amplifi\u00e9 par sa situation professionnelle pas simple. Heureusement, elle peut compter sur Claire et ses pr\u00e9cieux conseils. D&rsquo;ailleurs, lors de sa visite \u00e0 Martine, si cette derni\u00e8re n&rsquo;est pas tr\u00e8s avenante, elle finit pourtant par se laisser apprivoiser par sa nouvelle aide \u00e0 domicile. Mais la fin de journ\u00e9e est plus abrupte pour Kira ! En effet, aux Sauvages, tandis que Tha\u00efs ne sait comment dire les choses, Louis finit par dire la v\u00e9rit\u00e9 de fa\u00e7on abrupte \u00e0 son ex. Pourtant, la fille de Claire semble bien r\u00e9agir. Elle va m\u00eame jusqu&rsquo;\u00e0 dire qu&rsquo;elle est contente pour eux, avant de fuir, pr\u00e9textant avoir un d\u00eener avec son p\u00e8re. Justement, avec Florent, la jeune femme se livre, avec plus d&rsquo;honn\u00eatet\u00e9. Elle est d\u00e9go\u00fbt\u00e9e, et se sent nulle d&rsquo;avoir livr\u00e9 ses sentiments \u00e0 sa meilleure amie. Heureusement, elle peut compter sur son p\u00e8re pour lui remonter le moral&#8230;<\/p>\n<p>            Un si grand soleil en avance : \u00c9liott sauv\u00e9, Manu accepte de l&rsquo;aider pour \u00c8ve<\/p>\n<p>Si, dans un premier temps, Alex n&rsquo;est pas inquiet sur la situation au garage, le trouble s&rsquo;installe quand il retrouve une douille log\u00e9e dans un des si\u00e8ges du v\u00e9hicule d&rsquo;\u00c9liott. Au cabinet v\u00e9t\u00e9rinaire, apr\u00e8s l&rsquo;op\u00e9ration o\u00f9 Charles est parvenu \u00e0 retirer la balle, l&rsquo;heure est au soulagement pour \u00c8ve, quand elle voit son fils se r\u00e9veiller. De son c\u00f4t\u00e9, arriv\u00e9 au commissariat, la tension ne baisse pas pour Manu. Il est convaincu qu&rsquo;il se passe quelque chose. L&rsquo;inqui\u00e9tude grandit quand Alex lui parle de la balle et du fait que le garage d&rsquo;\u00c9liott est toujours ferm\u00e9. Le flic finit par craquer, convaincu que son beau-fils s&rsquo;est \u00e0 nouveau mis dans une sale histoire.<\/p>\n<p>Rentrant chez lui en col\u00e8re, il ne laisse pas le temps \u00e0 \u00c8ve de lui mentir. Elle finit alors par avouer ce qui s&rsquo;est pass\u00e9, avant de lui demander d&rsquo;aider son fils. Pass\u00e9 la col\u00e8re, il finit par accepter de sortir \u00c9liott d&rsquo;une situation peut-\u00eatre plus dangereuse qu&rsquo;elle n&rsquo;y para\u00eet\u2026<\/p>\n","protected":false},"excerpt":{"rendered":"Mercredi 22\u00a0octobre 2025 dans Un si grand soleil &#8211; r\u00e9cemment marqu\u00e9 par le d\u00e9c\u00e8s d&rsquo;un de ses com\u00e9diens&hellip;\n","protected":false},"author":2,"featured_media":480634,"comment_status":"","ping_status":"","sticky":false,"template":"","format":"standard","meta":{"footnotes":""},"categories":[1356],"tags":[244,58,59,1011,27,594,252,1364,9766,26118,26117],"class_list":{"0":"post-480633","1":"post","2":"type-post","3":"status-publish","4":"format-standard","5":"has-post-thumbnail","7":"category-television","8":"tag-commentaire","9":"tag-divertissement","10":"tag-entertainment","11":"tag-fr","12":"tag-france","13":"tag-france-2","14":"tag-television","15":"tag-tv","16":"tag-un-si-grand-soleil","17":"tag-un-si-grand-soleil-ru00e9sumu00e9","18":"tag-un-si-grand-soleil-ru00e9sumu00e9-en-avance"},"share_on_mastodon":{"url":"https:\/\/pubeurope.com\/@fr\/115414715985066232","error":""},"_links":{"self":[{"href":"https:\/\/www.europesays.com\/fr\/wp-json\/wp\/v2\/posts\/480633","targetHints":{"allow":["GET"]}}],"collection":[{"href":"https:\/\/www.europesays.com\/fr\/wp-json\/wp\/v2\/posts"}],"about":[{"href":"https:\/\/www.europesays.com\/fr\/wp-json\/wp\/v2\/types\/post"}],"author":[{"embeddable":true,"href":"https:\/\/www.europesays.com\/fr\/wp-json\/wp\/v2\/users\/2"}],"replies":[{"embeddable":true,"href":"https:\/\/www.europesays.com\/fr\/wp-json\/wp\/v2\/comments?post=480633"}],"version-history":[{"count":0,"href":"https:\/\/www.europesays.com\/fr\/wp-json\/wp\/v2\/posts\/480633\/revisions"}],"wp:featuredmedia":[{"embeddable":true,"href":"https:\/\/www.europesays.com\/fr\/wp-json\/wp\/v2\/media\/480634"}],"wp:attachment":[{"href":"https:\/\/www.europesays.com\/fr\/wp-json\/wp\/v2\/media?parent=480633"}],"wp:term":[{"taxonomy":"category","embeddable":true,"href":"https:\/\/www.europesays.com\/fr\/wp-json\/wp\/v2\/categories?post=480633"},{"taxonomy":"post_tag","embeddable":true,"href":"https:\/\/www.europesays.com\/fr\/wp-json\/wp\/v2\/tags?post=480633"}],"curies":[{"name":"wp","href":"https:\/\/api.w.org\/{rel}","templated":true}]}}