{"id":480649,"date":"2025-10-21T23:26:19","date_gmt":"2025-10-21T23:26:19","guid":{"rendered":"https:\/\/www.europesays.com\/fr\/480649\/"},"modified":"2025-10-21T23:26:19","modified_gmt":"2025-10-21T23:26:19","slug":"en-israel-jd-vance-se-dit-tres-optimiste-sur-le-cessez-le-feu-a-gaza-21-10-2025-a-2137","status":"publish","type":"post","link":"https:\/\/www.europesays.com\/fr\/480649\/","title":{"rendered":"En Isra\u00ebl, JD Vance se dit \u00ab\u00a0tr\u00e8s optimiste\u00a0\u00bb sur le cessez-le-feu \u00e0 Gaza &#8211; 21\/10\/2025 \u00e0 21:37"},"content":{"rendered":"<p>        <img fetchpriority=\"high\" decoding=\"async\" src=\"https:\/\/www.europesays.com\/fr\/wp-content\/uploads\/2025\/10\/7a38565f93873204f9e7968b1ff9e168-760x507.jpg\" alt=\"Le vice-pr\u00e9sident am\u00e9ricain JD Vance s'exprime lors d'une conf\u00e9rence de presse dans le sud d'Isra\u00ebl, le 21 octobre 2025 ( POOL \/ Nathan HOWARD )\" loading=\"eager\" width=\"760\" height=\"507\" style=\"max-width: 100%!important; height: auto;\"\/><\/p>\n<p class=\"c-image-news__legend\">Le vice-pr\u00e9sident am\u00e9ricain JD Vance s&rsquo;exprime lors d&rsquo;une conf\u00e9rence de presse dans le sud d&rsquo;Isra\u00ebl, le 21 octobre 2025 ( POOL \/ Nathan HOWARD )<\/p>\n<p>\n Le vice-pr\u00e9sident am\u00e9ricain JD Vance s&rsquo;est dit \u00ab\u00a0tr\u00e8s optimiste\u00a0\u00bb sur le maintien du cessez-le-feu \u00e0 Gaza, lors d&rsquo;une visite mardi chez son alli\u00e9 isra\u00e9lien, sur fond de pressions maximales sur le mouvement islamiste palestinien Hamas.\n<\/p>\n<p>\n M. Vance a aussi affirm\u00e9 que les Etats-Unis n&rsquo;avaient pas fix\u00e9 de date butoir pour le d\u00e9sarmement du Hamas, pr\u00e9vu par le plan du pr\u00e9sident am\u00e9ricain Donald Trump sur lequel est bas\u00e9 l&rsquo;accord de cessez-le-feu.\n<\/p>\n<p>\n Les Etats-Unis et Isra\u00ebl ont accus\u00e9 le mouvement islamiste de violer le cessez-le-feu dans la bande de Gaza, o\u00f9 des violences meurtri\u00e8res dimanche ont menac\u00e9 la tr\u00eave. Ce que le Hamas a d\u00e9menti.\n<\/p>\n<p>        <img decoding=\"async\" src=\"https:\/\/www.europesays.com\/fr\/wp-content\/uploads\/2025\/10\/042a3001c1aa8eda8a21bd3abc5e2700-760x507.jpg\" alt=\"Des Isra\u00e9liens brandissent des portraits d'otages d\u00e9c\u00e9d\u00e9s toujours retenus par le Hamas dans la bande de Gaza, lors d'un rassemblement devant l'antenne de l'ambassade am\u00e9ricaine \u00e0 Tel-Aviv, le 21 octobre 2025 ( AFP \/ Jack GUEZ )\" loading=\"eager\" width=\"760\" height=\"507\" style=\"max-width: 100%!important; height: auto;\"\/><\/p>\n<p class=\"c-image-news__legend\">Des Isra\u00e9liens brandissent des portraits d&rsquo;otages d\u00e9c\u00e9d\u00e9s toujours retenus par le Hamas dans la bande de Gaza, lors d&rsquo;un rassemblement devant l&rsquo;antenne de l&rsquo;ambassade am\u00e9ricaine \u00e0 Tel-Aviv, le 21 octobre 2025 ( AFP \/ Jack GUEZ )<\/p>\n<p>\n Entr\u00e9 en vigueur le 10 octobre, ce cessez-le-feu est le troisi\u00e8me apr\u00e8s deux ans de guerre \u00e0 Gaza, qui avait \u00e9t\u00e9 d\u00e9clench\u00e9e par une attaque sans pr\u00e9c\u00e9dent du Hamas contre Isra\u00ebl le 7 octobre 2023.\n<\/p>\n<p>\n \u00ab\u00a0Cela va n\u00e9cessiter beaucoup, beaucoup de temps\u00a0\u00bb, ainsi qu&rsquo;une \u00ab\u00a0supervision constante\u00a0\u00bb, mais \u00ab\u00a0ce qu&rsquo;on a vu durant la semaine \u00e9coul\u00e9e me rend tr\u00e8s optimiste sur le fait que le cessez-le-feu va durer\u00a0\u00bb, a dit M. Vance \u00e0 Kiryat Gat, dans le sud d&rsquo;Isra\u00ebl, limitrophe de la bande de Gaza assi\u00e9g\u00e9e et ravag\u00e9e par les repr\u00e9sailles isra\u00e9liennes.\n<\/p>\n<p>        <img decoding=\"async\" src=\"https:\/\/www.europesays.com\/fr\/wp-content\/uploads\/2025\/10\/dc877b20678cd65f7daca77c2fb1153a-760x507.jpg\" alt=\"Des soldats am\u00e9ricains et isra\u00e9liens marchent dans une rue pr\u00e8s du kibboutz de Kfar Aza,dans le sud d'Isra\u00ebl pr\u00e8s de la fronti\u00e8re avec Gaza, le 21 octobre 2025 ( AFP \/ Jack GUEZ )\" loading=\"eager\" width=\"760\" height=\"507\" style=\"max-width: 100%!important; height: auto;\"\/><\/p>\n<p class=\"c-image-news__legend\">Des soldats am\u00e9ricains et isra\u00e9liens marchent dans une rue pr\u00e8s du kibboutz de Kfar Aza,dans le sud d&rsquo;Isra\u00ebl pr\u00e8s de la fronti\u00e8re avec Gaza, le 21 octobre 2025 ( AFP \/ Jack GUEZ )<\/p>\n<p>\n \u00ab\u00a0Chaque fois qu&rsquo;il y a un acte de violence, il y a cette tendance \u00e0 dire: +oh, c&rsquo;est la fin du cessez-le-feu, c&rsquo;est la fin du plan de paix+. Ce n&rsquo;est pas la fin\u00a0\u00bb, a ajout\u00e9 le vice-pr\u00e9sident, qui doit rencontrer mercredi le Premier ministre isra\u00e9lien Benjamin Netanyahu.\n<\/p>\n<p> &#8211; Deux corps d&rsquo;otages restitu\u00e9s &#8211;<\/p>\n<p>        <img decoding=\"async\" src=\"https:\/\/www.europesays.com\/fr\/wp-content\/uploads\/2025\/10\/7362035d4bce272605167e03c1762b30-760x507.jpg\" alt=\"L'otage isra\u00e9lien lib\u00e9r\u00e9, Avinatan Or (C), arrive dans la colonie isra\u00e9lienne de Shiloh, en Cisjordanie occup\u00e9e, le 21 octobre 2025 ( AFP \/ John Wessels )\" loading=\"eager\" width=\"760\" height=\"507\" style=\"max-width: 100%!important; height: auto;\"\/><\/p>\n<p class=\"c-image-news__legend\">L&rsquo;otage isra\u00e9lien lib\u00e9r\u00e9, Avinatan Or (C), arrive dans la colonie isra\u00e9lienne de Shiloh, en Cisjordanie occup\u00e9e, le 21 octobre 2025 ( AFP \/ John Wessels )<\/p>\n<p>\n Mardi soir, Isra\u00ebl a annonc\u00e9 avoir r\u00e9cup\u00e9r\u00e9, via la Croix-Rouge internationale \u00e0 Gaza, deux nouvelles d\u00e9pouilles d&rsquo;otages restitu\u00e9es par le Hamas.\n<\/p>\n<p>\n Aux termes de l&rsquo;accord qui a instaur\u00e9 le cessez-le-feu, le Hamas a lib\u00e9r\u00e9 au 13 octobre les 20 otages vivants qu&rsquo;il d\u00e9tenait depuis son attaque du 7-Octobre.\n<\/p>\n<p>\n Il devait aussi rendre \u00e0 cette date tous les corps d&rsquo;otages, mais il n&rsquo;en a restitu\u00e9 jusque-l\u00e0 que 15 sur les 28 qu&rsquo;il retient, arguant de difficult\u00e9s pour trouver les d\u00e9pouilles dans le territoire d\u00e9vast\u00e9.\n<\/p>\n<p>\n En \u00e9change, Isra\u00ebl a remis pour l&rsquo;instant 165 corps de Palestiniens.\n<\/p>\n<p>        <img decoding=\"async\" src=\"https:\/\/www.europesays.com\/fr\/wp-content\/uploads\/2025\/10\/6ef3a547558f4003d83051fcf6cd327a-760x507.jpg\" alt=\"Un tank isra\u00e9lien circule le long de la barri\u00e8re s\u00e9parant Isra\u00ebl de la bande de Gaza le 21 octobre 2025. ( AFP \/ Jack GUEZ )\" loading=\"eager\" width=\"760\" height=\"507\" style=\"max-width: 100%!important; height: auto;\"\/><\/p>\n<p class=\"c-image-news__legend\">Un tank isra\u00e9lien circule le long de la barri\u00e8re s\u00e9parant Isra\u00ebl de la bande de Gaza le 21 octobre 2025. ( AFP \/ Jack GUEZ )<\/p>\n<p>\n Avant M. Vance, le pr\u00e9sident am\u00e9ricain a assur\u00e9 que ses alli\u00e9s au Moyen-Orient et autour \u00e9taient pr\u00eats \u00e0 \u00ab\u00a0entrer \u00e0 Gaza en force et +corriger+ le Hamas s&rsquo;il continuait \u00e0 mal se conduire, en violation de l&rsquo;accord\u00a0\u00bb.\n<\/p>\n<p>\n Mais le n\u00e9gociateur en chef du Hamas, Khalil al-Hayya, a r\u00e9affirm\u00e9 l&rsquo;engagement du mouvement \u00e0 respecter l&rsquo;accord. \u00ab\u00a0L&rsquo;accord pour Gaza tiendra\u00a0\u00bb.\n<\/p>\n<p>\n \u00ab\u00a0Nous sommes d\u00e9termin\u00e9s \u00e0 r\u00e9cup\u00e9rer les corps de toutes les personnes d\u00e9tenues\u00a0\u00bb malgr\u00e9 des \u00ab\u00a0difficult\u00e9s pour les extraire\u00a0\u00bb, a-t-il ajout\u00e9.\n<\/p>\n<p>        <img decoding=\"async\" src=\"https:\/\/www.europesays.com\/fr\/wp-content\/uploads\/2025\/10\/e7eefeed0dd34cb9316a43637821006d-760x507.jpg\" alt=\"Le pr\u00e9sident am\u00e9ricain Donald Trump prend la parole lors d'un entretien avec le Premier ministre australien Anthony Albanese le 20 octobre 2025 \u00e0 la Maison Blanche.  ( AFP \/ SAUL LOEB )\" loading=\"eager\" width=\"760\" height=\"507\" style=\"max-width: 100%!important; height: auto;\"\/><\/p>\n<p class=\"c-image-news__legend\">Le pr\u00e9sident am\u00e9ricain Donald Trump prend la parole lors d&rsquo;un entretien avec le Premier ministre australien Anthony Albanese le 20 octobre 2025 \u00e0 la Maison Blanche.  ( AFP \/ SAUL LOEB )<\/p>\n<p>\n L&rsquo;accord a paru vaciller apr\u00e8s les violences dimanche \u00e0 Gaza, les plus importantes depuis son entr\u00e9e en vigueur. Isra\u00ebl y a men\u00e9 des frappes en r\u00e9ponse, selon lui, \u00e0 des attaques du Hamas. Le Hamas a d\u00e9menti avoir viol\u00e9 la tr\u00eave.\n<\/p>\n<p>\n La D\u00e9fense civile \u00e0 Gaza a fait \u00e9tat de 45 Palestiniens tu\u00e9s dans les bombardements isra\u00e9liens et l&rsquo;arm\u00e9e isra\u00e9lienne a d\u00e9plor\u00e9 la mort de deux soldats au combat.\n<\/p>\n<p> &#8211; \u00ab\u00a0Sauver des vies\u00a0\u00bb &#8211;<\/p>\n<p>        <img decoding=\"async\" src=\"https:\/\/www.europesays.com\/fr\/wp-content\/uploads\/2025\/10\/d483ad545b80e4cc5fc01ceacc7a4e8f-760x507.jpg\" alt=\"Des Palestiniens se rassemblent pour recevoir des portions alimentaires distribu\u00e9es par une cuisine caritative dans le camp de r\u00e9fugi\u00e9s de Nousseirat, dans le centre de la bande de Gaza, le 15 octobre 2025 ( AFP \/ Eyad BABA )\" loading=\"eager\" width=\"760\" height=\"507\" style=\"max-width: 100%!important; height: auto;\"\/><\/p>\n<p class=\"c-image-news__legend\">Des Palestiniens se rassemblent pour recevoir des portions alimentaires distribu\u00e9es par une cuisine caritative dans le camp de r\u00e9fugi\u00e9s de Nousseirat, dans le centre de la bande de Gaza, le 15 octobre 2025 ( AFP \/ Eyad BABA )<\/p>\n<p>\n Une \u00e9tape ult\u00e9rieure du plan Trump pr\u00e9voit de nouveaux retraits isra\u00e9liens dans la bande de Gaza, ainsi que le d\u00e9sarmement du Hamas, qui a pris le pouvoir dans le territoire en 2007. Il exclut tout r\u00f4le du mouvement islamiste dans la gouvernance de Gaza.\n<\/p>\n<p>\n Le Hamas a jusque-l\u00e0 refus\u00e9 d&rsquo;envisager son d\u00e9sarmement et ses combattants se sont red\u00e9ploy\u00e9s dans des secteurs de Gaza apr\u00e8s la tr\u00eave, s&rsquo;affrontant avec des groupes arm\u00e9s en accusant certains de \u00ab\u00a0collaborer\u00a0\u00bb avec Isra\u00ebl.\n<\/p>\n<p>\n Il r\u00e9clame aussi le retrait total des troupes isra\u00e9liennes qui contr\u00f4lent aujourd&rsquo;hui environ la moiti\u00e9 du territoire palestinien.\n<\/p>\n<p>\n \u00ab\u00a0(&#8230;) Je ne vais pas faire ce que le pr\u00e9sident des Etats-Unis a refus\u00e9 de faire jusqu&rsquo;\u00e0 pr\u00e9sent, c&rsquo;est-\u00e0-dire fixer une date butoir explicite, car (&#8230;) ces choses-l\u00e0 sont difficiles\u00a0\u00bb, a dit M. Vance \u00e0 propos du d\u00e9sarmement du Hamas.\n<\/p>\n<p>\n S&rsquo;exprimant \u00e0 Kiryat Gat depuis le nouveau Centre de coordination militaro-civile charg\u00e9 de surveiller la tr\u00eave, sous supervision am\u00e9ricaine, M. Vance a r\u00e9p\u00e9t\u00e9 qu'\u00a0\u00bbil n&rsquo;y aura pas de troupes am\u00e9ricaines au sol \u00e0 Gaza\u00a0\u00bb.\n<\/p>\n<p>\n L&rsquo;accord de cessez-le-feu pr\u00e9voit aussi l&rsquo;entr\u00e9e de plus d&rsquo;aides humanitaires \u00e0 Gaza, dont les acc\u00e8s sont contr\u00f4l\u00e9s par Isra\u00ebl.\n<\/p>\n<p>\n Le maintien du cessez-le feu est \u00ab\u00a0vital\u00a0\u00bb pour \u00ab\u00a0sauver des vies\u00a0\u00bb \u00e0 Gaza, en proie \u00e0 une catastrophe humanitaire, a affirm\u00e9 le Programme alimentaire mondial, appelant \u00e0 l&rsquo;ouverture de tous les points de passage pour l&rsquo;entr\u00e9e des aides.\n<\/p>\n<p>        <img decoding=\"async\" src=\"https:\/\/www.europesays.com\/fr\/wp-content\/uploads\/2025\/10\/2fe999caa8cb268cdd10f60e59493d8a-760x507.jpg\" alt=\"Vue a\u00e9rienne des destructions \u00e0 Gaza-ville, le 15 octobre 2025 ( AFP \/ - )\" loading=\"eager\" width=\"760\" height=\"507\" style=\"max-width: 100%!important; height: auto;\"\/><\/p>\n<p class=\"c-image-news__legend\">Vue a\u00e9rienne des destructions \u00e0 Gaza-ville, le 15 octobre 2025 ( AFP \/ &#8211; )<\/p>\n<p>\n L&rsquo;attaque du 7-Octobre a entra\u00een\u00e9 c\u00f4t\u00e9 isra\u00e9lien la mort de 1.221 personnes, en majorit\u00e9 des civils, selon un bilan \u00e9tabli par l&rsquo;AFP \u00e0 partir de donn\u00e9es officielles.\n<\/p>\n<p>\n L&rsquo;offensive isra\u00e9lienne men\u00e9e en repr\u00e9sailles a fait 68.229 morts \u00e0 Gaza, en majorit\u00e9 des civils, selon les chiffres du minist\u00e8re de la Sant\u00e9 du Hamas.<\/p>\n","protected":false},"excerpt":{"rendered":"Le vice-pr\u00e9sident am\u00e9ricain JD Vance s&rsquo;exprime lors d&rsquo;une conf\u00e9rence de presse dans le sud d&rsquo;Isra\u00ebl, le 21 octobre&hellip;\n","protected":false},"author":2,"featured_media":480650,"comment_status":"","ping_status":"","sticky":false,"template":"","format":"standard","meta":{"footnotes":""},"categories":[5],"tags":[400,11,398,408,405,1011,27,403,14,402,399,404,12,401,406,407,28],"class_list":{"0":"post-480649","1":"post","2":"type-post","3":"status-publish","4":"format-standard","5":"has-post-thumbnail","7":"category-international","8":"tag-action-cac-40","9":"tag-actualites","10":"tag-bourse-de-paris","11":"tag-boursorama","12":"tag-cotations","13":"tag-fr","14":"tag-france","15":"tag-indices-devises","16":"tag-international","17":"tag-investir","18":"tag-investissement","19":"tag-marche-boursier","20":"tag-news","21":"tag-sicav","22":"tag-trackers","23":"tag-warrants","24":"tag-world"},"share_on_mastodon":{"url":"https:\/\/pubeurope.com\/@fr\/115414747818864075","error":""},"_links":{"self":[{"href":"https:\/\/www.europesays.com\/fr\/wp-json\/wp\/v2\/posts\/480649","targetHints":{"allow":["GET"]}}],"collection":[{"href":"https:\/\/www.europesays.com\/fr\/wp-json\/wp\/v2\/posts"}],"about":[{"href":"https:\/\/www.europesays.com\/fr\/wp-json\/wp\/v2\/types\/post"}],"author":[{"embeddable":true,"href":"https:\/\/www.europesays.com\/fr\/wp-json\/wp\/v2\/users\/2"}],"replies":[{"embeddable":true,"href":"https:\/\/www.europesays.com\/fr\/wp-json\/wp\/v2\/comments?post=480649"}],"version-history":[{"count":0,"href":"https:\/\/www.europesays.com\/fr\/wp-json\/wp\/v2\/posts\/480649\/revisions"}],"wp:featuredmedia":[{"embeddable":true,"href":"https:\/\/www.europesays.com\/fr\/wp-json\/wp\/v2\/media\/480650"}],"wp:attachment":[{"href":"https:\/\/www.europesays.com\/fr\/wp-json\/wp\/v2\/media?parent=480649"}],"wp:term":[{"taxonomy":"category","embeddable":true,"href":"https:\/\/www.europesays.com\/fr\/wp-json\/wp\/v2\/categories?post=480649"},{"taxonomy":"post_tag","embeddable":true,"href":"https:\/\/www.europesays.com\/fr\/wp-json\/wp\/v2\/tags?post=480649"}],"curies":[{"name":"wp","href":"https:\/\/api.w.org\/{rel}","templated":true}]}}