{"id":480651,"date":"2025-10-21T23:27:11","date_gmt":"2025-10-21T23:27:11","guid":{"rendered":"https:\/\/www.europesays.com\/fr\/480651\/"},"modified":"2025-10-21T23:27:11","modified_gmt":"2025-10-21T23:27:11","slug":"cest-quoi-cette-fausse-polemique-sur-la-montre-du-depute-lfi-louis-boyard","status":"publish","type":"post","link":"https:\/\/www.europesays.com\/fr\/480651\/","title":{"rendered":"C\u2019est quoi cette fausse pol\u00e9mique sur la montre du d\u00e9put\u00e9 LFI Louis Boyard\u00a0?"},"content":{"rendered":"<p>Le d\u00e9put\u00e9 La France Insoumise <a href=\"https:\/\/www.20minutes.fr\/politique\/louis-boyard\/\" class=\"c-link c-link--is-underlined\" target=\"_blank\" rel=\"noopener\">Louis Boyard<\/a> accus\u00e9 d\u2019insinc\u00e9rit\u00e9. Sur les r\u00e9seaux sociaux, des comptes li\u00e9s \u00e0 la mouvance r\u00e9actionnaire et conspirationniste accusent l\u2019\u00e9lu d\u2019avoir retir\u00e9 sa montre avant un passage sur BFMTV le 16\u00a0octobre \u00e0 l\u2019Assembl\u00e9e nationale, rapporte le <a href=\"https:\/\/www.huffingtonpost.fr\/politique\/article\/louis-boyard-repond-a-l-attaque-lunaire-de-javier-milei-sur-sa-montre_256221.html\" target=\"_blank\" class=\"c-link c-link--is-underlined\" rel=\"noopener\">HuffPost<\/a>. Ces comptes l\u2019accusent de ne pas assumer de porter un objet suppos\u00e9ment luxueux.<\/p>\n<p>L\u2019extrait vid\u00e9o a \u00e9t\u00e9 relay\u00e9 de nombreuses fois, notamment par des responsables politiques. A l\u2019international, le pr\u00e9sident <a href=\"https:\/\/www.20minutes.fr\/monde\/etats-unis\/4175119-20250925-assemblee-generale-onu-president-ultraliberal-argentin-javier-milei-encense-allie-trump\" class=\"c-link c-link--is-underlined\" target=\"_blank\" rel=\"noopener\">argentin Javier Milei<\/a>, proche du pr\u00e9sident am\u00e9ricain Donald Trump, a critiqu\u00e9 sur le r\u00e9seau social X \u00ab\u00a0l\u2019hypocrisie de la gauche\u00a0\u00bb. En France, l\u2019ancien candidat \u00e0 l\u2019\u00e9lection pr\u00e9sidentielle Fran\u00e7ois Asselineau a \u00e9voqu\u00e9 une montre qui, \u00ab\u00a0selon certains\u00a0\u00bb, serait \u00ab\u00a0une <a href=\"https:\/\/www.20minutes.fr\/monde\/italie\/4180087-20251017-italie-chef-chantier-perd-rolex-beton-frais-exige-etre-rembourse\" class=\"c-link c-link--is-underlined\" target=\"_blank\" rel=\"noopener\">Rolex<\/a> de quelques milliers d\u2019euros\u00a0\u00bb.<\/p>\n<p>D\u00e9menti de l\u2019\u00e9lu, qui d\u00e9nonce une \u00ab\u00a0d\u00e9sinformation\u00a0\u00bb<\/p>\n<p>Le d\u00e9put\u00e9 LFI a publi\u00e9 mardi une vid\u00e9o sur X, d\u00e9mentant poss\u00e9der une montre d\u2019une grande valeur. Il y affirme que l\u2019objet co\u00fbte \u00ab\u00a0295 euros\u00a0\u00bb et lui a \u00e9t\u00e9 \u00ab\u00a0offert par des amis pour (s) es 25 ans\u00a0\u00bb. Il explique ensuite\u00a0: \u00ab\u00a0Avant les interviews ou les plateaux, comme je parle avec mes mains, je peux cogner sur des tables ou autres, j\u2019ai pris l\u2019habitude de l\u2019enlever.\u00a0\u00bb Il parle d\u2019une campagne de d\u00e9nigrement provenant de \u00ab\u00a0r\u00e9seaux de d\u00e9sinformation\u00a0\u00bb.<\/p>\n<p>Il s\u2019agirait de \u00ab\u00a0r\u00e9seaux d\u2019extr\u00eame droite, les r\u00e9seaux Bollor\u00e9, les r\u00e9seaux Pierre-\u00c9douard St\u00e9rin\u00a0\u00bb, \u00ab\u00a0eux-m\u00eames li\u00e9s aux r\u00e9seaux Javier Milei\u00a0\u00bb et \u00ab\u00a0r\u00e9seaux de Donald Trump [\u2026] qui sont des gouvernements qui utilisent la d\u00e9sinformation comme strat\u00e9gie dans leurs pays\u00a0\u00bb, selon lui.<\/p>\n<p><a href=\"https:\/\/www.20minutes.fr\/politique\/louis-boyard\/\" class=\"c-link c-btn c-btn--primary\" target=\"_blank\" rel=\"noopener\">Les articles sur Louis Boyard<\/a><\/p>\n<p>En septembre dernier, Louis Boyard a re\u00e7u la visite d\u2019un officier de police judiciaire et de deux policiers \u00e0 Villeneuve-Saint-Georges (Val-de-Marne), accus\u00e9 de ne pas avoir fourni un justificatif concernant le remboursement de pr\u00eats lors de sa campagne de\u00a02022.<\/p>\n<\/p>\n<p>D\u2019apr\u00e8s l\u2019entourage de l\u2019\u00e9lu, la situation a \u00e9t\u00e9 r\u00e9gularis\u00e9e depuis, mais la visite des forces de l\u2019ordre a du mal \u00e0 passer. Dans la vid\u00e9o de ce mardi, l\u2019\u00e9lu LFI revient sur cet \u00e9v\u00e9nement, affirmant que \u00ab\u00a0ces m\u00eames r\u00e9seaux de d\u00e9sinformation faisaient croire qu\u2019il y avait un probl\u00e8me dans mes comptes de campagne, alors qu\u2019ils ont tous \u00e9t\u00e9 valid\u00e9s\u00a0\u00bb.<\/p>\n","protected":false},"excerpt":{"rendered":"Le d\u00e9put\u00e9 La France Insoumise Louis Boyard accus\u00e9 d\u2019insinc\u00e9rit\u00e9. Sur les r\u00e9seaux sociaux, des comptes li\u00e9s \u00e0 la&hellip;\n","protected":false},"author":2,"featured_media":480652,"comment_status":"","ping_status":"","sticky":false,"template":"","format":"standard","meta":{"footnotes":""},"categories":[4],"tags":[47,11,422,75,1011,27,60385,662,5924,1023,27538,12,24249,316,25,699,1125],"class_list":{"0":"post-480651","1":"post","2":"type-post","3":"status-publish","4":"format-standard","5":"has-post-thumbnail","7":"category-france","8":"tag-actualite","9":"tag-actualites","10":"tag-depute","11":"tag-donald-trump","12":"tag-fr","13":"tag-france","14":"tag-francois-asselineau","15":"tag-ile-de-france","16":"tag-javier-milei","17":"tag-la-france-insoumise-lfi","18":"tag-louis-boyard","19":"tag-news","20":"tag-pierre-edouard-sterin","21":"tag-politique","22":"tag-republique-francaise","23":"tag-rolex","24":"tag-val-de-marne"},"share_on_mastodon":{"url":"https:\/\/pubeurope.com\/@fr\/115414751607176617","error":""},"_links":{"self":[{"href":"https:\/\/www.europesays.com\/fr\/wp-json\/wp\/v2\/posts\/480651","targetHints":{"allow":["GET"]}}],"collection":[{"href":"https:\/\/www.europesays.com\/fr\/wp-json\/wp\/v2\/posts"}],"about":[{"href":"https:\/\/www.europesays.com\/fr\/wp-json\/wp\/v2\/types\/post"}],"author":[{"embeddable":true,"href":"https:\/\/www.europesays.com\/fr\/wp-json\/wp\/v2\/users\/2"}],"replies":[{"embeddable":true,"href":"https:\/\/www.europesays.com\/fr\/wp-json\/wp\/v2\/comments?post=480651"}],"version-history":[{"count":0,"href":"https:\/\/www.europesays.com\/fr\/wp-json\/wp\/v2\/posts\/480651\/revisions"}],"wp:featuredmedia":[{"embeddable":true,"href":"https:\/\/www.europesays.com\/fr\/wp-json\/wp\/v2\/media\/480652"}],"wp:attachment":[{"href":"https:\/\/www.europesays.com\/fr\/wp-json\/wp\/v2\/media?parent=480651"}],"wp:term":[{"taxonomy":"category","embeddable":true,"href":"https:\/\/www.europesays.com\/fr\/wp-json\/wp\/v2\/categories?post=480651"},{"taxonomy":"post_tag","embeddable":true,"href":"https:\/\/www.europesays.com\/fr\/wp-json\/wp\/v2\/tags?post=480651"}],"curies":[{"name":"wp","href":"https:\/\/api.w.org\/{rel}","templated":true}]}}