{"id":480655,"date":"2025-10-21T23:29:17","date_gmt":"2025-10-21T23:29:17","guid":{"rendered":"https:\/\/www.europesays.com\/fr\/480655\/"},"modified":"2025-10-21T23:29:17","modified_gmt":"2025-10-21T23:29:17","slug":"saint-just-malmont-un-cheval-tombe-dans-un-regard-secouru-et-sauve","status":"publish","type":"post","link":"https:\/\/www.europesays.com\/fr\/480655\/","title":{"rendered":"Saint-Just-Malmont : un cheval tomb\u00e9 dans un regard secouru et sauv\u00e9"},"content":{"rendered":"<p>\t\t\t\t\t\t\t\t\t\t\t\t\t\t\t\t\t\t\t\t\t\t\t\t\t\t\t\t\t\t\t\t\t\t\t\t\t\t\t\t\t\t\t\t\t\t\t\t\t\t\t\t\t\t\t\t\t\t\t\t\t\t\t<a href=\"https:\/\/www.lacommere43.fr\/component\/banners\/click\/1838.html\" target=\"_blank\" title=\"Chevalier Fr\u00e8res octobre 2025\" rel=\"noopener\"><br \/>\n\t\t\t\t\t\t\t<img decoding=\"async\" loading=\"lazy\" src=\"https:\/\/www.europesays.com\/fr\/wp-content\/uploads\/2025\/10\/chevalier-2025-toussaint.gif\" alt=\"Chevalier Fr\u00e8res octobre 2025\"\/><br \/>\n\t\t\t\t\t\t<\/a><\/p>\n<p>\t\t\t\t\t\t\t\t\t\t\t\t\t\t\t\t\t\t\t\t\t\t\t\t\t\t\t\t\t\t\t\t\t\t\t\t\t\t\t\t\t\t\t\t\t\t\t\t\t\t\t\t\t\t\t\t\t\t\t\t\t\t\t<a href=\"https:\/\/www.lacommere43.fr\/component\/banners\/click\/1841.html\" target=\"_blank\" title=\"HPV Halloween octobre 2025\" rel=\"noopener\"><br \/>\n\t\t\t\t\t\t\t<img decoding=\"async\" loading=\"lazy\" src=\"https:\/\/www.europesays.com\/fr\/wp-content\/uploads\/2025\/10\/PUB_Halloween_piscine.gif\" alt=\"HPV Halloween octobre 2025\"\/><br \/>\n\t\t\t\t\t\t<\/a><\/p>\n<p><strong>Mardi matin, les pompiers sont intervenus dans une propri\u00e9t\u00e9 priv\u00e9e \u00e0 Saint-Just-Malmont, route de Bruch\u00e8res, pour sauver un cheval, tomb\u00e9 dans un regard pr\u00e8s des boxs. Une plaque en b\u00e9ton a c\u00e9d\u00e9 et l&rsquo;animal de 600 kg est tomb\u00e9 dans ce regard de 1 m\u00e8tre de large et 180 cm de profondeur.<\/strong><\/p>\n<p>Les pompiers de Saint-Just-Malmont ont \u00e9t\u00e9 aid\u00e9s de l&rsquo;unit\u00e9 sp\u00e9cialis\u00e9e USAR. Un camion grue et une mini-pelle sont aussi intervenus, le camion grue pour soulever l&rsquo;animal, la mini-pelle pour \u00e9largir le trou.<\/p>\n<p>Un v\u00e9t\u00e9rinaire de Marlhes est aussi venu pour r\u00e9aliser une anesth\u00e9sie g\u00e9n\u00e9rale.<\/p>\n<p>Finalement, apr\u00e8s deux heures d&rsquo;efforts, le cheval a \u00e9t\u00e9 sauv\u00e9. En fin d&rsquo;intervention, il cherchait \u00e0 se relever, ce qui est bon signe.<\/p>\n<p>Une femme de 22 ans a \u00e9t\u00e9 \u00e9vacu\u00e9e sur l&rsquo;h\u00f4pital de Firminy. Un mouvement de t\u00eate du cheval l&rsquo;avait envoy\u00e9 contre une barri\u00e8re en bois. Elle se plaignait du dos.<\/p>\n","protected":false},"excerpt":{"rendered":"Mardi matin, les pompiers sont intervenus dans une propri\u00e9t\u00e9 priv\u00e9e \u00e0 Saint-Just-Malmont, route de Bruch\u00e8res, pour sauver un&hellip;\n","protected":false},"author":2,"featured_media":480656,"comment_status":"","ping_status":"","sticky":false,"template":"","format":"standard","meta":{"footnotes":""},"categories":[9653],"tags":[1111,2281,11,2430,1777,674,2282,1011,27,2280,2284,2285,2283,12,25,4001],"class_list":{"0":"post-480655","1":"post","2":"type-post","3":"status-publish","4":"format-standard","5":"has-post-thumbnail","7":"category-saint-etienne","8":"tag-actu","9":"tag-actualite-43","10":"tag-actualites","11":"tag-auvergne-rhone-alpes","12":"tag-eu","13":"tag-europe","14":"tag-faits-divers-auvergne","15":"tag-fr","16":"tag-france","17":"tag-information-haute-loire","18":"tag-infos-43","19":"tag-journal-haute-loire","20":"tag-la-commere-43","21":"tag-news","22":"tag-republique-francaise","23":"tag-saint-etienne"},"share_on_mastodon":{"url":"https:\/\/pubeurope.com\/@fr\/115414759893041864","error":""},"_links":{"self":[{"href":"https:\/\/www.europesays.com\/fr\/wp-json\/wp\/v2\/posts\/480655","targetHints":{"allow":["GET"]}}],"collection":[{"href":"https:\/\/www.europesays.com\/fr\/wp-json\/wp\/v2\/posts"}],"about":[{"href":"https:\/\/www.europesays.com\/fr\/wp-json\/wp\/v2\/types\/post"}],"author":[{"embeddable":true,"href":"https:\/\/www.europesays.com\/fr\/wp-json\/wp\/v2\/users\/2"}],"replies":[{"embeddable":true,"href":"https:\/\/www.europesays.com\/fr\/wp-json\/wp\/v2\/comments?post=480655"}],"version-history":[{"count":0,"href":"https:\/\/www.europesays.com\/fr\/wp-json\/wp\/v2\/posts\/480655\/revisions"}],"wp:featuredmedia":[{"embeddable":true,"href":"https:\/\/www.europesays.com\/fr\/wp-json\/wp\/v2\/media\/480656"}],"wp:attachment":[{"href":"https:\/\/www.europesays.com\/fr\/wp-json\/wp\/v2\/media?parent=480655"}],"wp:term":[{"taxonomy":"category","embeddable":true,"href":"https:\/\/www.europesays.com\/fr\/wp-json\/wp\/v2\/categories?post=480655"},{"taxonomy":"post_tag","embeddable":true,"href":"https:\/\/www.europesays.com\/fr\/wp-json\/wp\/v2\/tags?post=480655"}],"curies":[{"name":"wp","href":"https:\/\/api.w.org\/{rel}","templated":true}]}}