{"id":480663,"date":"2025-10-21T23:33:18","date_gmt":"2025-10-21T23:33:18","guid":{"rendered":"https:\/\/www.europesays.com\/fr\/480663\/"},"modified":"2025-10-21T23:33:18","modified_gmt":"2025-10-21T23:33:18","slug":"de-lor-pour-le-quartier-chalucet-a-toulon","status":"publish","type":"post","link":"https:\/\/www.europesays.com\/fr\/480663\/","title":{"rendered":"De l&rsquo;or pour le quartier Chalucet \u00e0 Toulon"},"content":{"rendered":"<p><img loading=\"lazy\" decoding=\"async\" alt=\"\u00a9 K.S. - A Toulon, l'\u00e9coquartier Chalucet a \u00e9t\u00e9 pens\u00e9 par l'architecte Corinne Vezzoni.\" data-zoom-src=\"https:\/\/www.europesays.com\/fr\/wp-content\/uploads\/2025\/10\/initial-ecoquartier-chalucet-recompense.jpg\" data-zoomable=\"\" height=\"702\" src=\"https:\/\/www.europesays.com\/fr\/wp-content\/uploads\/2025\/10\/initial-ecoquartier-chalucet-recompense.jpg\" width=\"1248\"\/>  <\/p>\n<p class=\"article-desc\">\u00a9 K.S. &#8211; A Toulon, l&rsquo;\u00e9coquartier Chalucet a \u00e9t\u00e9 pens\u00e9 par l&rsquo;architecte Corinne Vezzoni. <\/p>\n<p>Cinq ans apr\u00e8s son inauguration, le <a href=\"https:\/\/mesinfos.fr\/provence-alpes-cote-d-azur\/toulon-chalucet-devient-ecoquartier-4980.html\" rel=\"noopener\" target=\"_blank\">quartier Chalucet<\/a> \u00e0 Toulon multiplie les r\u00e9compenses. D\u00e9j\u00e0 reconnu \u00c9coquartier niveau 3, le site a d\u00e9sormais la <strong>certification or Quartier durable m\u00e9diterran\u00e9en<\/strong> (QDM). <\/p>\n<p>Un label, d\u00e9livr\u00e9 par l\u2019association <a href=\"https:\/\/envirobatbdm.eu\/\" rel=\"noopener\" target=\"_blank\">Envirobat BDM<\/a>, qui fait suite \u00e0 un dossier pr\u00e9sent\u00e9 le 7 octobre devant une commission QDM pour garantir que le quartier r\u00e9ponde \u00e0 un cahier des charges pr\u00e9cis. D\u00e9clin\u00e9 en<strong> huit objectifs<\/strong> : milieu naturel, mat\u00e9riaux et gestion des d\u00e9chets, qualit\u00e9 de vie et sant\u00e9 ou encore mobilit\u00e9s, le quartier Chalucet est parvenu \u00e0 remplir les exigences du label.<\/p>\n<p>  Le P\u00f4le d&rsquo;\u00e9change multimodal de Hy\u00e8res lui aussi r\u00e9compens\u00e9 <\/p>\n<p>Le P\u00f4le d\u2019\u00e9change multimodal de Hy\u00e8res a quant \u00e0 lui re\u00e7u le niveau bronze pour son \u00e9tape de conception. Une r\u00e9ussite qui signe que le projet, <strong>financ\u00e9 \u00e0 hauteur de 24 M\u20ac par la M\u00e9tropole<\/strong> Toulon Provence M\u00e9diterran\u00e9e, a une bonne amorce environnementale pour le quartier. <\/p>\n<p>Trois questions sur la certification QDM <\/p>\n<p class=\"interview\">Qui d\u00e9livre la certification\u00a0? <\/p>\n<p>Les labels <strong>Quartier durable m\u00e9diterran\u00e9en<\/strong> sont d\u00e9livr\u00e9s par l\u2019association EnvirobatBDM. Elle met en avant les<strong> projets durables<\/strong> pouvant \u00eatre qualifi\u00e9s d\u2019exemplaires. La d\u00e9marche B\u00e2timents et Quartiers Durables M\u00e9diterran\u00e9ens (BDM\/QDM) est un r\u00e9f\u00e9rentiel de qualit\u00e9 environnementale ayant pour objectif d\u2019\u00e9valuer les projets de construction et de r\u00e9habilitation des b\u00e2timents et quartiers dans une d\u00e9marche d\u2019am\u00e9lioration continue.\u00a0 <\/p>\n<p class=\"interview\">Quels sont les niveaux de certification ? <\/p>\n<p>Il existe quatre niveaux dans les labels QDM et BDM : CAP, bronze, argent et or. Les labels sont d\u00e9livr\u00e9s en trois phases : conception, r\u00e9alisation et usage (deux ans apr\u00e8s la mise en service). <\/p>\n<p class=\"interview\">Quels autres b\u00e2timents m\u00e9tropolitains sont-ils en d\u00e9marche de certification\u00a0? <\/p>\n<p>Neuf b\u00e2timents m\u00e9tropolitains sont engag\u00e9s dans une d\u00e9marche de certification BDM \u00e0 l&rsquo;instar du Conservatoire TPM du Pradet certifi\u00e9 BDM argent en phase r\u00e9alisation en 2024, de l&rsquo;\u00c9cole sup\u00e9rieure d\u2019Art et Design TPM \u00e0 Toulon certifi\u00e9e BDM bronze en phase usage en 2024, ou encore de l&rsquo;Op\u00e9ra de Toulon certifi\u00e9 BDM bronze en phase conception en 2024. <\/p>\n<p>En parall\u00e8le, quatre sites m\u00e9tropolitains sont engag\u00e9s dans une d\u00e9marche de certification QDM : le quartier de Chalucet \u00e0 Toulon certifi\u00e9 QDM or en usage, le PEM de Hy\u00e8res, d\u00e9marche QDM bronze, le centre-ville d\u2019Ollioules, d\u00e9marche BDM et QDM argent en cours ainsi que le c\u0153ur de ville de La Garde, d\u00e9marche QDM or en cours. \u200b<\/p>\n","protected":false},"excerpt":{"rendered":"\u00a9 K.S. &#8211; A Toulon, l&rsquo;\u00e9coquartier Chalucet a \u00e9t\u00e9 pens\u00e9 par l&rsquo;architecte Corinne Vezzoni. Cinq ans apr\u00e8s son&hellip;\n","protected":false},"author":2,"featured_media":480664,"comment_status":"","ping_status":"","sticky":false,"template":"","format":"standard","meta":{"footnotes":""},"categories":[9619],"tags":[1111,11,20205,1777,674,1011,27,12,882,25,2310,28500,1352],"class_list":{"0":"post-480663","1":"post","2":"type-post","3":"status-publish","4":"format-standard","5":"has-post-thumbnail","7":"category-toulon","8":"tag-actu","9":"tag-actualites","10":"tag-du00e9veloppement-durable","11":"tag-eu","12":"tag-europe","13":"tag-fr","14":"tag-france","15":"tag-news","16":"tag-provence-alpes-cote-dazur","17":"tag-republique-francaise","18":"tag-toulon","19":"tag-u00c9cologie","20":"tag-urbanisme"},"share_on_mastodon":{"url":"https:\/\/pubeurope.com\/@fr\/115414775460412108","error":""},"_links":{"self":[{"href":"https:\/\/www.europesays.com\/fr\/wp-json\/wp\/v2\/posts\/480663","targetHints":{"allow":["GET"]}}],"collection":[{"href":"https:\/\/www.europesays.com\/fr\/wp-json\/wp\/v2\/posts"}],"about":[{"href":"https:\/\/www.europesays.com\/fr\/wp-json\/wp\/v2\/types\/post"}],"author":[{"embeddable":true,"href":"https:\/\/www.europesays.com\/fr\/wp-json\/wp\/v2\/users\/2"}],"replies":[{"embeddable":true,"href":"https:\/\/www.europesays.com\/fr\/wp-json\/wp\/v2\/comments?post=480663"}],"version-history":[{"count":0,"href":"https:\/\/www.europesays.com\/fr\/wp-json\/wp\/v2\/posts\/480663\/revisions"}],"wp:featuredmedia":[{"embeddable":true,"href":"https:\/\/www.europesays.com\/fr\/wp-json\/wp\/v2\/media\/480664"}],"wp:attachment":[{"href":"https:\/\/www.europesays.com\/fr\/wp-json\/wp\/v2\/media?parent=480663"}],"wp:term":[{"taxonomy":"category","embeddable":true,"href":"https:\/\/www.europesays.com\/fr\/wp-json\/wp\/v2\/categories?post=480663"},{"taxonomy":"post_tag","embeddable":true,"href":"https:\/\/www.europesays.com\/fr\/wp-json\/wp\/v2\/tags?post=480663"}],"curies":[{"name":"wp","href":"https:\/\/api.w.org\/{rel}","templated":true}]}}