{"id":480681,"date":"2025-10-21T23:44:29","date_gmt":"2025-10-21T23:44:29","guid":{"rendered":"https:\/\/www.europesays.com\/fr\/480681\/"},"modified":"2025-10-21T23:44:29","modified_gmt":"2025-10-21T23:44:29","slug":"comment-stationner-et-circuler-pendant-le-marche-de-noel-2025-2","status":"publish","type":"post","link":"https:\/\/www.europesays.com\/fr\/480681\/","title":{"rendered":"comment stationner et circuler pendant le March\u00e9 de No\u00ebl 2025 ?"},"content":{"rendered":"<p>    <img loading=\"lazy\" width=\"1800\" height=\"900\" src=\"https:\/\/www.europesays.com\/fr\/wp-content\/uploads\/2025\/08\/jeanne-callthepolice.jpg\" class=\"attachment-full size-full\" alt=\"\" id=\"imageLove\" decoding=\"async\"  \/><\/p>\n<p id=\"breadcrumbs\"><a href=\"https:\/\/pokaa.fr\/\" rel=\"nofollow noopener\" target=\"_blank\">Accueil<\/a> \/ <a href=\"https:\/\/pokaa.fr\/categories\/actu\/\" rel=\"nofollow noopener\" target=\"_blank\">Info locale<\/a> \/ En voiture ou en tram : comment stationner et circuler pendant le March\u00e9 de No\u00ebl 2025 ?<\/p>\n<p>                    Info locale<\/p>\n<p><b>Le 20 octobre, la Ville de Strasbourg a d\u00e9voil\u00e9 sa traditionnelle foire aux questions (FAQ) sur le stationnement et la circulation dans la Grande-\u00cele durant le march\u00e9 de No\u00ebl. L\u2019occasion de faire un point sur ce qui attend les Strasbourgeois(es), du 26 novembre au 24 d\u00e9cembre. <\/b><\/p>\n<p class=\"p1\">\u00c7a y est, le sapin est coup\u00e9, le march\u00e9 de No\u00ebl peut enfin rentrer dans sa phase op\u00e9rationnelle. Le 20 octobre, <b>la Ville de Strasbourg a en effet publi\u00e9 sa traditionnelle FAQ pour informer les habitant(e)s des conditions de circulation et de stationnement<\/b> qui chambouleront le centre-ville du 26 novembre au 24 d\u00e9cembre.<\/p>\n<p>Spoiler : <b>rien de nouveau sous le soleil dans une Grande-\u00cele transform\u00e9e en zone pi\u00e9tonne g\u00e9ante avec toujours des contr\u00f4les al\u00e9atoires des forces de l\u2019ordre annonc\u00e9s<\/b> [sous r\u00e9serve d\u2019annonce officielle de la pr\u00e9fecture \u00e9videmment, ndlr].<\/p>\n<p>                <a href=\"https:\/\/pokaa.fr\/2025\/10\/20\/il-mesure-30-metres-dou-vient-le-grand-sapin-de-la-place-kleber-qui-a-ete-coupe-ce-matin\/\" rel=\"nofollow noopener\" target=\"_blank\"><br \/>\n                    <img width=\"450\" height=\"270\" src=\"https:\/\/www.europesays.com\/fr\/wp-content\/uploads\/2025\/10\/314342695-3527526354142494-4005955376366035310-n-450x270.jpg\" class=\"attachment-card-horizontal--same-subject size-card-horizontal--same-subject wp-post-image\" alt=\"\" decoding=\"async\" loading=\"lazy\"\/>                <\/a><\/p>\n<p>    <img width=\"800\" height=\"533\" src=\"https:\/\/www.europesays.com\/fr\/wp-content\/uploads\/2025\/10\/france-strasbourg-alsace-marche-de-noel-wr-99-800x533.jpg\" class=\"attachment-image-size-L size-image-size-L\" alt=\"March\u00e9 de Noel 2024 arches de d\u00e9coration\" decoding=\"async\" loading=\"lazy\"  \/>         \u00a9 Wilfried rion \/ Pokaa <\/p>\n<p>Comment va fonctionner le stationnement dans la Grande-\u00cele durant le march\u00e9 de No\u00ebl ?<\/p>\n<p class=\"p1\">Pour le stationnement, pas de grands changements concernant les r\u00e8gles. <b>Il sera interdit en voirie sur l\u2019ensemble de la Grande-\u00cele 24h\/24 et 7j\/7, ainsi que dans les parkings Kl\u00e9ber, Gutenberg et Broglie, d\u00e8s le 25\u00a0novembre \u00e0 22h<\/b>. Les abonn\u00e9s avec macarons pourront n\u00e9anmoins acc\u00e9der \u00e0 ces trois parkings, <a target=\"_blank\" href=\"https:\/\/macarons-noel.strasbourg.eu\/\" rel=\"nofollow noopener\">en en faisant la demande ici<\/a>.<\/p>\n<p class=\"p1\">\u00c0 noter cependant : durant la p\u00e9riode de Strasbourg Capitale de No\u00ebl, <b>l\u2019abonnement voirie dans les zones 2 et 3 donnera acc\u00e8s \u00e0 toutes les zones de stationnement sur voirie en dehors de la Grande-\u00cele, tout comme aux diff\u00e9rents parkings de la Grande-\u00cele<\/b>.<\/p>\n<p>    <img width=\"800\" height=\"600\" src=\"https:\/\/www.europesays.com\/fr\/wp-content\/uploads\/2025\/10\/img-1734-grande-800x600.jpeg\" class=\"attachment-image-size-L size-image-size-L\" alt=\"parking broglie\" decoding=\"async\" loading=\"lazy\"  \/>         \u00a9 Nicolas Kaspar \/ Pokaa <\/p>\n<p>Comment va-t-on pouvoir circuler en voiture durant le march\u00e9 de No\u00ebl ?<\/p>\n<p class=\"p1\">Concernant la circulation, l\u00e0 encore, peu de grosses diff\u00e9rences avec les autres ann\u00e9es. <b>Elle sera tout bonnement interdite dans la Grande-\u00eele de 11h30 \u00e0 21h00 pendant tout le march\u00e9 de No\u00ebl<\/b>. Il existe tout de m\u00eame quelques exceptions pour les personnes ayant un macaron d\u2019acc\u00e8s, comme :<\/p>\n<ul class=\"ul1\">\n<li class=\"li5\">Les automobilistes et conducteurs\/rices de v\u00e9hicule deux roues disposant d\u2019un garage privatif ou d\u2019une place de stationnement hors voirie publique dans la Grande-\u00cele,<\/li>\n<li class=\"li5\"><b>Les abonn\u00e9(e)s r\u00e9sidant(e)s sur voirie de la Grande-\u00cele<\/b>, d\u00e9plac\u00e9(e)s en parking en ouvrage dans la limite des places disponibles<\/li>\n<li class=\"li5\">Les abonn(\u00e9)s Indigo et Parcus des parkings en ouvrage de la Grande-\u00cele.<\/li>\n<\/ul>\n<p>    <img width=\"800\" height=\"533\" src=\"https:\/\/www.europesays.com\/fr\/wp-content\/uploads\/2025\/10\/marche-de-noel-50-800x533.jpg\" class=\"attachment-image-size-L size-image-size-L\" alt=\"March\u00e9 de No\u00ebl (50) cath\u00e9drale\" decoding=\"async\" loading=\"lazy\"  \/>         \u00a9 Marie Goehner-David \/ Pokaa <\/p>\n<p class=\"p5\"><strong>L<\/strong><b>a circulation sera \u00e9galement autoris\u00e9e pour les v\u00e9hicules de secours, les services publics en intervention et les personnes \u00e0 mobilit\u00e9 r\u00e9duite disposant d\u2019une carte mobilit\u00e9 inclusion<\/b>.<\/p>\n<p class=\"p5\">L\u2019acc\u00e8s \u00e0 la Grande-\u00cele se fera par par quatre acc\u00e8s de contr\u00f4le : les ponts de l\u2019Abattoir, de Paris, de la Fonderie et du Corbeau. La sortie des v\u00e9hicules se fera par deux acc\u00e8s : les ponts Saint Nicolas et du Th\u00e9\u00e2tre. <b>Chaque v\u00e9hicule est susceptible d\u2019\u00eatre fouill\u00e9<\/b>, et l\u2019on pourra vous demander un document d\u2019identit\u00e9, le justificatif du macaron et\/ou tout autre document justifiant un acc\u00e8s \u00e0 la Grande-\u00cele.<\/p>\n<p>    <img width=\"800\" height=\"547\" src=\"https:\/\/www.europesays.com\/fr\/wp-content\/uploads\/2025\/10\/274808733_535434724484676_3660663004148946607_n5.jpg\" class=\"attachment-image-size-L size-image-size-L\" alt=\"ill quais soir pont\" decoding=\"async\" loading=\"lazy\"  \/>         \u00a9 Coraline Lafon \/ Pokaa <\/p>\n<p>Quelles stations de tram seront ferm\u00e9es cette ann\u00e9e ?<\/p>\n<p class=\"p1\">Enfin, avant d\u2019attendre d\u2019autres informations \u00e0 venir comme l\u2019ouverture de parkings-relais, on sait d\u00e9j\u00e0 que certaines stations de trams seront \u00e9galement ferm\u00e9es pour cette \u00e9dition 2025 du March\u00e9 de No\u00ebl : <b>les stations Broglie, Langstross Grand\u2019Rue et Alt Winm\u00e4rik seront ainsi ferm\u00e9es de 11h30 \u00e0 21h00<\/b>.<\/p>\n<p class=\"p1\">De son c\u00f4t\u00e9, <b>il est annonc\u00e9 que la station Homme de Fer restera 24h\/24 ouverte pendant toute la dur\u00e9e du march\u00e9 de No\u00ebl, sauf grosse affluence<\/b>. Enfin, les lignes de bus circulant habituellement dans la Grande-Ile seront d\u00e9vi\u00e9es hors de l\u2019ellipse insulaire.<\/p>\n<p class=\"p1\"><b>Le march\u00e9 de No\u00ebl continue de doucement mettre en march\u00e9 sa grosse machinerie d\u2019organisation. La prochaine \u00e9tape : l\u2019installation du sapin place Kl\u00e9ber le 24 octobre prochain.<\/b><\/p>\n<p>    <img width=\"600\" height=\"450\" src=\"https:\/\/www.europesays.com\/fr\/wp-content\/uploads\/2025\/10\/img-5016-600x450.jpeg\" class=\"attachment-image-size-M size-image-size-M\" alt=\"homme de fer signalisation march\u00e9 de noel\" decoding=\"async\" loading=\"lazy\"  \/>         \u00a9 Nicolas Kaspar \/ Pokaa <\/p>\n","protected":false},"excerpt":{"rendered":"Accueil \/ Info locale \/ En voiture ou en tram : comment stationner et circuler pendant le March\u00e9&hellip;\n","protected":false},"author":2,"featured_media":480423,"comment_status":"","ping_status":"","sticky":false,"template":"","format":"standard","meta":{"footnotes":""},"categories":[2820],"tags":[1111,57668,11,3542,1777,674,1011,27,775,24437,36053,12,25,6173,640],"class_list":{"0":"post-480681","1":"post","2":"type-post","3":"status-publish","4":"format-standard","5":"has-post-thumbnail","7":"category-strasbourg","8":"tag-actu","9":"tag-actu-strasbourg","10":"tag-actualites","11":"tag-circulation","12":"tag-eu","13":"tag-europe","14":"tag-fr","15":"tag-france","16":"tag-grand-est","17":"tag-grande-ile","18":"tag-marche-de-noel","19":"tag-news","20":"tag-republique-francaise","21":"tag-stationnement","22":"tag-strasbourg"},"share_on_mastodon":{"url":"https:\/\/pubeurope.com\/@fr\/115414819510180461","error":""},"_links":{"self":[{"href":"https:\/\/www.europesays.com\/fr\/wp-json\/wp\/v2\/posts\/480681","targetHints":{"allow":["GET"]}}],"collection":[{"href":"https:\/\/www.europesays.com\/fr\/wp-json\/wp\/v2\/posts"}],"about":[{"href":"https:\/\/www.europesays.com\/fr\/wp-json\/wp\/v2\/types\/post"}],"author":[{"embeddable":true,"href":"https:\/\/www.europesays.com\/fr\/wp-json\/wp\/v2\/users\/2"}],"replies":[{"embeddable":true,"href":"https:\/\/www.europesays.com\/fr\/wp-json\/wp\/v2\/comments?post=480681"}],"version-history":[{"count":0,"href":"https:\/\/www.europesays.com\/fr\/wp-json\/wp\/v2\/posts\/480681\/revisions"}],"wp:featuredmedia":[{"embeddable":true,"href":"https:\/\/www.europesays.com\/fr\/wp-json\/wp\/v2\/media\/480423"}],"wp:attachment":[{"href":"https:\/\/www.europesays.com\/fr\/wp-json\/wp\/v2\/media?parent=480681"}],"wp:term":[{"taxonomy":"category","embeddable":true,"href":"https:\/\/www.europesays.com\/fr\/wp-json\/wp\/v2\/categories?post=480681"},{"taxonomy":"post_tag","embeddable":true,"href":"https:\/\/www.europesays.com\/fr\/wp-json\/wp\/v2\/tags?post=480681"}],"curies":[{"name":"wp","href":"https:\/\/api.w.org\/{rel}","templated":true}]}}