{"id":480694,"date":"2025-10-21T23:53:23","date_gmt":"2025-10-21T23:53:23","guid":{"rendered":"https:\/\/www.europesays.com\/fr\/480694\/"},"modified":"2025-10-21T23:53:23","modified_gmt":"2025-10-21T23:53:23","slug":"dedicace-dantoine-zapata-a-la-fnac-bordeaux-lac","status":"publish","type":"post","link":"https:\/\/www.europesays.com\/fr\/480694\/","title":{"rendered":"D\u00e9dicace d&rsquo;Antoine Zapata \u00e0 la Fnac Bordeaux Lac"},"content":{"rendered":"<p>La Fnac Bordeaux Lac a le plaisir de recevoir Antoine Zapata pour la d\u00e9dicace de ses livres : \u00ab Je t\u2019offrirai une \u00e9toile pour faire un v\u0153u \u2013 L\u2019\u00e9toffe de S\u016b P-Cha \u00bb et \u00ab Nul ne veut la mort du p\u00e9cheur ! \u00bb, publi\u00e9s aux \u00e9ditions Le Lys Bleu.<\/p>\n<p>L\u2019auteur sera \u00e0 la Fnac pour rencontrer ses lecteurs et signer ses ouvrages.\u00a0<\/p>\n<p>\u00ab Je pensais et repensais aux paroles dites par mon p\u00e8re lorsque j\u2019\u00e9tais enfant, ces mots d\u2019encouragement, ces notes \u00e9crites, son visage aux r\u00e9verb\u00e9rations s\u00e9pulcrales qui pouvaient laisser envisager un avenir ronflant, adoss\u00e9 au mur de Garcia Lorca. Mon esprit apparaissait alors, enseveli par le plaisir imaginaire d\u2019une r\u00e9alit\u00e9 non encore d\u00e9crite. \u00bb<\/p>\n<p>Amateur d\u2019astronomie et de science-fiction,<strong>\u00a0Antoine Zapata<\/strong>\u00a0nous offre, avec cet ouvrage, le fruit de plusieurs ann\u00e9es pass\u00e9es \u00e0 \u00e9crire des r\u00e9cits riches de ses passions.\u00a0Je t\u2019offrirai une \u00e9toile pour faire un v\u0153u \u2013 L\u2019\u00e9toffe de S\u016b P-Cha\u00a0est son premier livre publi\u00e9.<\/p>\n<p>Dans un quotidien domin\u00e9 par la peur, la violence extr\u00eame et l\u2019inceste, une fratrie et leur m\u00e8re, figure protectrice ultime, tentent de pr\u00e9server leur humanit\u00e9. Sur fond de lutte contre Franco et des difficult\u00e9s de la condition des immigr\u00e9s espagnols dans le Midi pyr\u00e9n\u00e9en, leur existence oscille entre douleur et r\u00e9silience. Pourtant, la po\u00e9sie, la chanson, la danse et l\u2019amour s\u2019invitent comme un souffle d\u2019espoir, transcend\u00e9s en autant de refuges pour sublimer la souffrance. Ces \u00e9clats de beaut\u00e9, comme des instants suspendus, apaisent les coeurs et insufflent la force de survivre \u00e0 une r\u00e9alit\u00e9 implacable.<\/p>\n<p style=\"text-align: center;\">*\u00c9v\u00e9nement gratuit, acc\u00e8s dans la limite des places disponibles<\/p>\n<p>        <img decoding=\"async\" src=\"https:\/\/www.europesays.com\/fr\/wp-content\/uploads\/2025\/04\/logo-rse.png\" alt=\"Logo RSE\" loading=\"lazy\" width=\"84\" height=\"116\"\/><\/p>\n<p>\n        La Fnac s\u2019engage activement dans les initiatives de responsabilit\u00e9 soci\u00e9tale des entreprises (RSE).\n    <\/p>\n<p>\n        Aidez-nous en choisissant la mobilit\u00e9 douce en privil\u00e9giant par exemple le v\u00e9lo (pistes cyclables et stationnements \u00e0 disposition), les transports en commun ou le covoiturage pour nous rejoindre. Ainsi, vous contribuez \u00e0 r\u00e9duire les \u00e9missions de gaz \u00e0 effet de serre et \u00e0 am\u00e9liorer notre qualit\u00e9 de l\u2019air. Pour plus d\u2019information, consultez la fiche du magasin.<br \/>Tous nos \u00e9v\u00e8nements sont en acc\u00e8s gratuit, dans la limite des places disponibles.\n    <\/p>\n","protected":false},"excerpt":{"rendered":"La Fnac Bordeaux Lac a le plaisir de recevoir Antoine Zapata pour la d\u00e9dicace de ses livres :&hellip;\n","protected":false},"author":2,"featured_media":480695,"comment_status":"","ping_status":"","sticky":false,"template":"","format":"standard","meta":{"footnotes":""},"categories":[2817],"tags":[1111,11,1997,60386,1777,674,9391,1011,27,60387,12,2219,60388,60389,25],"class_list":{"0":"post-480694","1":"post","2":"type-post","3":"status-publish","4":"format-standard","5":"has-post-thumbnail","7":"category-bordeaux","8":"tag-actu","9":"tag-actualites","10":"tag-bordeaux","11":"tag-editions-le-lys-bleu","12":"tag-eu","13":"tag-europe","14":"tag-evenement-fnac-gratuit","15":"tag-fr","16":"tag-france","17":"tag-je-toffrirai-une-etoile-pour-faire-un-voeux","18":"tag-news","19":"tag-nouvelle-aquitaine","20":"tag-nul-ne-veut-la-mort-du-pecheur","21":"tag-premier-ouvrage","22":"tag-republique-francaise"},"share_on_mastodon":{"url":"https:\/\/pubeurope.com\/@fr\/115414854206379187","error":""},"_links":{"self":[{"href":"https:\/\/www.europesays.com\/fr\/wp-json\/wp\/v2\/posts\/480694","targetHints":{"allow":["GET"]}}],"collection":[{"href":"https:\/\/www.europesays.com\/fr\/wp-json\/wp\/v2\/posts"}],"about":[{"href":"https:\/\/www.europesays.com\/fr\/wp-json\/wp\/v2\/types\/post"}],"author":[{"embeddable":true,"href":"https:\/\/www.europesays.com\/fr\/wp-json\/wp\/v2\/users\/2"}],"replies":[{"embeddable":true,"href":"https:\/\/www.europesays.com\/fr\/wp-json\/wp\/v2\/comments?post=480694"}],"version-history":[{"count":0,"href":"https:\/\/www.europesays.com\/fr\/wp-json\/wp\/v2\/posts\/480694\/revisions"}],"wp:featuredmedia":[{"embeddable":true,"href":"https:\/\/www.europesays.com\/fr\/wp-json\/wp\/v2\/media\/480695"}],"wp:attachment":[{"href":"https:\/\/www.europesays.com\/fr\/wp-json\/wp\/v2\/media?parent=480694"}],"wp:term":[{"taxonomy":"category","embeddable":true,"href":"https:\/\/www.europesays.com\/fr\/wp-json\/wp\/v2\/categories?post=480694"},{"taxonomy":"post_tag","embeddable":true,"href":"https:\/\/www.europesays.com\/fr\/wp-json\/wp\/v2\/tags?post=480694"}],"curies":[{"name":"wp","href":"https:\/\/api.w.org\/{rel}","templated":true}]}}