{"id":480696,"date":"2025-10-21T23:54:09","date_gmt":"2025-10-21T23:54:09","guid":{"rendered":"https:\/\/www.europesays.com\/fr\/480696\/"},"modified":"2025-10-21T23:54:09","modified_gmt":"2025-10-21T23:54:09","slug":"cet-elu-de-lopposition-menera-une-liste-aux-municipales-2026-a-castanet-tolosan","status":"publish","type":"post","link":"https:\/\/www.europesays.com\/fr\/480696\/","title":{"rendered":"cet \u00e9lu de l&rsquo;opposition m\u00e8nera une liste aux Municipales 2026 \u00e0 Castanet-Tolosan"},"content":{"rendered":"<p>            Par<br \/>\n        <strong><br \/>\n            <a href=\"https:\/\/actu.fr\/auteur\/valentine-gaxieu-actu-fr\" title=\"Consulter tous les articles de Valentine Gaxieu\" rel=\"nofollow noopener\" target=\"_blank\">Valentine Gaxieu<\/a><br \/>\n        <\/strong><\/p>\n<p>        Publi\u00e9 le<\/p>\n<p>            21 oct. 2025 \u00e0 19h48        <\/p>\n<p>Dans un entretien <a href=\"https:\/\/actu.fr\/occitanie\/castanet-tolosan_31113\/municipales-2026-xavier-normand-va-t-il-briguer-un-nouveau-mandat-de-maire-a-castanet-tolosan_63123613.html\" rel=\"nofollow noopener\" target=\"_blank\">publi\u00e9 le vendredi 12\u00a0septembre 2025<\/a>, le maire de <a href=\"https:\/\/actu.fr\/occitanie\/castanet-tolosan_31113\" rel=\"nofollow noopener\" target=\"_blank\">Castanet-Tolosan<\/a>, <b>Xavier Normand<\/b> (les \u00c9cologistes), affirmait \u00e0 <a href=\"https:\/\/actu.fr\/voix-du-midi-lauragais\/\" rel=\"nofollow noopener\" target=\"_blank\">Voix du Midi Lauragais<\/a> que \u00ab\u2009le collectif citoyen\u2009\u00bb dont il fait partie <b>comptait se repr\u00e9senter aux municipales de 2026<\/b>, bien qu\u2019une liste n\u2019ait pas encore \u00e9t\u00e9 constitu\u00e9e. Mais ces derniers jours, une <b>nouvelle candidature<\/b> s\u2019est d\u00e9voil\u00e9e par le biais d\u2019une distribution de tracts\u2009: celle de <b>Jordan Puissant<\/b>. Cet avocat de 31\u00a0ans est d\u00e9j\u00e0 connu dans le paysage politique local. En 2020, il avait int\u00e9gr\u00e9 la liste <a href=\"https:\/\/actu.fr\/occitanie\/castanet-tolosan_31113\/municipales-2020-une-cinquieme-liste-castanet-tolosan-celle-veronique-maumy_31907252.html\" rel=\"nofollow noopener\" target=\"_blank\">Engag\u00e9 (e) s pour Castanet<\/a>, conduite par V\u00e9ronique Maumy, ce qui lui a valu <b>un si\u00e8ge dans l\u2019opposition<\/b>. Six ans plus tard, il se lance \u00e0 son tour dans la course. Bilan, liste, projets pour la commune\u2026 Il d\u00e9voile ses ambitions \u00e0 la r\u00e9daction. Interview.<\/p>\n<p class=\"ac-article-content__question wall-content\">Qu\u2019est-ce qui vous pousse \u00e0 \u00eatre candidat \u00e0 la fonction de maire de Castanet-Tolosan\u2009?<\/p>\n<p class=\" wall-content\">Jordan Puissant\u2009: Un groupe de travail s\u2019est form\u00e9 pour les municipales de 2026. Il fallait quelqu\u2019un pour superviser, pour concilier tout le monde et j\u2019ai \u00e9t\u00e9 d\u00e9sign\u00e9 par l\u2019ensemble du groupe. J\u2019ai accept\u00e9 avec plaisir cette mission. J\u2019ai envie d\u2019\u00eatre utile pour la ville, de servir les habitants. Apr\u00e8s, je sais que ce n\u2019est pas facile, c\u2019est beaucoup d\u2019investissement et on ne se l\u00e8ve pas le matin en se disant \u201cSuper, je vais \u00eatre maire\u201d. Il faut prendre en compte que c\u2019est beaucoup de responsabilit\u00e9s. Je m\u2019en sens capable et je sens que c\u2019est le bon moment pour le faire.<\/p>\n<p class=\"ac-article-content__question wall-content\">C\u2019est-\u00e0-dire un groupe de travail\u2009? Une liste est-elle en train de se monter\u2009?<\/p>\n<p class=\" wall-content\">J.P.\u2009: C\u2019est un projet commun lanc\u00e9 par des \u00e9lus des deux groupes de l\u2019opposition, avec l\u2019objectif de rassembler. On \u00e9change, on partage\u2026 Certains sont tr\u00e8s investis en politique et d\u2019autres n\u2019ont jamais \u00e9t\u00e9 \u00e9lus. Mais l\u2019id\u00e9e n\u2019est pas d\u2019\u00e9tablir la liste tout de suite. Certains ne comptent pas s\u2019engager mais veulent tout simplement nous aider, nous soutenir. Tout le monde est le bienvenu dans ce groupe de travail. On aimerait aussi l\u2019ouvrir aux jeunes, qui n\u2019osent pas toujours s\u2019investir en politique locale par manque de temps ou parce qu\u2019ils voient \u00e7a comme une t\u00e2che ardue. \u00c0 terme, on se mettra d\u2019accord sur les 33 membres de la liste.<\/p>\n<p class=\" wall-content\">Marie-Laure Sicot (\u00e9lue de l\u2019opposition qui s\u2019engagera aupr\u00e8s de Jordan Puissant en 2026 et \u00e9tait pr\u00e9sente lors de cet entretien)\u2009: J\u2019ai effectivement appuy\u00e9 sa candidature car \u00e7a fait cinq ans que l\u2019on travaille ensemble, et c\u2019est un tr\u00e8s bon candidat responsable et mature du haut de ses 31\u00a0ans. Puis il a une formation juridique tr\u00e8s pouss\u00e9e, ce qui peut \u00eatre utile lorsque l\u2019on est maire.<\/p>\n<p class=\"ac-article-content__question wall-content\">M\u00eame si la liste n\u2019est pas constitu\u00e9e, il est clair que certains membres des autres groupes d\u2019opposition y figureront. Avez-vous vraiment envie de travailler ensemble ou est-ce une forme d\u2019alliance pour avoir plus de chances de gagner les \u00e9lections\u2009?<\/p>\n<p class=\" wall-content\">Pour \u00eatre totalement transparent, chacune des anciennes listes [de l\u2019opposition] avait commenc\u00e9 \u00e0 y songer chacune de son c\u00f4t\u00e9, car on avait tous la m\u00eame ambition\u2009: celle se servir les Castan\u00e9ens. C\u2019est en discutant de fa\u00e7on plus concr\u00e8te entre nous que l\u2019on s\u2019est dit \u201cne faisons pas la m\u00eame erreur qu\u2019en 2020, unissons-nous\u201d.<\/p>\n<p class=\"ac-article-content__question wall-content\">En parlant de 2020, la liste de V\u00e9ronique Maumy, dans laquelle vous figuriez et qui \u00e9tait soutenue par le maire sortant de l\u2019\u00e9poque, est arriv\u00e9e derni\u00e8re des suffrages au premier et au second tour. Pour vous, qu\u2019est-ce qui vous a manqu\u00e9 et comment comptez-vous convaincre les habitants cette fois\u2009?<\/p>\n<p class=\" wall-content\">Ce qu\u2019il nous manquait\u2009? L\u2019union\u2009! Apr\u00e8s, il faut prendre en compte que les \u00e9lections municipales se sont faites en plein Covid, et le taux d\u2019abstention a d\u00e9pass\u00e9 les 50\u2009%. Ce qui est \u00e9norme pour Castanet. Par ailleurs, la division ne nous a pas aid\u00e9s. Ce qui change cette ann\u00e9e, c\u2019est que nous sommes dans l\u2019id\u00e9e de partir unis pour repr\u00e9senter toutes les sensibilit\u00e9s, dont celles oubli\u00e9es par la majorit\u00e9.<\/p>\n<p>Votre r\u00e9gion, votre actu !<\/p>\n<p>Recevez chaque jour les infos qui comptent pour vous.<\/p>\n<p>\t<a href=\"https:\/\/actu.fr\/newsletter\" class=\"ac-btn ac-btn--corner ac-btn--medium ac-btn--blue800\" rel=\"nofollow noopener\" target=\"_blank\">S&rsquo;incrire<\/a><\/p>\n<p class=\"ac-article-content__question wall-content\">La future liste sera-t-elle sans \u00e9tiquette\u2009?<\/p>\n<p class=\" wall-content\">J. P.\u2009: Oui, car on fait l\u2019union avec des personnes aux opinions politiques diff\u00e9rentes. Puis souvent, je trouve que lorsqu\u2019on part avec une \u00e9tiquette politique, des questions politiques nationales cristallisent des oppositions qui n\u2019ont pas lieu d\u2019\u00eatre. On doit se concentrer sur ce que les Castan\u00e9ens attendent de nous. C\u2019est exactement ce que l\u2019on retrouve dans des Communaut\u00e9s de communes ou d\u2019agglom\u00e9ration, vous avez des personnes qui dirigent ces instances avec des opinions politiques pourtant tr\u00e8s diff\u00e9rentes, mais avec une m\u00eame id\u00e9e, celle de rassembler.<\/p>\n<p class=\"ac-article-content__question wall-content\">Il est encore t\u00f4t pour parler d\u2019un programme mais les grands axes de votre compagne sont probablement d\u00e9j\u00e0 r\u00e9fl\u00e9chis\u2009?<\/p>\n<p class=\" wall-content\">J. P.\u2009: Bien s\u00fbr, et ils sont indiqu\u00e9s sur le tract que nous avons d\u00e9pos\u00e9 dans les bo\u00eetes aux lettres. Il y a tout d\u2019abord la question de l\u2019imposition. Les Castan\u00e9ens payent trop d\u2019imp\u00f4ts [Castanet-Tolosan est la seule commune des 586 de la Haute-Garonne \u00e0 franchir le seuil symbolique du taux d\u2019imp\u00f4t sur le foncier b\u00e2ti \u00e0 plus de 60\u2009%, NDLR] et il faut r\u00e9duire les d\u00e9penses des charges g\u00e9n\u00e9rales. Elles ont augment\u00e9 d\u2019environ 30\u2009% durant les six derni\u00e8res ann\u00e9es. Certaines choses s\u2019expliquent, mais d\u2019autres rel\u00e8vent d\u2019une l\u00e9g\u00e8ret\u00e9, peut-\u00eatre, de la gestion financi\u00e8re par la municipalit\u00e9 actuelle. Je souhaiterais aussi renforcer la s\u00e9curit\u00e9 des habitants en donnant plus de moyens \u00e0 la police municipale et en d\u00e9veloppant la vid\u00e9oprotection. Enfin, il y a un r\u00e9el travail \u00e0 faire sur la circulation pour faciliter la vie quotidienne des riverains. Il y aura des discussions \u00e0 avoir avec le Sicoval pour les axes qui relient Lab\u00e8ge et Ramonville-Saint-Agne, qui sont toujours bouch\u00e9s. Puis nous reverrons le plan de circulation mis en place par la majorit\u00e9, car des sens uniques ont \u00e9t\u00e9 instaur\u00e9s au profit de pistes cyclables, et certains riverains sont aujourd\u2019hui impact\u00e9s. La majorit\u00e9 actuelle a mis\u00e9 sur la mobilit\u00e9 douce, mais a fait une ville comme elle l\u2019entend, et non pas comme les Castan\u00e9ens la veulent. Attention, je ne dis pas qu\u2019il ne faut pas de piste cyclable, c\u2019est bien d\u2019en faire et d\u2019ailleurs nous continuerons de suivre le sch\u00e9ma intercommunal, mais trop de monde a besoin de la voiture pour se d\u00e9placer, aller au travail. Et ce moyen de d\u00e9placement ne doit pas \u00eatre remplac\u00e9.<\/p>\n<p class=\"ac-article-content__question wall-content\">Le contexte \u00e9conomique actuel impose aux collectivit\u00e9s de se serrer la ceinture. Est-ce quelque chose qui peut vous freiner\u2009?<\/p>\n<p class=\" wall-content\">J. P.\u2009: D\u2019un c\u00f4t\u00e9, je ne suis pas inquiet car quand j\u2019\u00e9coute les citoyens, ils attendent que les personnes publiques montrent l\u2019exemple sur la gestion des finances. La population veut qu\u2019on g\u00e8re son argent avec une extr\u00eame pr\u00e9caution. C\u2019est d\u2019ailleurs aussi un axe que l\u2019on mettra en avant lors de la campagne, celui de prioriser l\u2019existant, c\u2019est-\u00e0-dire r\u00e9nover les infrastructures de Castanet, au lieu de cr\u00e9er des d\u00e9penses inutiles. Par exemple, le co\u00fbt de la construction de Castagora [m\u00e9diath\u00e8que et centre social dont l\u2019ouverture est pr\u00e9vue au printemps 2026, NDLR] s\u2019\u00e9l\u00e8ve \u00e0 pr\u00e8s de 7\u00a0millions d\u2019euros. Je trouve \u00e7a regrettable que l\u2019on mette une somme d\u2019argent aussi \u00e9norme pour une infrastructure \u00e0 usage limit\u00e9. On souhaiterait r\u00e9nover la piscine municipale, qui est un gouffre financier, les services publics qui r\u00e9pondent \u00e0 l\u2019usage de tous et les voiries car il y a des trottoirs dangereux, des trous et des routes o\u00f9 la mobilit\u00e9 est r\u00e9duite. D\u2019un autre c\u00f4t\u00e9, oui \u00e7a peut \u00eatre inqui\u00e9tant de savoir qu\u2019il y aura \u00e0 la fois moins de dotations de l\u2019\u00c9tat et plus de comp\u00e9tences attribu\u00e9es aux collectivit\u00e9s. Mais il y aura une interrogation de fond \u00e0 avoir\u2009; est-ce utile d\u2019intervenir partout et dans ces cas-l\u00e0, d\u2019augmenter les imp\u00f4ts\u2009? Moi, je ne pense pas.<\/p>\n<p class=\"ac-article-content__question wall-content\">Souhaitez-vous poursuivre certaines initiatives de la majorit\u00e9\u2009?<\/p>\n<p class=\" wall-content\">J. P.\u2009: La majorit\u00e9 a mont\u00e9 une politique d\u2019achat syst\u00e9matique des parcelles en vue de cr\u00e9er un espace naturel, nous trouvons que c\u2019est une bonne id\u00e9e et nous avons des projets qui pourraient na\u00eetre l\u00e0-bas. Elle a aussi l\u2019id\u00e9e de cr\u00e9er un parc \u00e0 c\u00f4t\u00e9 de l\u2019ancienne mairie, en plein centre. On ira aussi dans ce sens en \u00e9tendant m\u00eame, un petit peu, le parking qui est d\u00e9j\u00e0 existant. La municipalit\u00e9 a aussi travaill\u00e9 sur la d\u00e9mocratie participative, avec des r\u00e9sultats tr\u00e8s contrast\u00e9s. Nous ne partirons pas sur un abandon pur et simple mais nous souhaitons am\u00e9liorer certaines choses. Les instances extra-municipales ont \u00e9t\u00e9 multipli\u00e9es, ce qui n\u2019est pas un bon message car \u00e7a a limit\u00e9 nos capacit\u00e9s de s\u2019exprimer.\u00a0Les habitants nous ont fait remonter que ces r\u00e9unions accueillaient toujours les m\u00eames personnes. On va retravailler tout \u00e7a.<\/p>\n<p class=\"ac-article-content__question wall-content\">M\u00eame s\u2019il n\u2019est pas encore termin\u00e9, comment avez-vous v\u00e9cu ce mandat en tant qu\u2019\u00e9lu de l\u2019opposition\u2009?<\/p>\n<p class=\" wall-content\">J. P.\u2009: La majorit\u00e9 gouverne par id\u00e9ologie. Il n\u2019y a pas de discussions, pas de r\u00e9ponses aux attentes. En tant qu\u2019\u00e9lu de l\u2019opposition, nous ne sommes jamais \u00e9cout\u00e9s. C\u2019est un r\u00f4le difficile car nous sommes une sorte de \u00ab\u2009caisse de r\u00e9sonance\u2009\u00bb\u2009; on parle, mais il ne se passe rien. C\u2019est frustrant car nous n\u2019avons aucun impact sur les d\u00e9cisions prises.<\/p>\n<p class=\" wall-content\">Personnalisez votre actualit\u00e9 en ajoutant vos villes et m\u00e9dias en favori avec <a href=\"https:\/\/moncompte.actu.fr\" title=\"D\u00e9couvez Mon Actu\" rel=\"nofollow noopener\" data-trk=\"{&quot;cta&quot;:{&quot;action&quot;:&quot;https:\\\/\\\/moncompte.actu.fr&quot;,&quot;category&quot;:&quot;mon compte&quot;,&quot;from&quot;:&quot;article footer&quot;,&quot;name&quot;:&quot;Mon actu&quot;,&quot;type&quot;:&quot;cta&quot;}}\" target=\"_blank\">Mon Actu<\/a>.<\/p>\n","protected":false},"excerpt":{"rendered":"Par Valentine Gaxieu Publi\u00e9 le 21 oct. 2025 \u00e0 19h48 Dans un entretien publi\u00e9 le vendredi 12\u00a0septembre 2025,&hellip;\n","protected":false},"author":2,"featured_media":480697,"comment_status":"","ping_status":"","sticky":false,"template":"","format":"standard","meta":{"footnotes":""},"categories":[2816],"tags":[1111,11,1777,674,1011,27,3434,12,2680,316,25,2312],"class_list":{"0":"post-480696","1":"post","2":"type-post","3":"status-publish","4":"format-standard","5":"has-post-thumbnail","7":"category-toulouse","8":"tag-actu","9":"tag-actualites","10":"tag-eu","11":"tag-europe","12":"tag-fr","13":"tag-france","14":"tag-municipales-2026","15":"tag-news","16":"tag-occitanie","17":"tag-politique","18":"tag-republique-francaise","19":"tag-toulouse"},"share_on_mastodon":{"url":"https:\/\/pubeurope.com\/@fr\/115414857432458343","error":""},"_links":{"self":[{"href":"https:\/\/www.europesays.com\/fr\/wp-json\/wp\/v2\/posts\/480696","targetHints":{"allow":["GET"]}}],"collection":[{"href":"https:\/\/www.europesays.com\/fr\/wp-json\/wp\/v2\/posts"}],"about":[{"href":"https:\/\/www.europesays.com\/fr\/wp-json\/wp\/v2\/types\/post"}],"author":[{"embeddable":true,"href":"https:\/\/www.europesays.com\/fr\/wp-json\/wp\/v2\/users\/2"}],"replies":[{"embeddable":true,"href":"https:\/\/www.europesays.com\/fr\/wp-json\/wp\/v2\/comments?post=480696"}],"version-history":[{"count":0,"href":"https:\/\/www.europesays.com\/fr\/wp-json\/wp\/v2\/posts\/480696\/revisions"}],"wp:featuredmedia":[{"embeddable":true,"href":"https:\/\/www.europesays.com\/fr\/wp-json\/wp\/v2\/media\/480697"}],"wp:attachment":[{"href":"https:\/\/www.europesays.com\/fr\/wp-json\/wp\/v2\/media?parent=480696"}],"wp:term":[{"taxonomy":"category","embeddable":true,"href":"https:\/\/www.europesays.com\/fr\/wp-json\/wp\/v2\/categories?post=480696"},{"taxonomy":"post_tag","embeddable":true,"href":"https:\/\/www.europesays.com\/fr\/wp-json\/wp\/v2\/tags?post=480696"}],"curies":[{"name":"wp","href":"https:\/\/api.w.org\/{rel}","templated":true}]}}