{"id":480700,"date":"2025-10-21T23:56:24","date_gmt":"2025-10-21T23:56:24","guid":{"rendered":"https:\/\/www.europesays.com\/fr\/480700\/"},"modified":"2025-10-21T23:56:24","modified_gmt":"2025-10-21T23:56:24","slug":"de-nouveaux-locaux-pour-les-restos-du-coeur-a-roubaix","status":"publish","type":"post","link":"https:\/\/www.europesays.com\/fr\/480700\/","title":{"rendered":"De nouveaux locaux pour les Restos du C\u0153ur \u00e0 Roubaix"},"content":{"rendered":"<p>Le b\u00e2timent dispose d\u2019un rez-de-chauss\u00e9e de 100 m\u00b2, o\u00f9 sont organis\u00e9es les distributions selon un syst\u00e8me de points permettant aux 357 familles b\u00e9n\u00e9ficiaires de choisir des denr\u00e9es riches en prot\u00e9ines, des accompagnements, des desserts, des articles d\u2019hygi\u00e8ne mais aussi produits de premi\u00e8re n\u00e9cessit\u00e9 pour les nourrissons. Au-del\u00e0 de l\u2019aide alimentaire, le centre est un lieu o\u00f9 se tisse un lien social indispensable.<\/p>\n<p>Pour Jo\u00eblle, la responsable du centre, et son \u00e9quipe d\u2019une trentaine de b\u00e9n\u00e9voles, l\u2019aide alimentaire est cruciale, mais ne suffit pas. L\u2019association a de plus grandes ambitions pour ce nouveau lieu. \u00ab\u00a0Nous aurions toujours besoin de plus d\u2019espace pour accueillir de nouvelles activit\u00e9s, comme un accompagnement dans l\u2019acc\u00e8s aux droits, de l\u2019aide aux devoirs ou m\u00eame une biblioth\u00e8que\u00a0\u00bb, explique Jo\u00eblle. \u00ab\u00a0L\u2019ambition des Restos du C\u0153ur va bien au-del\u00e0 de l\u2019aide alimentaire.\u00a0\u00bb Cet objectif est partag\u00e9 par le Pr\u00e9sident des Restos du C\u0153ur du Nord, Bernard Descamps, qui souligne\u00a0: \u00ab\u00a030% des b\u00e9n\u00e9ficiaires des Restos du C\u0153ur n\u2019ont pas acc\u00e8s \u00e0 leurs droits.\u00a0\u00bb<\/p>\n<p>Bernard Descamps rappelle que l\u2019engagement des b\u00e9n\u00e9voles, qui s\u2019occupent de l\u2019accueil ou encore de la logistique aux Restos du C\u0153ur, est indispensable au fonctionnement du centre.<\/p>\n<p><strong>Si vous aussi, vous voulez devenir b\u00e9n\u00e9vole\u00a0? Contactez l\u2019association par mail\u00a0:<\/strong> <a href=\"https:\/\/www.roubaixxl.fr\/nouveaux-locaux-restos-du-coeur-roubaix\/mailto:ad59a.benevolat@restosducoeur.org\" target=\"_blank\" rel=\"noopener\">ad59a.benevolat@restosducoeur.org<\/a>.<\/p>\n<p><strong>\u00ab\u00a0C\u2019est essentiel, cela permet de faire beaucoup moins de course\u00a0\u00bb<br \/><\/strong>Pour les familles, l\u2019importance du centre se mesure au quotidien, comme en t\u00e9moigne Lydia, une b\u00e9n\u00e9ficiaire qui habite le quartier du Nouveau Roubaix. Arriv\u00e9e d\u2019Alg\u00e9rie il y a trois ans pour permettre \u00e0 son enfant handicap\u00e9 d\u2019avoir acc\u00e8s \u00e0 des soins adapt\u00e9s, elle est m\u00e8re au foyer. Avec son mari qui cumule les petits contrats, l\u2019aide des Restos du C\u0153ur est devenue indispensable. \u00ab\u00a0C\u2019est essentiel, cela nous permet de faire beaucoup moins de courses\u00a0et de nourrir toute la famille. J\u2019ai trois enfants. \u00bb, confie-t-elle. Pour Lydia, chaque visite est aussi un moment de partage, un lien social tr\u00e8s important pour elle.<\/p>\n<p><strong>Pour devenir b\u00e9n\u00e9ficiaire\u00a0:<\/strong><br \/>Il est n\u00e9cessaire de s\u2019inscrire chaque ann\u00e9e et de justifier de l\u2019insuffisance de ses ressources.<\/p>\n","protected":false},"excerpt":{"rendered":"Le b\u00e2timent dispose d\u2019un rez-de-chauss\u00e9e de 100 m\u00b2, o\u00f9 sont organis\u00e9es les distributions selon un syst\u00e8me de points&hellip;\n","protected":false},"author":2,"featured_media":480701,"comment_status":"","ping_status":"","sticky":false,"template":"","format":"standard","meta":{"footnotes":""},"categories":[2815],"tags":[1111,11,1777,674,1011,27,811,1307,12,25,3400],"class_list":{"0":"post-480700","1":"post","2":"type-post","3":"status-publish","4":"format-standard","5":"has-post-thumbnail","7":"category-lille","8":"tag-actu","9":"tag-actualites","10":"tag-eu","11":"tag-europe","12":"tag-fr","13":"tag-france","14":"tag-hauts-de-france","15":"tag-lille","16":"tag-news","17":"tag-republique-francaise","18":"tag-solidarite"},"share_on_mastodon":{"url":"https:\/\/pubeurope.com\/@fr\/115414865467456078","error":""},"_links":{"self":[{"href":"https:\/\/www.europesays.com\/fr\/wp-json\/wp\/v2\/posts\/480700","targetHints":{"allow":["GET"]}}],"collection":[{"href":"https:\/\/www.europesays.com\/fr\/wp-json\/wp\/v2\/posts"}],"about":[{"href":"https:\/\/www.europesays.com\/fr\/wp-json\/wp\/v2\/types\/post"}],"author":[{"embeddable":true,"href":"https:\/\/www.europesays.com\/fr\/wp-json\/wp\/v2\/users\/2"}],"replies":[{"embeddable":true,"href":"https:\/\/www.europesays.com\/fr\/wp-json\/wp\/v2\/comments?post=480700"}],"version-history":[{"count":0,"href":"https:\/\/www.europesays.com\/fr\/wp-json\/wp\/v2\/posts\/480700\/revisions"}],"wp:featuredmedia":[{"embeddable":true,"href":"https:\/\/www.europesays.com\/fr\/wp-json\/wp\/v2\/media\/480701"}],"wp:attachment":[{"href":"https:\/\/www.europesays.com\/fr\/wp-json\/wp\/v2\/media?parent=480700"}],"wp:term":[{"taxonomy":"category","embeddable":true,"href":"https:\/\/www.europesays.com\/fr\/wp-json\/wp\/v2\/categories?post=480700"},{"taxonomy":"post_tag","embeddable":true,"href":"https:\/\/www.europesays.com\/fr\/wp-json\/wp\/v2\/tags?post=480700"}],"curies":[{"name":"wp","href":"https:\/\/api.w.org\/{rel}","templated":true}]}}