{"id":480702,"date":"2025-10-21T23:57:11","date_gmt":"2025-10-21T23:57:11","guid":{"rendered":"https:\/\/www.europesays.com\/fr\/480702\/"},"modified":"2025-10-21T23:57:11","modified_gmt":"2025-10-21T23:57:11","slug":"previsions-du-mercredi-22-octobre-2025-7","status":"publish","type":"post","link":"https:\/\/www.europesays.com\/fr\/480702\/","title":{"rendered":"pr\u00e9visions du mercredi 22 octobre 2025"},"content":{"rendered":"<p class=\"mb-4 text-lg md:leading-8 break-words\"><strong>M\u00e9t\u00e9o &#8211; Aujourd&rsquo;hui, on sera sous un ciel bien gris, couvert de nuages. Des pluies \u00e9parses sont attendues. Les temp\u00e9ratures seront de 12\u00b0C la matin\u00e9e et de 16\u00b0C l&rsquo;apr\u00e8s-midi&#8230;<\/strong><\/p>\n<p class=\"mb-4 text-lg md:leading-8 break-words\">Aujourd&rsquo;hui, \u00e0 Lille, le soleil risque d&rsquo;\u00eatre dissimul\u00e9 par des nuages. On pr\u00e9voit des temp\u00e9ratures d&rsquo;environ 13\u00b0C. Un vent de sud-ouest soufflera un peu, avec 12 km\/h. D&rsquo;un autre c\u00f4t\u00e9, la ville aura quelques \u00e9claircies le matin. Les valeurs seront comprises entre 10\u00b0C et 15\u00b0C. Avec des nuages l&rsquo;apr\u00e8s-midi, le ciel sera encore couvert. Des pluies \u00e9parses sont pr\u00e9vues. En revanche, le temps va se r\u00e9chauffer avec une hausse de quelques degr\u00e9s. Les temp\u00e9ratures s&rsquo;\u00e9chelonneront entre 14 et 16\u00b0C. Pour le soir, des pluies \u00e9parses vont tomber sur la ville. Il va faire en moyenne 13\u00b0C. Le passage de mercredi \u00e0 jeudi se fera sous un ciel d\u00e9pourvu de nuages.<\/p>\n<p class=\"mb-4 text-lg md:leading-8 break-words\">La grisaille ne se dissipe toujours pas, il y aura encore des nuages demain. Les temp\u00e9ratures vont chuter de quelques degr\u00e9s \u00e0 Lille. Il fera 11\u00b0C en moyenne. Un vent de sud-ouest, enregistrant 39 km\/h, soufflera. Le matin, des nuages ne voudront pas laisser leur place au soleil. Du mauvais temps est \u00e0 pr\u00e9voir. Des pluies \u00e9parses vont tomber. Les valeurs avoisineront les 12\u00b0C. Il faudra emporter son parapluie demain apr\u00e8s-midi pour \u00e9viter la bruine. Les temp\u00e9ratures seront de 9\u00b0C au plus bas et de 10\u00b0C au plus haut. Un vent de sud-ouest soufflera \u00e0 45 km\/h. La soir\u00e9e sera marqu\u00e9e par de la bruine l\u00e9g\u00e8re. Le mercure affichera 9\u00b0C en moyenne. Un vent d&rsquo;ouest soufflera \u00e0 43 km\/h.<\/p>\n<p class=\"mb-4 text-lg md:leading-8 break-words\">La m\u00e9t\u00e9o restera inchang\u00e9e les jours \u00e0 venir. Une m\u00e9t\u00e9o pluvieuse, pour des temp\u00e9ratures de 10\u00b0C environ, est \u00e0 pr\u00e9voir.<\/p>\n<p class=\"mb-4 text-lg md:leading-8 break-words\"><a href=\"https:\/\/www.20minutes.fr\/planete\/previsions-meteo\/4180794-20251022-meteo-lille-previsions-mercredi-22-octobre-2025?at_medium=RSS%20feed&amp;at_campaign=ynews&amp;utm_source=yahoo&amp;utm_medium=rss&amp;utm_campaign=news_feed&amp;utm_content=read_more_link&quot;\" rel=\"nofollow noopener\" target=\"_blank\" data-ylk=\"slk:Lire la suite sur 20minutes;elm:context_link;itc:0;sec:content-canvas\" class=\"link \">Lire la suite sur 20minutes<\/a><\/p>\n","protected":false},"excerpt":{"rendered":"M\u00e9t\u00e9o &#8211; Aujourd&rsquo;hui, on sera sous un ciel bien gris, couvert de nuages. Des pluies \u00e9parses sont attendues.&hellip;\n","protected":false},"author":2,"featured_media":480703,"comment_status":"","ping_status":"","sticky":false,"template":"","format":"standard","meta":{"footnotes":""},"categories":[2815],"tags":[1111,11,1777,674,1011,27,811,1307,12,25,55605],"class_list":{"0":"post-480702","1":"post","2":"type-post","3":"status-publish","4":"format-standard","5":"has-post-thumbnail","7":"category-lille","8":"tag-actu","9":"tag-actualites","10":"tag-eu","11":"tag-europe","12":"tag-fr","13":"tag-france","14":"tag-hauts-de-france","15":"tag-lille","16":"tag-news","17":"tag-republique-francaise","18":"tag-vent-douest"},"share_on_mastodon":{"url":"https:\/\/pubeurope.com\/@fr\/115414869288494159","error":""},"_links":{"self":[{"href":"https:\/\/www.europesays.com\/fr\/wp-json\/wp\/v2\/posts\/480702","targetHints":{"allow":["GET"]}}],"collection":[{"href":"https:\/\/www.europesays.com\/fr\/wp-json\/wp\/v2\/posts"}],"about":[{"href":"https:\/\/www.europesays.com\/fr\/wp-json\/wp\/v2\/types\/post"}],"author":[{"embeddable":true,"href":"https:\/\/www.europesays.com\/fr\/wp-json\/wp\/v2\/users\/2"}],"replies":[{"embeddable":true,"href":"https:\/\/www.europesays.com\/fr\/wp-json\/wp\/v2\/comments?post=480702"}],"version-history":[{"count":0,"href":"https:\/\/www.europesays.com\/fr\/wp-json\/wp\/v2\/posts\/480702\/revisions"}],"wp:featuredmedia":[{"embeddable":true,"href":"https:\/\/www.europesays.com\/fr\/wp-json\/wp\/v2\/media\/480703"}],"wp:attachment":[{"href":"https:\/\/www.europesays.com\/fr\/wp-json\/wp\/v2\/media?parent=480702"}],"wp:term":[{"taxonomy":"category","embeddable":true,"href":"https:\/\/www.europesays.com\/fr\/wp-json\/wp\/v2\/categories?post=480702"},{"taxonomy":"post_tag","embeddable":true,"href":"https:\/\/www.europesays.com\/fr\/wp-json\/wp\/v2\/tags?post=480702"}],"curies":[{"name":"wp","href":"https:\/\/api.w.org\/{rel}","templated":true}]}}