{"id":480704,"date":"2025-10-21T23:58:12","date_gmt":"2025-10-21T23:58:12","guid":{"rendered":"https:\/\/www.europesays.com\/fr\/480704\/"},"modified":"2025-10-21T23:58:12","modified_gmt":"2025-10-21T23:58:12","slug":"video-des-ultimes-retouches-sur-la-bonne-mere-avant-la-fin-du-chantier","status":"publish","type":"post","link":"https:\/\/www.europesays.com\/fr\/480704\/","title":{"rendered":"VID\u00c9O. Des ultimes retouches sur la Bonne M\u00e8re avant la fin du chantier"},"content":{"rendered":"<p>C\u2019est une ambiance de <a href=\"https:\/\/www.laprovence.com\/article\/societe\/73289392985183\/27-000-feuilles-dor-a-marseille-la-bonne-mere-a-enfin-retrouve-sa-couronne-par-les-airs\" target=\"_blank\" rel=\"noopener\">fin de chantier<\/a> au sommet de la colline de la Garde. La <a href=\"https:\/\/www.laprovence.com\/article\/region\/3531597516533714\/restauration-de-la-bonne-mere-a-marseille-la-dorure-de-la-statue-de-la-vierge-a-demarre-a-60-metres-de-hauteur\" target=\"_blank\" rel=\"noopener\">vingtaine d\u2019artisans qui se sont succ\u00e9d\u00e9<\/a> depuis le mois de f\u00e9vrier au c\u0153ur de la basilique empruntent, ce mardi 21\u00a0octobre, une derni\u00e8re fois l\u2019\u00e9l\u00e9vateur pour effectuer les ultimes retouches, avant au moins 50\u00a0ans.<\/p>\n<p>\u00ab\u00a0C\u2019est une grande joie aujourd\u2019hui d\u2019\u00eatre arriv\u00e9s aux derniers gestes qu\u2019on est en train de <a href=\"https:\/\/www.laprovence.com\/article\/societe\/73289392985183\/27-000-feuilles-dor-a-marseille-la-bonne-mere-a-enfin-retrouve-sa-couronne-par-les-airs\" target=\"_blank\" rel=\"noopener\">poser sur la couronne<\/a> apr\u00e8s quatre chantiers. En\u00a02000, on \u00e9tait au bas de la basilique et on changeait les pierres et vingt-cinq ans plus tard on est arriv\u00e9s au plus haut, au plus pr\u00e9cieux. La prochaine dorure ne devrait pas intervenir avant au moins 50\u00a0ans\u00a0\u00bb, insiste ce mardi matin Xavier David, l\u2019architecte du chantier.<\/p>\n<p>Casque sur la t\u00eate, ce sp\u00e9cialiste en histoire de l\u2019art conna\u00eet le chemin. Le long de l\u2019\u00e9chafaudage qui grimpe jusqu\u2019\u00e0 la couronne, il pointe son index en direction des statues de la<a href=\"https:\/\/www.laprovence.com\/article\/tourisme\/4438845053098115\/a-marseille-notre-dame-de-la-garde-ouvre-les-portes-de-ses-terrasses-secretes\" target=\"_blank\" rel=\"noopener\"> terrasse des anges<\/a>. Pas question de toucher \u00e0 cette partie du patrimoine en redessinant les visages des anges pourtant ab\u00eem\u00e9s par le sel et le vent, il s\u2019agissait avant tout de consolider les quatre statues.<\/p>\n<p>\u00ab\u00a0Comme les statues en glace qui fondent, elles ont perdu trois centim\u00e8tres dont les sourcils, le nez, l&#8230;<\/p>\n","protected":false},"excerpt":{"rendered":"C\u2019est une ambiance de fin de chantier au sommet de la colline de la Garde. La vingtaine d\u2019artisans&hellip;\n","protected":false},"author":2,"featured_media":480705,"comment_status":"","ping_status":"","sticky":false,"template":"","format":"standard","meta":{"footnotes":""},"categories":[2814],"tags":[17,1111,11,11690,154,1777,674,1011,27,884,5875,12,882,16,25,60391,3356,60390,133],"class_list":{"0":"post-480704","1":"post","2":"type-post","3":"status-publish","4":"format-standard","5":"has-post-thumbnail","7":"category-marseille","8":"tag-17","9":"tag-actu","10":"tag-actualites","11":"tag-bonne","12":"tag-des","13":"tag-eu","14":"tag-europe","15":"tag-fr","16":"tag-france","17":"tag-marseille","18":"tag-mere","19":"tag-news","20":"tag-provence-alpes-cote-dazur","21":"tag-region","22":"tag-republique-francaise","23":"tag-retouches","24":"tag-sur","25":"tag-ultimes","26":"tag-video"},"share_on_mastodon":{"url":"https:\/\/pubeurope.com\/@fr\/115414873267886675","error":""},"_links":{"self":[{"href":"https:\/\/www.europesays.com\/fr\/wp-json\/wp\/v2\/posts\/480704","targetHints":{"allow":["GET"]}}],"collection":[{"href":"https:\/\/www.europesays.com\/fr\/wp-json\/wp\/v2\/posts"}],"about":[{"href":"https:\/\/www.europesays.com\/fr\/wp-json\/wp\/v2\/types\/post"}],"author":[{"embeddable":true,"href":"https:\/\/www.europesays.com\/fr\/wp-json\/wp\/v2\/users\/2"}],"replies":[{"embeddable":true,"href":"https:\/\/www.europesays.com\/fr\/wp-json\/wp\/v2\/comments?post=480704"}],"version-history":[{"count":0,"href":"https:\/\/www.europesays.com\/fr\/wp-json\/wp\/v2\/posts\/480704\/revisions"}],"wp:featuredmedia":[{"embeddable":true,"href":"https:\/\/www.europesays.com\/fr\/wp-json\/wp\/v2\/media\/480705"}],"wp:attachment":[{"href":"https:\/\/www.europesays.com\/fr\/wp-json\/wp\/v2\/media?parent=480704"}],"wp:term":[{"taxonomy":"category","embeddable":true,"href":"https:\/\/www.europesays.com\/fr\/wp-json\/wp\/v2\/categories?post=480704"},{"taxonomy":"post_tag","embeddable":true,"href":"https:\/\/www.europesays.com\/fr\/wp-json\/wp\/v2\/tags?post=480704"}],"curies":[{"name":"wp","href":"https:\/\/api.w.org\/{rel}","templated":true}]}}