{"id":480716,"date":"2025-10-22T00:05:11","date_gmt":"2025-10-22T00:05:11","guid":{"rendered":"https:\/\/www.europesays.com\/fr\/480716\/"},"modified":"2025-10-22T00:05:11","modified_gmt":"2025-10-22T00:05:11","slug":"previsions-du-mercredi-22-octobre-2025-10","status":"publish","type":"post","link":"https:\/\/www.europesays.com\/fr\/480716\/","title":{"rendered":"pr\u00e9visions du mercredi 22 octobre 2025"},"content":{"rendered":"<p class=\"mb-4 text-lg md:leading-8 break-words\"><strong>M\u00e9t\u00e9o &#8211; La ville aura quelques \u00e9claircies aujourd&rsquo;hui. Les temp\u00e9ratures seront de 13\u00b0C le matin et de 16\u00b0C l&rsquo;apr\u00e8s-midi&#8230;<\/strong><\/p>\n<p class=\"mb-4 text-lg md:leading-8 break-words\">Le ciel de Paris sera relativement lumineux, avec quelques \u00e9claircies aujourd&rsquo;hui. Les temp\u00e9ratures tourneront autour des 14\u00b0C. Les maximales pourront atteindre 15\u00b0C dans la matin\u00e9e et les minimales seront de 12\u00b0C. Un vent d&rsquo;ouest rafra\u00eechira l\u00e9g\u00e8rement l&rsquo;atmosph\u00e8re. Les temp\u00e9ratures afficheront entre 15\u00b0C et 16\u00b0C dans l&rsquo;apr\u00e8s-midi. On pr\u00e9voit une embellie pour cette soir\u00e9e. On anticipe des valeurs avoisinant 14\u00b0C. Durant la nuit de mercredi \u00e0 jeudi, le ciel sera pluvieux.<\/p>\n<p class=\"mb-4 text-lg md:leading-8 break-words\">Toujours de la grisaille demain. Les nuages vont stationner sur Paris. Intemp\u00e9ries : on annonce des pluies \u00e9parses. Une diminution du mercure est \u00e0 craindre. Il va faire environ 12\u00b0C. Un vent de sud-ouest est attendu : il soufflera \u00e0 31 km\/h. Le matin, encore des nuages dans le ciel qui emp\u00eachent le soleil de faire son apparition. Les temp\u00e9ratures seront de 12\u00b0C. L&rsquo;apr\u00e8s-midi va rester voil\u00e9 \u00e0 cause de nuages qui persistent dans le ciel. Les valeurs iront de 11 \u00e0 14\u00b0C. De la bruine l\u00e9g\u00e8re est pr\u00e9vue dans la soir\u00e9e. Les temp\u00e9ratures seront comprises entre 10 et 11\u00b0C.<\/p>\n<p class=\"mb-4 text-lg md:leading-8 break-words\">La m\u00e9t\u00e9o restera inchang\u00e9e les prochains jours. On pr\u00e9voit des journ\u00e9es pluvieuses, avec des temp\u00e9ratures dans les 11\u00b0C en moyenne.<\/p>\n<p class=\"mb-4 text-lg md:leading-8 break-words\"><a href=\"https:\/\/www.20minutes.fr\/planete\/previsions-meteo\/4180787-20251022-meteo-paris-previsions-mercredi-22-octobre-2025?at_medium=RSS%20feed&amp;at_campaign=ynews&amp;utm_source=yahoo&amp;utm_medium=rss&amp;utm_campaign=news_feed&amp;utm_content=read_more_link&quot;\" rel=\"nofollow noopener\" target=\"_blank\" data-ylk=\"slk:Lire la suite sur 20minutes;elm:context_link;itc:0;sec:content-canvas\" class=\"link \">Lire la suite sur 20minutes<\/a><\/p>\n","protected":false},"excerpt":{"rendered":"M\u00e9t\u00e9o &#8211; La ville aura quelques \u00e9claircies aujourd&rsquo;hui. Les temp\u00e9ratures seront de 13\u00b0C le matin et de 16\u00b0C&hellip;\n","protected":false},"author":2,"featured_media":480717,"comment_status":"","ping_status":"","sticky":false,"template":"","format":"standard","meta":{"footnotes":""},"categories":[1888],"tags":[1111,1928,11,1927,55607,1777,674,1011,27,44166,12,1926,626,1925,25,55605],"class_list":{"0":"post-480716","1":"post","2":"type-post","3":"status-publish","4":"format-standard","5":"has-post-thumbnail","7":"category-paris","8":"tag-actu","9":"tag-actu-paris","10":"tag-actualites","11":"tag-actualites-paris","12":"tag-aujourdhui-2","13":"tag-eu","14":"tag-europe","15":"tag-fr","16":"tag-france","17":"tag-le-matin","18":"tag-news","19":"tag-news-paris","20":"tag-paris","21":"tag-paris-news","22":"tag-republique-francaise","23":"tag-vent-douest"},"share_on_mastodon":{"url":"https:\/\/pubeurope.com\/@fr\/115414900654915774","error":""},"_links":{"self":[{"href":"https:\/\/www.europesays.com\/fr\/wp-json\/wp\/v2\/posts\/480716","targetHints":{"allow":["GET"]}}],"collection":[{"href":"https:\/\/www.europesays.com\/fr\/wp-json\/wp\/v2\/posts"}],"about":[{"href":"https:\/\/www.europesays.com\/fr\/wp-json\/wp\/v2\/types\/post"}],"author":[{"embeddable":true,"href":"https:\/\/www.europesays.com\/fr\/wp-json\/wp\/v2\/users\/2"}],"replies":[{"embeddable":true,"href":"https:\/\/www.europesays.com\/fr\/wp-json\/wp\/v2\/comments?post=480716"}],"version-history":[{"count":0,"href":"https:\/\/www.europesays.com\/fr\/wp-json\/wp\/v2\/posts\/480716\/revisions"}],"wp:featuredmedia":[{"embeddable":true,"href":"https:\/\/www.europesays.com\/fr\/wp-json\/wp\/v2\/media\/480717"}],"wp:attachment":[{"href":"https:\/\/www.europesays.com\/fr\/wp-json\/wp\/v2\/media?parent=480716"}],"wp:term":[{"taxonomy":"category","embeddable":true,"href":"https:\/\/www.europesays.com\/fr\/wp-json\/wp\/v2\/categories?post=480716"},{"taxonomy":"post_tag","embeddable":true,"href":"https:\/\/www.europesays.com\/fr\/wp-json\/wp\/v2\/tags?post=480716"}],"curies":[{"name":"wp","href":"https:\/\/api.w.org\/{rel}","templated":true}]}}