{"id":480722,"date":"2025-10-22T00:09:22","date_gmt":"2025-10-22T00:09:22","guid":{"rendered":"https:\/\/www.europesays.com\/fr\/480722\/"},"modified":"2025-10-22T00:09:22","modified_gmt":"2025-10-22T00:09:22","slug":"vladimir-poutine-nest-pas-eternel-mais-qui-prendra-la-releve-apres-lui","status":"publish","type":"post","link":"https:\/\/www.europesays.com\/fr\/480722\/","title":{"rendered":"Vladimir Poutine n&rsquo;est pas \u00e9ternel, mais qui prendra la rel\u00e8ve apr\u00e8s lui?"},"content":{"rendered":"<p class=\"mb-4 text-lg md:leading-8 break-words\">Apr\u00e8s avoir pass\u00e9 dix ans dans une prison sib\u00e9rienne pour raisons politiques, Mikha\u00efl Khodorkovski, autrefois magnat du p\u00e9trole avec son entreprise Ioukos puis devenu leader de l&rsquo;opposition russe, vit d\u00e9sormais \u00e0 Londres. <a href=\"https:\/\/www.thetimes.com\/world\/russia-ukraine-war\/article\/mikhail-khodorkovsky-putin-russia-coup-bmrhthwxf\" rel=\"nofollow noopener\" target=\"_blank\" data-ylk=\"slk:Interrog\u00e9 par le quotidien britannique The Times;elm:context_link;itc:0;sec:content-canvas\" class=\"link \">Interrog\u00e9 par le quotidien britannique The Times<\/a>, il a \u00e9t\u00e9 surpris de figurer sur une liste de personnes accus\u00e9es par le Kremlin d&rsquo;avoir foment\u00e9 un coup d&rsquo;\u00c9tat. Au total, vingt-deux politiciens, hommes d&rsquo;affaires ou militants en exil ont \u00e9t\u00e9 inculp\u00e9s par le FSB, les services secrets russes.<\/p>\n<p class=\"mb-4 text-lg md:leading-8 break-words\">Aux c\u00f4t\u00e9s de Mikha\u00efl Khodorkovski, l&rsquo;ancien Premier ministre Mikha\u00efl Kassianov ou encore le dissident russo-britannique Vladimir Kara-Mourza, lib\u00e9r\u00e9 de prison en ao\u00fbt 2024. Tous appartiennent au Comit\u00e9 russe contre la guerre, qui f\u00e9d\u00e8re <a href=\"https:\/\/www.slate.fr\/story\/266065\/russie-nouveaux-visages-opposition-vladimir-poutine-mort-navalny-nadejdine-kara-mourza-iachine-goudkov-navalnaia\" rel=\"nofollow noopener\" target=\"_blank\" data-ylk=\"slk:les opposants au r\u00e9gime;elm:context_link;itc:0;sec:content-canvas\" class=\"link \">les opposants au r\u00e9gime<\/a>. Selon le FSB, Mikha\u00efl Khodorkovski agirait en sous-marin pour renverser le gouvernement. L&rsquo;homme d&rsquo;affaires soutiendrait m\u00eame des unit\u00e9s paramilitaires ukrainiennes et recruterait en Russie. Selon l&rsquo;int\u00e9ress\u00e9, ces accusations sont mensong\u00e8res et t\u00e9moignent de l&rsquo;inqui\u00e9tude croissante du pr\u00e9sident Vladimir Poutine autour de sa succession.<\/p>\n<p class=\"mb-4 text-lg md:leading-8 break-words\">\u00abJe ne dispose d&rsquo;aucune information privil\u00e9gi\u00e9e, mais ces accusations montrent qu&rsquo;ils s&rsquo;inqui\u00e8tent de la transition du pouvoir apr\u00e8s Poutine\u00bb, d\u00e9clare au Times celui qui fut un temps l&rsquo;homme le plus riche de Russie. Depuis quatre-vingts ans, tous les dictateurs ont quitt\u00e9 le pouvoir \u00e0 l&rsquo;\u00e2ge de 70 \u00e0 80 ans. Poutine en a 73, il commence \u00e0 y penser.\u00bb<\/p>\n<p class=\"mb-4 text-lg md:leading-8 break-words\">Ce sujet est tabou, mais pas totalement ni\u00e9 par Moscou. Interrog\u00e9 en mai par la cha\u00eene de t\u00e9l\u00e9vision Rossiya 1, <a href=\"https:\/\/fr.news.yahoo.com\/leurope-naurait-tendance-%C3%A0-surestimer-100001168.html\" data-ylk=\"slk:Vladimir Poutine;elm:context_link;itc:0;sec:content-canvas;outcm:mb_qualified_link;_E:mb_qualified_link;ct:story;\" class=\"link  yahoo-link\" target=\"_blank\" rel=\"noopener\">Vladimir Poutine<\/a> a admis \u00abr\u00e9fl\u00e9chir constamment\u00bb \u00e0 la personne qui le remplacera, affirmant \u00ab\u00e9tudier plusieurs candidats\u00bb. En th\u00e9orie, la Constitution russe pr\u00e9voit qu&rsquo;en cas de d\u00e9c\u00e8s ou d&rsquo;incapacit\u00e9 du pr\u00e9sident, le Premier ministre \u2013actuellement <a href=\"https:\/\/fr.wikipedia.org\/wiki\/Mikha%C3%AFl_Michoustine\" rel=\"nofollow noopener\" target=\"_blank\" data-ylk=\"slk:Mikha\u00efl Michoustine;elm:context_link;itc:0;sec:content-canvas\" class=\"link \">Mikha\u00efl Michoustine<\/a>\u2013 assure l&rsquo;int\u00e9rim. Mais pour les analystes, ce sc\u00e9nario ouvrirait une p\u00e9riode d&rsquo;instabilit\u00e9 politique et \u00e0 une guerre de succession entre pr\u00e9tendants au pouvoir.<\/p>\n<p class=\"mb-4 text-lg md:leading-8 break-words\">Mikha\u00efl Khodorkovski y voit, lui, la seule opportunit\u00e9 pour les d\u00e9fenseurs de la <a href=\"https:\/\/www.slate.fr\/dossier\/1339\/democratie\" rel=\"nofollow noopener\" target=\"_blank\" data-ylk=\"slk:d\u00e9mocratie;elm:context_link;itc:0;sec:content-canvas\" class=\"link \">d\u00e9mocratie<\/a>: \u00abSi nous manquons cette occasion, il y aura une nouvelle p\u00e9riode de consolidation du r\u00e9gime. Dans l&rsquo;entourage du pr\u00e9sident, personne n&rsquo;a int\u00e9r\u00eat \u00e0 poursuivre la guerre. Certains la soutiennent uniquement parce qu&rsquo;elle refl\u00e8te les d\u00e9sirs de Poutine.\u00bb<\/p>\n<p>Sa succession, une corde sensible pour Vladimir Poutine<\/p>\n<p class=\"mb-4 text-lg md:leading-8 break-words\">Au d\u00e9but du mois d&rsquo;octobre, l&rsquo;Assembl\u00e9e parlementaire du Conseil de l&rsquo;Europe (APCE) <a href=\"https:\/\/pace.coe.int\/en\/news\/10042\/pace-creates-a-platform-for-dialogue-with-exiled-russian-democratic-forces\" rel=\"nofollow noopener\" target=\"_blank\" data-ylk=\"slk:a annonc\u00e9 la cr\u00e9ation;elm:context_link;itc:0;sec:content-canvas\" class=\"link \">a annonc\u00e9 la cr\u00e9ation<\/a> d&rsquo;une \u00abplateforme de dialogue avec les forces d\u00e9mocratiques russes en exil\u00bb. Une initiative qui, selon Mikha\u00efl Khodorkovski, touche un point sensible au Kremlin. \u00abJusqu&rsquo;\u00e0 r\u00e9cemment, l&rsquo;opposition \u00e9tait fragment\u00e9e, ce qui convenait parfaitement au r\u00e9gime. Mais depuis le d\u00e9but de la <a href=\"https:\/\/www.slate.fr\/dossier\/72629\/guerre-en-ukraine\" rel=\"nofollow noopener\" target=\"_blank\" data-ylk=\"slk:guerre;elm:context_link;itc:0;sec:content-canvas\" class=\"link \">guerre<\/a>, nous avons cr\u00e9\u00e9 des organes qui l&rsquo;ont largement consolid\u00e9e. D\u00e8s que la transition du pouvoir commencera \u2013et elle commencera \u00e0 un moment donn\u00e9\u2013 cette plateforme repr\u00e9sentera un certain danger, c&rsquo;est un v\u00e9ritable p\u00f4le alternatif.\u00bb<\/p>\n<p class=\"mb-4 text-lg md:leading-8 break-words\">L&rsquo;ancien PDG de Ioukos estime d&rsquo;ailleurs que l&rsquo;Occident repr\u00e9sente environ 15% d&rsquo;influence dans le jeu <a href=\"https:\/\/www.slate.fr\/politique\/\" rel=\"nofollow noopener\" target=\"_blank\" data-ylk=\"slk:politique;elm:context_link;itc:0;sec:content-canvas\" class=\"link \">politique<\/a> russe, un poids \u00e9quivalent \u00e0 celui des politiciens proeurop\u00e9ens en Russie. \u00abLe v\u00e9ritable art politique consistera \u00e0 tirer parti de ces 30% pour exercer une influence significative.\u00bb<\/p>\n<p class=\"mb-4 text-lg md:leading-8 break-words\">Reste que, pour l&rsquo;heure, le sc\u00e9nario le plus probable demeure celui d&rsquo;une succession verrouill\u00e9e: un proche du pr\u00e9sident <a href=\"https:\/\/www.slate.fr\/dossier\/235\/russie\" rel=\"nofollow noopener\" target=\"_blank\" data-ylk=\"slk:russe;elm:context_link;itc:0;sec:content-canvas\" class=\"link \">russe<\/a> serait d\u00e9sign\u00e9, adoub\u00e9 par l&rsquo;appareil d&rsquo;\u00c9tat et \u00e9lu \u00e0 l&rsquo;issue d&rsquo;un scrutin sous contr\u00f4le. Les noms qui circulent? Alexe\u00ef Dioumine, 53 ans, ancien garde du corps de Vladimir Poutine devenu secr\u00e9taire du Conseil d&rsquo;\u00c9tat, ou Mikha\u00efl Michoustine, 59 ans, Premier ministre technocrate.<\/p>\n<p class=\"mb-4 text-lg md:leading-8 break-words\">Si le num\u00e9ro un russe d\u00e9cidait de partir volontairement, il pourrait d\u00e9signer l&rsquo;un de ses \u00abenfants du <a href=\"https:\/\/www.slate.fr\/dossier\/14909\/kremlin\" rel=\"nofollow noopener\" target=\"_blank\" data-ylk=\"slk:Kremlin;elm:context_link;itc:0;sec:content-canvas\" class=\"link \">Kremlin<\/a>\u00bb \u2013les descendants de fid\u00e8les alli\u00e9s. On pense \u00e0 Boris Kovaltchouk, 47 ans, chef de la chambre des comptes et fils du banquier Iouri Kovaltchouk, \u00able portefeuille de Poutine\u00bb, ou Dmitri Patrouchev, 48 ans, vice-Premier ministre et fils de Nikola\u00ef Patrouchev, pilier de la s\u00e9curit\u00e9 russe.<\/p>\n","protected":false},"excerpt":{"rendered":"Apr\u00e8s avoir pass\u00e9 dix ans dans une prison sib\u00e9rienne pour raisons politiques, Mikha\u00efl Khodorkovski, autrefois magnat du p\u00e9trole&hellip;\n","protected":false},"author":2,"featured_media":480723,"comment_status":"","ping_status":"","sticky":false,"template":"","format":"standard","meta":{"footnotes":""},"categories":[1591],"tags":[11,1887,15005,7403,9703,60393,60392,12,1885,1886,132,135],"class_list":{"0":"post-480722","1":"post","2":"type-post","3":"status-publish","4":"format-standard","5":"has-post-thumbnail","7":"category-russie","8":"tag-actualites","9":"tag-federation-de-russie","10":"tag-fsb","11":"tag-la-guerre","12":"tag-leader-de-lopposition","13":"tag-mikhail-kassianov","14":"tag-mikhail-khodorkovski","15":"tag-news","16":"tag-russia","17":"tag-russian-federation","18":"tag-russie","19":"tag-vladimir-poutine"},"share_on_mastodon":{"url":"https:\/\/pubeurope.com\/@fr\/115414916480145123","error":""},"_links":{"self":[{"href":"https:\/\/www.europesays.com\/fr\/wp-json\/wp\/v2\/posts\/480722","targetHints":{"allow":["GET"]}}],"collection":[{"href":"https:\/\/www.europesays.com\/fr\/wp-json\/wp\/v2\/posts"}],"about":[{"href":"https:\/\/www.europesays.com\/fr\/wp-json\/wp\/v2\/types\/post"}],"author":[{"embeddable":true,"href":"https:\/\/www.europesays.com\/fr\/wp-json\/wp\/v2\/users\/2"}],"replies":[{"embeddable":true,"href":"https:\/\/www.europesays.com\/fr\/wp-json\/wp\/v2\/comments?post=480722"}],"version-history":[{"count":0,"href":"https:\/\/www.europesays.com\/fr\/wp-json\/wp\/v2\/posts\/480722\/revisions"}],"wp:featuredmedia":[{"embeddable":true,"href":"https:\/\/www.europesays.com\/fr\/wp-json\/wp\/v2\/media\/480723"}],"wp:attachment":[{"href":"https:\/\/www.europesays.com\/fr\/wp-json\/wp\/v2\/media?parent=480722"}],"wp:term":[{"taxonomy":"category","embeddable":true,"href":"https:\/\/www.europesays.com\/fr\/wp-json\/wp\/v2\/categories?post=480722"},{"taxonomy":"post_tag","embeddable":true,"href":"https:\/\/www.europesays.com\/fr\/wp-json\/wp\/v2\/tags?post=480722"}],"curies":[{"name":"wp","href":"https:\/\/api.w.org\/{rel}","templated":true}]}}