{"id":480724,"date":"2025-10-22T00:10:18","date_gmt":"2025-10-22T00:10:18","guid":{"rendered":"https:\/\/www.europesays.com\/fr\/480724\/"},"modified":"2025-10-22T00:10:18","modified_gmt":"2025-10-22T00:10:18","slug":"guerre-en-ukraine-les-etats-membres-de-lue-actent-la-fin-de-limportation-de-gaz-russe-dici-a-fin-2027","status":"publish","type":"post","link":"https:\/\/www.europesays.com\/fr\/480724\/","title":{"rendered":"Guerre en Ukraine : les \u00c9tats membres de l&rsquo;UE actent la fin de l&rsquo;importation de gaz russe d&rsquo;ici \u00e0 fin 2027"},"content":{"rendered":"<p>\tGuerre en Ukraine : les \u00c9tats membres de l&rsquo;UE actent la fin de l&rsquo;importation de gaz russe d&rsquo;ici \u00e0 fin 2027 &#8211; Touteleurope.eu<\/p>\n<p>\t\t<img decoding=\"async\" alt=\"fermer\" class=\"close-info\" src=\"https:\/\/www.touteleurope.eu\/wp-content\/themes\/toute_leurope\/assets\/images\/close-picto-blue.svg\"\/><\/p>\n<p>Touteleurope.eu est le site p\u00e9dagogique de r\u00e9f\u00e9rence sur les questions europ\u00e9ennes : <a href=\"https:\/\/www.touteleurope.eu\/qui-sommes-nous\/\" target=\"_blank\" rel=\"noopener\">Qui sommes-nous ?<\/a><\/p>\n<p><img decoding=\"async\" class=\"logo-pdf\" alt=\"Toute L'Europe \u2013 Comprendre l'Europe\" src=\"https:\/\/www.touteleurope.eu\/wp-content\/themes\/toute_leurope\/assets\/images\/logo-ttl.svg\"\/><\/p>\n","protected":false},"excerpt":{"rendered":"Guerre en Ukraine : les \u00c9tats membres de l&rsquo;UE actent la fin de l&rsquo;importation de gaz russe d&rsquo;ici&hellip;\n","protected":false},"author":2,"featured_media":480725,"comment_status":"","ping_status":"","sticky":false,"template":"","format":"standard","meta":{"footnotes":""},"categories":[1590],"tags":[11,32188,2196,2608,893,4915,1777,674,12,8552,55314,132,220],"class_list":{"0":"post-480724","1":"post","2":"type-post","3":"status-publish","4":"format-standard","5":"has-post-thumbnail","7":"category-ukraine","8":"tag-actualites","9":"tag-commissaires-europeens","10":"tag-commission-europeenne","11":"tag-commission-von-der-leyen","12":"tag-energie","13":"tag-energies-fossiles","14":"tag-eu","15":"tag-europe","16":"tag-news","17":"tag-parlement-europeen","18":"tag-parlement-europeen-2024-2029","19":"tag-russie","20":"tag-ukraine"},"share_on_mastodon":{"url":"https:\/\/pubeurope.com\/@fr\/115414921002229602","error":""},"_links":{"self":[{"href":"https:\/\/www.europesays.com\/fr\/wp-json\/wp\/v2\/posts\/480724","targetHints":{"allow":["GET"]}}],"collection":[{"href":"https:\/\/www.europesays.com\/fr\/wp-json\/wp\/v2\/posts"}],"about":[{"href":"https:\/\/www.europesays.com\/fr\/wp-json\/wp\/v2\/types\/post"}],"author":[{"embeddable":true,"href":"https:\/\/www.europesays.com\/fr\/wp-json\/wp\/v2\/users\/2"}],"replies":[{"embeddable":true,"href":"https:\/\/www.europesays.com\/fr\/wp-json\/wp\/v2\/comments?post=480724"}],"version-history":[{"count":0,"href":"https:\/\/www.europesays.com\/fr\/wp-json\/wp\/v2\/posts\/480724\/revisions"}],"wp:featuredmedia":[{"embeddable":true,"href":"https:\/\/www.europesays.com\/fr\/wp-json\/wp\/v2\/media\/480725"}],"wp:attachment":[{"href":"https:\/\/www.europesays.com\/fr\/wp-json\/wp\/v2\/media?parent=480724"}],"wp:term":[{"taxonomy":"category","embeddable":true,"href":"https:\/\/www.europesays.com\/fr\/wp-json\/wp\/v2\/categories?post=480724"},{"taxonomy":"post_tag","embeddable":true,"href":"https:\/\/www.europesays.com\/fr\/wp-json\/wp\/v2\/tags?post=480724"}],"curies":[{"name":"wp","href":"https:\/\/api.w.org\/{rel}","templated":true}]}}