{"id":480730,"date":"2025-10-22T00:13:11","date_gmt":"2025-10-22T00:13:11","guid":{"rendered":"https:\/\/www.europesays.com\/fr\/480730\/"},"modified":"2025-10-22T00:13:11","modified_gmt":"2025-10-22T00:13:11","slug":"alice-weidel-defend-a-budapest-une-allemagne-liberale-et-conservatrice","status":"publish","type":"post","link":"https:\/\/www.europesays.com\/fr\/480730\/","title":{"rendered":"Alice Weidel d\u00e9fend \u00e0 Budapest une \u201cAllemagne lib\u00e9rale et conservatrice\u00a0\u00bb"},"content":{"rendered":"<p>  Par&amp;nbsp<a href=\"https:\/\/fr.euronews.com\/profils\/718\" target=\"_blank\" rel=\"noopener\">G\u00e1bor Tan\u00e1cs<\/a>&amp;nbsp&amp;&amp;nbsp<b>Jean Philippe LIABOT<\/b><\/p>\n<p>\n         Publi\u00e9 le<br \/>\n            21\/10\/2025 &#8211; 8:37 UTC+2\n            <\/p>\n<p>\u00c0 Budapest, <strong>Alice Weidel<\/strong>, copr\u00e9sidente de l&rsquo;<strong>AfD<\/strong>, le parti d\u2019extr\u00eame droite Alternative pour l\u2019Allemagne, \u00e9tait invit\u00e9e par le 21st Century Institute, un groupe de r\u00e9flexion pro-gouvernemental financ\u00e9 par l\u2019\u00c9tat hongrois.<\/p>\n<p>L&rsquo;alli\u00e9e allemande de <strong>Viktor Orb\u00e1n<\/strong> \u00e0 parl\u00e9 des fondements intellectuels de son parti. Bien que les politiques de l&rsquo;AfD soient \u00e0 bien des \u00e9gards proches de celles des partis gouvernementaux hongrois, par exemple en ce qui concerne l&rsquo;immigration ou l&rsquo;agression russe contre l&rsquo;Ukraine, la pr\u00e9sentation d&rsquo;Alice Weidel comportait \u00e9galement quelques id\u00e9es int\u00e9ressantes pour l&rsquo;oreille hongroise.<\/p>\n<p>\u00ab\u00a0Un \u00c9tat bien g\u00e9r\u00e9 ne traite pas ses citoyens avec condescendance et ne les dirige pas\u00a0\u00bb, a d\u00e9clar\u00e9 Alice Weidel, \u00ab\u00a0il ne distribue pas d&rsquo;argent \u00e0 des groupes de pression id\u00e9ologiques et \u00e0 des sous-fifres dans le monde entier pour s&rsquo;acheter un soutien par le biais de m\u00e9thodes n\u00e9o-f\u00e9odales.\u00a0\u00bb a-t-elle ajout\u00e9. <\/p>\n<p>La copr\u00e9sidente de l&rsquo;AfD a longuement \u00e9num\u00e9r\u00e9 ce qu&rsquo;elle consid\u00e9rait comme les probl\u00e8mes de l&rsquo;Allemagne, de <strong>l&rsquo;immigration<\/strong> pr\u00e9tendument incontr\u00f4l\u00e9e \u00e0 une <strong>politique verte<\/strong> qui, une fois de plus, aurait \u00e9chou\u00e9. <\/p>\n<p>Mais la solution, a-t-elle dit, est une d\u00e9mocratie dans laquelle les citoyens d\u00e9cident des questions les plus importantes par r\u00e9f\u00e9rendum et dans laquelle les freins et contrepoids sont pleinement en place. Dans un tel syst\u00e8me, la presse et les tribunaux seraient libres de toute influence de l&rsquo;\u00c9tat, et les \u00e9coles seraient libres de toute influence id\u00e9ologique.<\/p>\n<p>Apr\u00e8s avoir \u00e9num\u00e9r\u00e9 les promesses de son parti, Alice Weidel a fait l&rsquo;\u00e9loge du Premier ministre hongrois Viktor Orb\u00e1n.<\/p>\n<p>Ce dernier a longtemps \u00e9t\u00e9 un alli\u00e9 de la CDU\/CSU, mais son \u00e9loignement du parti a commenc\u00e9 avec la crise des r\u00e9fugi\u00e9s en 2015, lorsqu&rsquo;il a adopt\u00e9 une position oppos\u00e9e \u00e0 celle d&rsquo;Angela Merkel. <\/p>\n<p>Pendant longtemps, Orban ne s&rsquo;est pas ouvertement rang\u00e9 du c\u00f4t\u00e9 de l&rsquo;AfD, mais lors des \u00e9lections anticip\u00e9es de 2025 en Allemagne, il soutenait d\u00e9j\u00e0 Alice Weidel. <\/p>\n<p>\u00ab\u00a0Le vent a tourn\u00e9 en Europe. La Hongrie est depuis des ann\u00e9es un phare de la libert\u00e9 et de la souverainet\u00e9 et un mod\u00e8le important pour nous. Depuis, de nombreux autres pays l&rsquo;ont rejointe et, ce soir, je vous le promets : L&rsquo;Allemagne suivra.\u00a0\u00bb a-t-elle affirm\u00e9.<\/p>\n<p><strong>Des \u00e9lections f\u00e9d\u00e9rales \u00e0 venir<\/strong><\/p>\n<p>Lors des derni\u00e8res \u00e9lections f\u00e9d\u00e9rales, l&rsquo;AfD est arriv\u00e9e en deuxi\u00e8me position derri\u00e8re l&rsquo;Alliance du parti chr\u00e9tien-d\u00e9mocrate, tandis que les partis mod\u00e9r\u00e9s \u00e9taient unis et isol\u00e9s. <\/p>\n<p><strong>Des \u00e9lections auront lieu l&rsquo;ann\u00e9e prochaine<\/strong> dans 16 L\u00e4nder allemands, et il y en a dans l&rsquo;ancienne Allemagne de l&rsquo;Est o\u00f9 les sondages montrent que l&rsquo;AfD devance les chr\u00e9tiens-d\u00e9mocrates au pouvoir.<\/p>\n","protected":false},"excerpt":{"rendered":"Par&amp;nbspG\u00e1bor Tan\u00e1cs&amp;nbsp&amp;&amp;nbspJean Philippe LIABOT Publi\u00e9 le 21\/10\/2025 &#8211; 8:37 UTC+2 \u00c0 Budapest, Alice Weidel, copr\u00e9sidente de l&rsquo;AfD, le&hellip;\n","protected":false},"author":2,"featured_media":480731,"comment_status":"","ping_status":"","sticky":false,"template":"","format":"standard","meta":{"footnotes":""},"categories":[1587],"tags":[11,60394,672,38921,1804,1805,1803,1777,674,1801,804,12,15768,1802,7247],"class_list":{"0":"post-480730","1":"post","2":"type-post","3":"status-publish","4":"format-standard","5":"has-post-thumbnail","7":"category-allemagne","8":"tag-actualites","9":"tag-alice-weidel","10":"tag-allemagne","11":"tag-alternative-pour-lallemagne","12":"tag-bundesrepublik-deutschland","13":"tag-de","14":"tag-deutschland","15":"tag-eu","16":"tag-europe","17":"tag-germany","18":"tag-hongrie","19":"tag-news","20":"tag-polique-allemande","21":"tag-republique-federale-dallemagne","22":"tag-viktor-orban"},"share_on_mastodon":{"url":"https:\/\/pubeurope.com\/@fr\/115414932154557475","error":""},"_links":{"self":[{"href":"https:\/\/www.europesays.com\/fr\/wp-json\/wp\/v2\/posts\/480730","targetHints":{"allow":["GET"]}}],"collection":[{"href":"https:\/\/www.europesays.com\/fr\/wp-json\/wp\/v2\/posts"}],"about":[{"href":"https:\/\/www.europesays.com\/fr\/wp-json\/wp\/v2\/types\/post"}],"author":[{"embeddable":true,"href":"https:\/\/www.europesays.com\/fr\/wp-json\/wp\/v2\/users\/2"}],"replies":[{"embeddable":true,"href":"https:\/\/www.europesays.com\/fr\/wp-json\/wp\/v2\/comments?post=480730"}],"version-history":[{"count":0,"href":"https:\/\/www.europesays.com\/fr\/wp-json\/wp\/v2\/posts\/480730\/revisions"}],"wp:featuredmedia":[{"embeddable":true,"href":"https:\/\/www.europesays.com\/fr\/wp-json\/wp\/v2\/media\/480731"}],"wp:attachment":[{"href":"https:\/\/www.europesays.com\/fr\/wp-json\/wp\/v2\/media?parent=480730"}],"wp:term":[{"taxonomy":"category","embeddable":true,"href":"https:\/\/www.europesays.com\/fr\/wp-json\/wp\/v2\/categories?post=480730"},{"taxonomy":"post_tag","embeddable":true,"href":"https:\/\/www.europesays.com\/fr\/wp-json\/wp\/v2\/tags?post=480730"}],"curies":[{"name":"wp","href":"https:\/\/api.w.org\/{rel}","templated":true}]}}