{"id":480742,"date":"2025-10-22T00:19:18","date_gmt":"2025-10-22T00:19:18","guid":{"rendered":"https:\/\/www.europesays.com\/fr\/480742\/"},"modified":"2025-10-22T00:19:18","modified_gmt":"2025-10-22T00:19:18","slug":"dp-world-india-championship-vaillant-le-top-15-du-soulagement","status":"publish","type":"post","link":"https:\/\/www.europesays.com\/fr\/480742\/","title":{"rendered":"DP World India Championship\u00a0: Vaillant, le top 15 du soulagement"},"content":{"rendered":"<p>Pour <strong>Tom Vaillant<\/strong>, l&rsquo;enjeu de cette fin de saison n&rsquo;est pas tant la participation aux <strong>Play-Offs <\/strong>(qui demeure techniquement possible pour lui) que la conservation de sa carte sur le <strong>DP World Tour<\/strong>. Il lui faut, pour cela, finir dans le top 115 de la <strong>Race to Dubai<\/strong>, et l&rsquo;Azur\u00e9en a fait, ce dimanche, le pas d\u00e9cisif. En signant une tr\u00e8s belle carte de 65 (-7), il a gagn\u00e9 17 places au classement du tournoi, pour terminer \u00e0 la 13e, \u00e0 -14. Non seulement termine-t-il meilleur Fran\u00e7ais de cette semaine indienne, mais surtout, il gagne d&rsquo;un coup 12 places \u00e0 la <strong>Race To Dubai<\/strong>, se projetant au 94e rang. Il peut d\u00e9sormais \u00eatre dans la certitude qu&rsquo;il pourra \u00e9voluer sur la premi\u00e8re division europ\u00e9enne l&rsquo;an prochain, et ce pour la troisi\u00e8me ann\u00e9e cons\u00e9cutive. En effet, un seul tournoi reste au calendrier de la saison r\u00e9guli\u00e8re du <strong>DP World Tour<\/strong>, et donc dans la course au top 115\u00a0: le <strong>Genesis Championship<\/strong>, la semaine prochaine en Cor\u00e9e du Sud.<\/p>\n<p>Une autre bonne nouvelle de la journ\u00e9e concerne <strong>Martin Couvra<\/strong>. Le comp\u00e8re de Tom Vaillant, en terminant 17e ce dimanche, \u00e0 -12, est pass\u00e9 de la 14e \u00e0 la 13e place de la <strong>Race to Dubai<\/strong>. De quoi rester favorablement positionn\u00e9 en vue des dix droits de jeu distribu\u00e9s, en fin de saison, sur le <strong>PGA Tour<\/strong>. M\u00eame si pour lui, l&rsquo;\u00e9ch\u00e9ance se situe plus loin, \u00e0 la fin du <strong>DP World Tour Championship<\/strong>, \u00e9preuve de conclusion de la saison, disput\u00e9e mi-novembre. Sa 17e place de la semaine est partag\u00e9e avec <strong>David Ravetto<\/strong>, d\u00e9sormais 120e de la <strong>Race to Dubai<\/strong>, mais qui profitera encore, l&rsquo;an prochain, de l&rsquo;exemption obtenue par sa belle victoire, l&rsquo;\u00e9t\u00e9 dernier en R\u00e9publique tch\u00e8que. Exemption \u00e9galement, l&rsquo;an prochain, pour <strong>Fr\u00e9d\u00e9ric Lacroix<\/strong>, qui avait imm\u00e9diatement embo\u00eet\u00e9 le pas de son camarade du RCF en 2024, et qui s&rsquo;est class\u00e9 26e ce dimanche, \u00e0 -11. <strong>Ugo Coussaud<\/strong>, 40e \u00e0 -7, reste \u00e0 sa 61e place, favorablement positionn\u00e9 pour \u00eatre \u00e0 la premi\u00e8re \u00e9tape des <strong>Play-Offs<\/strong>, r\u00e9serv\u00e9e au top 70. Prolonger sa saison d&rsquo;une semaine sera d&rsquo;ailleurs l&rsquo;objectif de <strong>Julien Guerrier <\/strong>en Cor\u00e9e, le Rochelais \u00e9tant d\u00e9sormais 76e de la <strong>Race to Dubai<\/strong>, apr\u00e8s sa 50e place du jour, \u00e0 -5.<\/p>\n","protected":false},"excerpt":{"rendered":"Pour Tom Vaillant, l&rsquo;enjeu de cette fin de saison n&rsquo;est pas tant la participation aux Play-Offs (qui demeure&hellip;\n","protected":false},"author":2,"featured_media":480743,"comment_status":"","ping_status":"","sticky":false,"template":"","format":"standard","meta":{"footnotes":""},"categories":[1418],"tags":[1011,27,1472,60],"class_list":{"0":"post-480742","1":"post","2":"type-post","3":"status-publish","4":"format-standard","5":"has-post-thumbnail","7":"category-golf","8":"tag-fr","9":"tag-france","10":"tag-golf","11":"tag-sports"},"share_on_mastodon":{"url":"https:\/\/pubeurope.com\/@fr\/115414955676127408","error":""},"_links":{"self":[{"href":"https:\/\/www.europesays.com\/fr\/wp-json\/wp\/v2\/posts\/480742","targetHints":{"allow":["GET"]}}],"collection":[{"href":"https:\/\/www.europesays.com\/fr\/wp-json\/wp\/v2\/posts"}],"about":[{"href":"https:\/\/www.europesays.com\/fr\/wp-json\/wp\/v2\/types\/post"}],"author":[{"embeddable":true,"href":"https:\/\/www.europesays.com\/fr\/wp-json\/wp\/v2\/users\/2"}],"replies":[{"embeddable":true,"href":"https:\/\/www.europesays.com\/fr\/wp-json\/wp\/v2\/comments?post=480742"}],"version-history":[{"count":0,"href":"https:\/\/www.europesays.com\/fr\/wp-json\/wp\/v2\/posts\/480742\/revisions"}],"wp:featuredmedia":[{"embeddable":true,"href":"https:\/\/www.europesays.com\/fr\/wp-json\/wp\/v2\/media\/480743"}],"wp:attachment":[{"href":"https:\/\/www.europesays.com\/fr\/wp-json\/wp\/v2\/media?parent=480742"}],"wp:term":[{"taxonomy":"category","embeddable":true,"href":"https:\/\/www.europesays.com\/fr\/wp-json\/wp\/v2\/categories?post=480742"},{"taxonomy":"post_tag","embeddable":true,"href":"https:\/\/www.europesays.com\/fr\/wp-json\/wp\/v2\/tags?post=480742"}],"curies":[{"name":"wp","href":"https:\/\/api.w.org\/{rel}","templated":true}]}}