{"id":480746,"date":"2025-10-22T00:22:15","date_gmt":"2025-10-22T00:22:15","guid":{"rendered":"https:\/\/www.europesays.com\/fr\/480746\/"},"modified":"2025-10-22T00:22:15","modified_gmt":"2025-10-22T00:22:15","slug":"wta-pliskova-accuse-vondrousova-apres-son-abandon-je-vais-essuyer-une-nouvelle-vague-de-critiques-mais-je-pense-quelle-a-vu-quelle-navait-aucune-chance-et-quelle-a-abandonne-le-match-pour-cet","status":"publish","type":"post","link":"https:\/\/www.europesays.com\/fr\/480746\/","title":{"rendered":"WTA > Pliskova accuse Vondrousova apr\u00e8s son abandon : \u00ab\u00a0Je vais essuyer une nouvelle vague de critiques mais je pense qu&rsquo;elle a vu qu&rsquo;elle n&rsquo;avait aucune chance et qu&rsquo;elle a abandonn\u00e9 le match pour cette raison\u00a0\u00bb"},"content":{"rendered":"<p>Oppos\u00e9e pour la deuxi\u00e8me fois d\u2019af\u00adfil\u00e9e \u00e0 sa compa\u00adtriote, Karolina Muchova, ce lundi au premier tour du tournoi de Tokyo, une semaine apr\u00e8s s\u2019\u00eatre inclin\u00e9e \u00e0 Ningo, en Chine, Maketa Voudrousova, alors qu\u2019elle \u00e9tait men\u00e9e 6\u20132, 1\u20130, a pr\u00e9f\u00e9r\u00e9 abandonner.\u00a0<\/p>\n<p>Mais pour Karolina Pliskova, \u00e0 peine de retour sur les courts apr\u00e8s un an d\u2019ab\u00adsence suite \u00e0 une impor\u00adtante bles\u00adsure au niveau de la cheville, sa compa\u00adtriote n\u2019\u00e9tait pas bless\u00e9e.\u00a0<\/p>\n<p><strong>\u00ab\u202fJ\u2019ai vu les matchs de Karolina Muchova et Marketa Vondrousov\u00e1 qui se sont d\u00e9roul\u00e9s ces derniers jours. Ce n\u2019est jamais agr\u00e9able d\u2019af\u00adfronter deux fois de suite la m\u00eame adver\u00adsaire\u202f\u00bb<\/strong>, a d\u00e9clar\u00e9 Pliskova dans un podcast tch\u00e8que consacr\u00e9 au tennis. <strong>\u00ab\u202fOn ne souhaite tout simple\u00adment pas cela. Elles s\u2019en\u00adtra\u00eenent toutes les deux \u00e0 Stvanice, elles sont amies. C\u2019\u00e9tait parti\u00adcu\u00adli\u00e8\u00adre\u00adment d\u00e9sa\u00adgr\u00e9able pour Marketa. Elle a d\u00e9sor\u00admais perdu contre Karolina \u00e0 Tokyo, Ningbo et m\u00eame lors d\u2019un match impor\u00adtant \u00e0 Indian Wells. Aujourd\u2019hui (lundi), pour moi, Marketa n\u2019avait abso\u00adlu\u00adment aucune chance, je rends hommage \u00e0 Karolina, elle a tr\u00e8s bien jou\u00e9. Peut\u2010\u00eatre que Marketa \u00e9tait bless\u00e9e, mais je pense qu\u2019elle a vu qu\u2019elle n\u2019avait aucune chance et qu\u2019elle a aban\u00addonn\u00e9 le match pour cette raison. Je vais proba\u00adble\u00adment essuyer une nouvelle vague de critiques, mais qu\u2019\u00e0 cela ne tienne.\u202f\u00bb<\/strong><\/p>\n<p class=\"post-published-date\" style=\"color: silver; font-size: 75%; text-align: left;\">Publi\u00e9 le mardi 21 octobre 2025 \u00e0 17:57<\/p>\n","protected":false},"excerpt":{"rendered":"Oppos\u00e9e pour la deuxi\u00e8me fois d\u2019af\u00adfil\u00e9e \u00e0 sa compa\u00adtriote, Karolina Muchova, ce lundi au premier tour du tournoi&hellip;\n","protected":false},"author":2,"featured_media":480747,"comment_status":"","ping_status":"","sticky":false,"template":"","format":"standard","meta":{"footnotes":""},"categories":[1415],"tags":[1011,27,60396,60,1467],"class_list":{"0":"post-480746","1":"post","2":"type-post","3":"status-publish","4":"format-standard","5":"has-post-thumbnail","7":"category-tennis","8":"tag-fr","9":"tag-france","10":"tag-pliskova","11":"tag-sports","12":"tag-tennis"},"share_on_mastodon":{"url":"https:\/\/pubeurope.com\/@fr\/115414967419678016","error":""},"_links":{"self":[{"href":"https:\/\/www.europesays.com\/fr\/wp-json\/wp\/v2\/posts\/480746","targetHints":{"allow":["GET"]}}],"collection":[{"href":"https:\/\/www.europesays.com\/fr\/wp-json\/wp\/v2\/posts"}],"about":[{"href":"https:\/\/www.europesays.com\/fr\/wp-json\/wp\/v2\/types\/post"}],"author":[{"embeddable":true,"href":"https:\/\/www.europesays.com\/fr\/wp-json\/wp\/v2\/users\/2"}],"replies":[{"embeddable":true,"href":"https:\/\/www.europesays.com\/fr\/wp-json\/wp\/v2\/comments?post=480746"}],"version-history":[{"count":0,"href":"https:\/\/www.europesays.com\/fr\/wp-json\/wp\/v2\/posts\/480746\/revisions"}],"wp:featuredmedia":[{"embeddable":true,"href":"https:\/\/www.europesays.com\/fr\/wp-json\/wp\/v2\/media\/480747"}],"wp:attachment":[{"href":"https:\/\/www.europesays.com\/fr\/wp-json\/wp\/v2\/media?parent=480746"}],"wp:term":[{"taxonomy":"category","embeddable":true,"href":"https:\/\/www.europesays.com\/fr\/wp-json\/wp\/v2\/categories?post=480746"},{"taxonomy":"post_tag","embeddable":true,"href":"https:\/\/www.europesays.com\/fr\/wp-json\/wp\/v2\/tags?post=480746"}],"curies":[{"name":"wp","href":"https:\/\/api.w.org\/{rel}","templated":true}]}}