{"id":480783,"date":"2025-10-22T00:43:55","date_gmt":"2025-10-22T00:43:55","guid":{"rendered":"https:\/\/www.europesays.com\/fr\/480783\/"},"modified":"2025-10-22T00:43:55","modified_gmt":"2025-10-22T00:43:55","slug":"le-point-apres-linterdiction-de-lacces-a-laire-de-jeu","status":"publish","type":"post","link":"https:\/\/www.europesays.com\/fr\/480783\/","title":{"rendered":"le point apr\u00e8s l\u2019interdiction de l\u2019acc\u00e8s \u00e0 l\u2019aire de jeu"},"content":{"rendered":"<p>\u00ab\u00a0Quand nous sommes confront\u00e9s \u00e0 ce type de situation, \u00e0 savoir quand des enfants sont bless\u00e9s, notre premi\u00e8re r\u00e9action est de penser \u00e0 eux et leur s\u00e9curit\u00e9 est, bien \u00e9videmment, notre priorit\u00e9.\u00a0\u00bb<\/p>\n<p>Le maire de Saint-Genest-Lerpt apporte quelques pr\u00e9cisions apr\u00e8s l\u2019arr\u00eat\u00e9 municipal pris la semaine derni\u00e8re pour interdire l\u2019acc\u00e8s au ch\u00e2teau-fort du parc de la Verch\u00e8re et apr\u00e8s l\u2019article de La Tribune-Le Progr\u00e8s.<\/p>\n<p>Comme \u00e9voqu\u00e9 dans notre article, la Ville a imm\u00e9diatement&#8230;<\/p>\n","protected":false},"excerpt":{"rendered":"\u00ab\u00a0Quand nous sommes confront\u00e9s \u00e0 ce type de situation, \u00e0 savoir quand des enfants sont bless\u00e9s, notre premi\u00e8re&hellip;\n","protected":false},"author":2,"featured_media":480784,"comment_status":"","ping_status":"","sticky":false,"template":"","format":"standard","meta":{"footnotes":""},"categories":[9653],"tags":[1111,11,2430,1687,7539,1777,674,1011,27,12,25,12491,4001,17929],"class_list":{"0":"post-480783","1":"post","2":"type-post","3":"status-publish","4":"format-standard","5":"has-post-thumbnail","7":"category-saint-etienne","8":"tag-actu","9":"tag-actualites","10":"tag-auvergne-rhone-alpes","11":"tag-culture-loisirs","12":"tag-edition-loire-sud","13":"tag-eu","14":"tag-europe","15":"tag-fr","16":"tag-france","17":"tag-news","18":"tag-republique-francaise","19":"tag-roche-la-moliere-bassin","20":"tag-saint-etienne","21":"tag-saint-genest-lerpt"},"share_on_mastodon":{"url":"https:\/\/pubeurope.com\/@fr\/115415053954988793","error":""},"_links":{"self":[{"href":"https:\/\/www.europesays.com\/fr\/wp-json\/wp\/v2\/posts\/480783","targetHints":{"allow":["GET"]}}],"collection":[{"href":"https:\/\/www.europesays.com\/fr\/wp-json\/wp\/v2\/posts"}],"about":[{"href":"https:\/\/www.europesays.com\/fr\/wp-json\/wp\/v2\/types\/post"}],"author":[{"embeddable":true,"href":"https:\/\/www.europesays.com\/fr\/wp-json\/wp\/v2\/users\/2"}],"replies":[{"embeddable":true,"href":"https:\/\/www.europesays.com\/fr\/wp-json\/wp\/v2\/comments?post=480783"}],"version-history":[{"count":0,"href":"https:\/\/www.europesays.com\/fr\/wp-json\/wp\/v2\/posts\/480783\/revisions"}],"wp:featuredmedia":[{"embeddable":true,"href":"https:\/\/www.europesays.com\/fr\/wp-json\/wp\/v2\/media\/480784"}],"wp:attachment":[{"href":"https:\/\/www.europesays.com\/fr\/wp-json\/wp\/v2\/media?parent=480783"}],"wp:term":[{"taxonomy":"category","embeddable":true,"href":"https:\/\/www.europesays.com\/fr\/wp-json\/wp\/v2\/categories?post=480783"},{"taxonomy":"post_tag","embeddable":true,"href":"https:\/\/www.europesays.com\/fr\/wp-json\/wp\/v2\/tags?post=480783"}],"curies":[{"name":"wp","href":"https:\/\/api.w.org\/{rel}","templated":true}]}}