{"id":480789,"date":"2025-10-22T00:47:15","date_gmt":"2025-10-22T00:47:15","guid":{"rendered":"https:\/\/www.europesays.com\/fr\/480789\/"},"modified":"2025-10-22T00:47:15","modified_gmt":"2025-10-22T00:47:15","slug":"stade-rennais-mercato-motta-clement-nancy-quel-coach-pour-remplacer-habib-beye","status":"publish","type":"post","link":"https:\/\/www.europesays.com\/fr\/480789\/","title":{"rendered":"Stade Rennais Mercato\u00a0: Motta, Cl\u00e9ment, Nancy&#8230; quel coach pour remplacer Habib Beye\u00a0?"},"content":{"rendered":"<p><strong>Thiago Motta<\/strong>, <strong>Wilfried Nancy et Philippe Cl\u00e9ment sont les deux noms qui circulent pour remplacer Habib Beye sur le banc du Stade Rennais. Quel est le meilleur choix entre les deux techniciens\u00a0? C\u2019est notre d\u00e9bat\u2026<\/strong><\/p>\n<p>\u00ab\u00a0Plut\u00f4t Nancy ou Motta\u00a0\u00bb<\/p>\n<p>\u00ab D\u00e9j\u00e0, je comprends l\u2019impatience des dirigeants bretons envers Habib Beye. L\u2019ancien marseillais n\u2019a clairement pas de bons r\u00e9sultats par rapport \u00e0 l\u2019effectif qu\u2019il a \u00e0 sa disposition. Peu de joueurs \u00e9voluent \u00e0 leur niveau et il semblerait qu\u2019il y ait friture sur la ligne avec plusieurs cadres. Le match nul contre Auxerre est peut-\u00eatre celui de trop, apr\u00e8s ceux, tous aussi d\u00e9cevants, contre Nantes, Toulouse et Lens, sans oublier bien-s\u00fbr la lourde d\u00e9faite \u00e0 Lorient. \u00a0<\/p>\n<p>Le nom de Wilfried Nancy revient avec insistance, il avait d\u00e9j\u00e0 \u00e9t\u00e9 \u00e9voqu\u00e9 l\u2019an dernier, comme \u00e0 l\u2019ASSE, et je trouve la piste assez s\u00e9duisante. Nancy a eu de tr\u00e8s bons r\u00e9sultats avec Columbus, champion de MLS il y a deux ans, et je serais curieux de le voir d\u00e9barquer en Ligue 1. Mais selon moi, Thiago Motta serait le meilleur choix. Sur le papier, il n\u2019y a pas photo ! Philippe Cl\u00e9ment, l\u2019autre option \u00e9voqu\u00e9e, a quant \u00e0 lui d\u00e9j\u00e0 eu sa chance en France. Et on ne peut pas vraiment dire que son passage \u00e0 Monaco ait marqu\u00e9 les esprits.\u00a0\u00bb<\/p>\n<p><strong>Laurent HESS<\/strong><\/p>\n<p>\u00ab\u00a0Clement, un compromis\u00a0parfait en 3 \u00e9tapes \u00bb<\/p>\n<p>\u00ab\u00a0Je comprendrais le choix de la nouveaut\u00e9 en misant sur Nancy mais connaissant le Stade Rennais, on devrait miser sur une solution de compromis. Et Philippe Clement en serait le candidat id\u00e9al. Le technicien belge pr\u00f4ne un jeu offensif, en mouvement dans le camp adverse, avec pressing haut et r\u00e9cup\u00e9ration rapide. Cela plairait au monde ext\u00e9rieur, fatigu\u00e9 des bouillies de football propos\u00e9es par Habib Beye.\u00a0<\/p>\n<p>D\u00e9j\u00e0 pass\u00e9 par l\u2019AS Monaco, Clement conna\u00eet d\u00e9j\u00e0 la Ligue 1 et serait aussi le candidat du compromis en interne :\u00a0 remarqu\u00e9 pour ses qualit\u00e9s humaines, il sugg\u00e8re une gestion des effectifs lou\u00e9e par tous les clubs o\u00f9 il a offici\u00e9. C\u2019est avant tout un excellent people manager, avec\u00a0 du charisme, de l\u2019autorit\u00e9 naturelle mais aussi un int\u00e9r\u00eat pouss\u00e9 pour ses joueurs, y compris dans leur vie priv\u00e9e. Pour finir, sa capacit\u00e9 \u00e0 faire progresser la jeune g\u00e9n\u00e9ration a \u00e9t\u00e9 particuli\u00e8rement appr\u00e9ci\u00e9e dans le pass\u00e9, notamment \u00e0 Bruges pour Noa Lang ; et Charles De Ketelaere ou Joakim M\u00e6hle et Leandro Trossard \u00e0 Genk.\u00a0Or, la jeunesse dor\u00e9e rennaise n\u2019attend qu\u2019\u00e0 exploser.\u00a0\u00bb<\/p>\n<p><strong>Rapha\u00ebl NOUET<\/strong><\/p>\n","protected":false},"excerpt":{"rendered":"Thiago Motta, Wilfried Nancy et Philippe Cl\u00e9ment sont les deux noms qui circulent pour remplacer Habib Beye sur&hellip;\n","protected":false},"author":2,"featured_media":480790,"comment_status":"","ping_status":"","sticky":false,"template":"","format":"standard","meta":{"footnotes":""},"categories":[9635],"tags":[1111,11,448,1777,674,63,1011,27,775,66,3388,1702,12,25,10662],"class_list":{"0":"post-480789","1":"post","2":"type-post","3":"status-publish","4":"format-standard","5":"has-post-thumbnail","7":"category-nancy","8":"tag-actu","9":"tag-actualites","10":"tag-champions-league","11":"tag-eu","12":"tag-europe","13":"tag-football","14":"tag-fr","15":"tag-france","16":"tag-grand-est","17":"tag-ligue-1","18":"tag-matchs","19":"tag-nancy","20":"tag-news","21":"tag-republique-francaise","22":"tag-transferts"},"share_on_mastodon":{"url":"https:\/\/pubeurope.com\/@fr\/115415065810445358","error":""},"_links":{"self":[{"href":"https:\/\/www.europesays.com\/fr\/wp-json\/wp\/v2\/posts\/480789","targetHints":{"allow":["GET"]}}],"collection":[{"href":"https:\/\/www.europesays.com\/fr\/wp-json\/wp\/v2\/posts"}],"about":[{"href":"https:\/\/www.europesays.com\/fr\/wp-json\/wp\/v2\/types\/post"}],"author":[{"embeddable":true,"href":"https:\/\/www.europesays.com\/fr\/wp-json\/wp\/v2\/users\/2"}],"replies":[{"embeddable":true,"href":"https:\/\/www.europesays.com\/fr\/wp-json\/wp\/v2\/comments?post=480789"}],"version-history":[{"count":0,"href":"https:\/\/www.europesays.com\/fr\/wp-json\/wp\/v2\/posts\/480789\/revisions"}],"wp:featuredmedia":[{"embeddable":true,"href":"https:\/\/www.europesays.com\/fr\/wp-json\/wp\/v2\/media\/480790"}],"wp:attachment":[{"href":"https:\/\/www.europesays.com\/fr\/wp-json\/wp\/v2\/media?parent=480789"}],"wp:term":[{"taxonomy":"category","embeddable":true,"href":"https:\/\/www.europesays.com\/fr\/wp-json\/wp\/v2\/categories?post=480789"},{"taxonomy":"post_tag","embeddable":true,"href":"https:\/\/www.europesays.com\/fr\/wp-json\/wp\/v2\/tags?post=480789"}],"curies":[{"name":"wp","href":"https:\/\/api.w.org\/{rel}","templated":true}]}}