{"id":480796,"date":"2025-10-22T00:52:13","date_gmt":"2025-10-22T00:52:13","guid":{"rendered":"https:\/\/www.europesays.com\/fr\/480796\/"},"modified":"2025-10-22T00:52:13","modified_gmt":"2025-10-22T00:52:13","slug":"previsions-du-mercredi-22-octobre-2025-11","status":"publish","type":"post","link":"https:\/\/www.europesays.com\/fr\/480796\/","title":{"rendered":"pr\u00e9visions du mercredi 22 octobre 2025"},"content":{"rendered":"<p class=\"mb-4 text-lg md:leading-8 break-words\"><strong>M\u00e9t\u00e9o &#8211; Petits et grands pourront appr\u00e9cier leur journ\u00e9e sous un ciel l\u00e9g\u00e8rement nuageux. Les temp\u00e9ratures seront de 18\u00b0C le matin et de 20\u00b0C l&rsquo;apr\u00e8s-midi&#8230;<\/strong><\/p>\n<p class=\"mb-4 text-lg md:leading-8 break-words\">\u00c0 Montpellier les temp\u00e9ratures s&rsquo;\u00e9chelonneront entre 16 et 20\u00b0C aujourd&rsquo;hui. Le temps va progressivement s&rsquo;am\u00e9liorer dans la matin\u00e9e et laisser place \u00e0 des \u00e9claircies. Les valeurs afficheront entre 16\u00b0C et 20\u00b0C. Un vent de sud-ouest rafra\u00eechira l\u00e9g\u00e8rement l&rsquo;atmosph\u00e8re. L&rsquo;apr\u00e8s-midi, des nuages \u00e9mailleront le ciel, g\u00eanant ainsi l&rsquo;apparition du soleil. Intemp\u00e9ries : on pr\u00e9voit des pluies \u00e9parses. Les temp\u00e9ratures seront comprises entre 19 et 20\u00b0C. Le ciel sera relativement lumineux, avec quelques \u00e9claircies le soir. Durant la nuit de mercredi \u00e0 jeudi, le ciel sera pluvieux.<\/p>\n<p class=\"mb-4 text-lg md:leading-8 break-words\">Une baisse des temp\u00e9ratures est attendue \u00e0 Montpellier, demain. On anticipe des valeurs d&rsquo;environ 15\u00b0C. Un vent de nord-ouest soufflera \u00e0 25 km\/h. Le soleil aura du mal \u00e0 percer au milieu des nuages qui subsisteront dans la matin\u00e9e. Demain apr\u00e8s-midi, les Montpelli\u00e9rains vont pouvoir profiter d&rsquo;un soleil magnifique. Les temp\u00e9ratures s&rsquo;\u00e9chelonneront entre 14 et 17\u00b0C. Un vent de nord-ouest soufflera \u00e0 40 km\/h. Des \u00e9claircies feront leur apparition dans la soir\u00e9e.<\/p>\n<p>Publicit\u00e9<\/p>\n<p>Publicit\u00e9<\/p>\n<p>Publicit\u00e9<\/p>\n<p>Publicit\u00e9<\/p>\n<p class=\"mb-4 text-lg md:leading-8 break-words\">Les conditions m\u00e9t\u00e9orologiques des jours suivants vont changer peu \u00e0 peu. M\u00eame si le beau temps se maintiendra quelque peu vendredi, il faut s&rsquo;attendre \u00e0 une d\u00e9gradation par la suite.<\/p>\n<p class=\"mb-4 text-lg md:leading-8 break-words\"><a href=\"https:\/\/www.20minutes.fr\/planete\/previsions-meteo\/4180795-20251022-meteo-montpellier-previsions-mercredi-22-octobre-2025?at_medium=RSS%20feed&amp;at_campaign=ynews&amp;utm_source=yahoo&amp;utm_medium=rss&amp;utm_campaign=news_feed&amp;utm_content=read_more_link&quot;\" rel=\"nofollow noopener\" target=\"_blank\" data-ylk=\"slk:Lire la suite sur 20minutes;elm:context_link;itc:0;sec:content-canvas\" class=\"link \">Lire la suite sur 20minutes<\/a><\/p>\n","protected":false},"excerpt":{"rendered":"M\u00e9t\u00e9o &#8211; Petits et grands pourront appr\u00e9cier leur journ\u00e9e sous un ciel l\u00e9g\u00e8rement nuageux. Les temp\u00e9ratures seront de&hellip;\n","protected":false},"author":2,"featured_media":480797,"comment_status":"","ping_status":"","sticky":false,"template":"","format":"standard","meta":{"footnotes":""},"categories":[9599],"tags":[1111,11,1777,674,1011,27,51394,2487,2208,12,2680,25],"class_list":{"0":"post-480796","1":"post","2":"type-post","3":"status-publish","4":"format-standard","5":"has-post-thumbnail","7":"category-montpellier","8":"tag-actu","9":"tag-actualites","10":"tag-eu","11":"tag-europe","12":"tag-fr","13":"tag-france","14":"tag-la-matinee","15":"tag-meteo","16":"tag-montpellier","17":"tag-news","18":"tag-occitanie","19":"tag-republique-francaise"},"share_on_mastodon":{"url":"https:\/\/pubeurope.com\/@fr\/115415085456287492","error":""},"_links":{"self":[{"href":"https:\/\/www.europesays.com\/fr\/wp-json\/wp\/v2\/posts\/480796","targetHints":{"allow":["GET"]}}],"collection":[{"href":"https:\/\/www.europesays.com\/fr\/wp-json\/wp\/v2\/posts"}],"about":[{"href":"https:\/\/www.europesays.com\/fr\/wp-json\/wp\/v2\/types\/post"}],"author":[{"embeddable":true,"href":"https:\/\/www.europesays.com\/fr\/wp-json\/wp\/v2\/users\/2"}],"replies":[{"embeddable":true,"href":"https:\/\/www.europesays.com\/fr\/wp-json\/wp\/v2\/comments?post=480796"}],"version-history":[{"count":0,"href":"https:\/\/www.europesays.com\/fr\/wp-json\/wp\/v2\/posts\/480796\/revisions"}],"wp:featuredmedia":[{"embeddable":true,"href":"https:\/\/www.europesays.com\/fr\/wp-json\/wp\/v2\/media\/480797"}],"wp:attachment":[{"href":"https:\/\/www.europesays.com\/fr\/wp-json\/wp\/v2\/media?parent=480796"}],"wp:term":[{"taxonomy":"category","embeddable":true,"href":"https:\/\/www.europesays.com\/fr\/wp-json\/wp\/v2\/categories?post=480796"},{"taxonomy":"post_tag","embeddable":true,"href":"https:\/\/www.europesays.com\/fr\/wp-json\/wp\/v2\/tags?post=480796"}],"curies":[{"name":"wp","href":"https:\/\/api.w.org\/{rel}","templated":true}]}}