{"id":480800,"date":"2025-10-22T00:54:20","date_gmt":"2025-10-22T00:54:20","guid":{"rendered":"https:\/\/www.europesays.com\/fr\/480800\/"},"modified":"2025-10-22T00:54:20","modified_gmt":"2025-10-22T00:54:20","slug":"17-000-personnes-pour-un-match-de-national-cest-incroyable","status":"publish","type":"post","link":"https:\/\/www.europesays.com\/fr\/480800\/","title":{"rendered":"17 000 personnes pour un match de National, c&rsquo;est incroyable"},"content":{"rendered":"<p>            Par<br \/>\n        <strong><br \/>\n            <a href=\"https:\/\/actu.fr\/auteur\/aline-chatel\" title=\"Consulter tous les articles de Aline Chatel\" target=\"_blank\" rel=\"noopener\">Aline Chatel<\/a><br \/>\n        <\/strong><\/p>\n<p>        Publi\u00e9 le<\/p>\n<p>            21 oct. 2025 \u00e0 22h35        <\/p>\n<p>Apr\u00e8s cinq victoires de suite en National, le FC Rouen a d\u00fb se contenter du nul \u00e0 Caen, ce mardi 21 octobre 2025 (<a href=\"https:\/\/actu.fr\/normandie\/caen_14118\/national-a-onze-contre-dix-en-deuxieme-mi-temps-caen-prend-un-point-face-a-rouen_63332969.html\" target=\"_blank\" rel=\"noopener\">1-1<\/a>). Mais compte tenu de la configuration du match, avec l\u2019expulsion d\u2019un Rouennais \u00e0 la 53\u1d49 minute, R\u00e9gis Brouard n\u2019est pas m\u00e9content du r\u00e9sultat.\u00a0<\/p>\n<p class=\" wall-content\"><b>R\u00e9gis Brouard, entra\u00eeneur du FC Rouen : <\/b>\u00ab\u00a0Je trouve qu\u2019on a fait une tr\u00e8s bonne demi-heure. C\u2019\u00e9tait tr\u00e8s coh\u00e9rent. On \u00e9tait tr\u00e8s bien organis\u00e9s dans notre plan de jeu. On a perdu un peu le fil sur le dernier quart d\u2019heure. On a recul\u00e9, chose qui n\u2019\u00e9tait pas du tout pr\u00e9vue. \u00c7a leur a permis de nous mettre sous pression. On prend un but sur quelque chose qui n\u2019est m\u00eame pas une action de but\u2026 \u00c7a leur a donn\u00e9 une nouvelle \u00e9nergie d\u2019\u00e9galiser avant la mi-temps. Ce but juste avant la mi-temps nous fait un peu mal.<\/p>\n<p class=\" wall-content\">En deuxi\u00e8me mi-temps, il y a ce fait de jeu avec le rouge de Mus\u2019 (Benzia, expuls\u00e9 \u00e0 la 53\u1d49 minute, ndlr). On sait qu\u2019on va souffrir. On est oblig\u00e9 de changer nos plans. Il y a eu beaucoup de solidarit\u00e9. On a bien d\u00e9fendu dans l\u2019ensemble parce qu\u2019ils n\u2019ont pas eu de vraies occasions. Pour nous, c\u2019est un bon point de pris. On connaissait l\u2019urgence de gagner pour le Stade Malherbe. Vu les circonstances du match, on va se satisfaire du nul. On a eu une grosse d\u00e9bauche d\u2019\u00e9nergie. Il faut savoir ne pas perdre.\u00a0<\/p>\n<p class=\" wall-content\">Le dernier club o\u00f9 il y avait autant de monde en National, c\u2019est \u00e0 Strasbourg. 17 000 personnes pour un match de National, c\u2019est incroyable. Il y avait une ambiance sympa. C\u2019\u00e9tait un plaisir, pour moi, de revenir dans ce stade. C\u2019est loin d\u2019\u00eatre \u00e9vident de jouer ici. Vous rencontrez une atmosph\u00e8re diff\u00e9rente. Devant autant de monde, ce ne sont pas toujours les m\u00eames r\u00e9flexes. Je pense que 60 ou 70 % des joueurs n\u2019ont pas v\u00e9cu de choses comme \u00e7a dans leur carri\u00e8re.\u00a0\u00bb<\/p>\n<p class=\" wall-content\">Personnalisez votre actualit\u00e9 en ajoutant vos villes et m\u00e9dias en favori avec <a href=\"https:\/\/moncompte.actu.fr\" title=\"D\u00e9couvez Mon Actu\" rel=\"nofollow noopener\" data-trk=\"{&quot;cta&quot;:{&quot;action&quot;:&quot;https:\\\/\\\/moncompte.actu.fr&quot;,&quot;category&quot;:&quot;mon compte&quot;,&quot;from&quot;:&quot;article footer&quot;,&quot;name&quot;:&quot;Mon actu&quot;,&quot;type&quot;:&quot;cta&quot;}}\" target=\"_blank\">Mon Actu<\/a>.<\/p>\n","protected":false},"excerpt":{"rendered":"Par Aline Chatel Publi\u00e9 le 21 oct. 2025 \u00e0 22h35 Apr\u00e8s cinq victoires de suite en National, le&hellip;\n","protected":false},"author":2,"featured_media":480801,"comment_status":"","ping_status":"","sticky":false,"template":"","format":"standard","meta":{"footnotes":""},"categories":[9587],"tags":[1111,11,1777,674,63,1011,27,12,5161,25,9590,15104,1745,60,266],"class_list":{"0":"post-480800","1":"post","2":"type-post","3":"status-publish","4":"format-standard","5":"has-post-thumbnail","7":"category-rouen","8":"tag-actu","9":"tag-actualites","10":"tag-eu","11":"tag-europe","12":"tag-football","13":"tag-fr","14":"tag-france","15":"tag-news","16":"tag-normandie","17":"tag-republique-francaise","18":"tag-rouen","19":"tag-sm-caen","20":"tag-sport-caen","21":"tag-sports","22":"tag-stade-malherbe-de-caen"},"share_on_mastodon":{"url":"https:\/\/pubeurope.com\/@fr\/115415093500753853","error":""},"_links":{"self":[{"href":"https:\/\/www.europesays.com\/fr\/wp-json\/wp\/v2\/posts\/480800","targetHints":{"allow":["GET"]}}],"collection":[{"href":"https:\/\/www.europesays.com\/fr\/wp-json\/wp\/v2\/posts"}],"about":[{"href":"https:\/\/www.europesays.com\/fr\/wp-json\/wp\/v2\/types\/post"}],"author":[{"embeddable":true,"href":"https:\/\/www.europesays.com\/fr\/wp-json\/wp\/v2\/users\/2"}],"replies":[{"embeddable":true,"href":"https:\/\/www.europesays.com\/fr\/wp-json\/wp\/v2\/comments?post=480800"}],"version-history":[{"count":0,"href":"https:\/\/www.europesays.com\/fr\/wp-json\/wp\/v2\/posts\/480800\/revisions"}],"wp:featuredmedia":[{"embeddable":true,"href":"https:\/\/www.europesays.com\/fr\/wp-json\/wp\/v2\/media\/480801"}],"wp:attachment":[{"href":"https:\/\/www.europesays.com\/fr\/wp-json\/wp\/v2\/media?parent=480800"}],"wp:term":[{"taxonomy":"category","embeddable":true,"href":"https:\/\/www.europesays.com\/fr\/wp-json\/wp\/v2\/categories?post=480800"},{"taxonomy":"post_tag","embeddable":true,"href":"https:\/\/www.europesays.com\/fr\/wp-json\/wp\/v2\/tags?post=480800"}],"curies":[{"name":"wp","href":"https:\/\/api.w.org\/{rel}","templated":true}]}}